{"id":79937,"date":"2018-03-09T23:25:50","date_gmt":"2018-03-09T23:25:50","guid":{"rendered":"https:\/\/www.deberes.net\/tesis\/sin-categoria\/velhos-en-cenarios-institucionales\/"},"modified":"2018-03-09T23:25:50","modified_gmt":"2018-03-09T23:25:50","slug":"velhos-en-cenarios-institucionales","status":"publish","type":"post","link":"https:\/\/www.deberes.net\/tesis\/extremadura\/velhos-en-cenarios-institucionales\/","title":{"rendered":"Velhos en cen\u00e1rios institucionales"},"content":{"rendered":"<h2>Tesis doctoral de <strong>  Bento Daniel Fernanda Mar\u00eda <\/strong><\/h2>\n<p>La presente investigaci\u00f3n se inicia con algunas reflexiones sobre los aspectos considerados fundamentales en el planteamiento de la problem\u00e1tica de la vejez. partiendo de una trayectoria demogr\u00e1fica se verifica que existen bajas tasas de natalidad y mortalidad y altas e envejecimiento. Desde ese punto de vista se observan determinadas transformaciones en nuestra sociedad. Cambia el concepto de vejez, cambia el papel de la familia y cambia el apoyo de los mayores y de la dependencia.      el objetivo de esta investigaci\u00f3n se centra en una prte emp\u00edrica englomerando diferentes variables, f\u00edsicas, sociales, psicol\u00f3gicas. El objetivo trato de alcanzar una perspectiva explicativa y comprensiva de las vivencia de los mayores en centros institucionales. Nuestra unidad de an\u00e1lisis fueron 14 \u00ab\u00bblares de idosos\u00bb\u00bb.     estructuramos la observaci\u00f3n a partir de cuatro t\u00f3picos: historia institucional; vida cotidiana, relaci\u00f3n e los mayores con sus lugares de origen; factores precipintantes de la institucionalizaci\u00f3n, motivos, y agentes intervinientes.     el trabajo fue mediante implicaci\u00f3n activa y convivencia diaria en los centros para alcanzar la m\u00e1xima fiabilidad en las repuestas.      los instrumentos de recogida de datos fueron el meap (multiphasic environmental assessment procedure, de moos e lemke (1966).     se alcanzan conclusiones muy significativas tanto en relaci\u00f3n a la dependencia, como la capacidad de los mayores. Se encuentran diferencia en la calidad de vida dependiendo de variables tan significativas como la \u00ab\u00bbhistoria institucional, los directores de los centros, la localizaci\u00f3n, etc.      igualmente existen evidencias sobre diferentes grados de vida cotidiana y sobre las causas de la institucionalizaci\u00f3n, etc.<\/p>\n<p>&nbsp;<\/p>\n<h3>Datos acad\u00e9micos de la tesis doctoral \u00ab<strong>Velhos en cen\u00e1rios institucionales<\/strong>\u00ab<\/h3>\n<ul>\n<li><strong>T\u00edtulo de la tesis:<\/strong>\u00a0 Velhos en cen\u00e1rios institucionales <\/li>\n<li><strong>Autor:<\/strong>\u00a0  Bento Daniel Fernanda Mar\u00eda <\/li>\n<li><strong>Universidad:<\/strong>\u00a0 Extremadura<\/li>\n<li><strong>Fecha de lectura de la tesis:<\/strong>\u00a0 16\/05\/2006<\/li>\n<\/ul>\n<p>&nbsp;<\/p>\n<h3>Direcci\u00f3n y tribunal<\/h3>\n<ul>\n<li><strong>Director de la tesis<\/strong>\n<ul>\n<li>Florencio Vicente Castro<\/li>\n<\/ul>\n<\/li>\n<li><strong>Tribunal<\/strong>\n<ul>\n<li>Presidente del tribunal: eliseo alfonso Barca lozano <\/li>\n<li> Corraaliza rodriguez Jos\u00e9 Antonio (vocal)<\/li>\n<li>fulvio Giardina (vocal)<\/li>\n<li>nazario Yuste rossell (vocal)<\/li>\n<\/ul>\n<\/li>\n<\/ul>\n<p>&nbsp;<\/p>\n","protected":false},"excerpt":{"rendered":"<p>Tesis doctoral de Bento Daniel Fernanda Mar\u00eda La presente investigaci\u00f3n se inicia con algunas reflexiones sobre los aspectos considerados fundamentales [&hellip;]<\/p>\n","protected":false},"author":1,"featured_media":0,"comment_status":"open","ping_status":"open","sticky":false,"template":"","format":"standard","meta":{"site-sidebar-layout":"default","site-content-layout":"","ast-site-content-layout":"","site-content-style":"default","site-sidebar-style":"default","ast-global-header-display":"","ast-banner-title-visibility":"","ast-main-header-display":"","ast-hfb-above-header-display":"","ast-hfb-below-header-display":"","ast-hfb-mobile-header-display":"","site-post-title":"","ast-breadcrumbs-content":"","ast-featured-img":"","footer-sml-layout":"","theme-transparent-header-meta":"","adv-header-id-meta":"","stick-header-meta":"","header-above-stick-meta":"","header-main-stick-meta":"","header-below-stick-meta":"","astra-migrate-meta-layouts":"default","ast-page-background-enabled":"default","ast-page-background-meta":{"desktop":{"background-color":"var(--ast-global-color-4)","background-image":"","background-repeat":"repeat","background-position":"center center","background-size":"auto","background-attachment":"scroll","background-type":"","background-media":"","overlay-type":"","overlay-color":"","overlay-gradient":""},"tablet":{"background-color":"","background-image":"","background-repeat":"repeat","background-position":"center center","background-size":"auto","background-attachment":"scroll","background-type":"","background-media":"","overlay-type":"","overlay-color":"","overlay-gradient":""},"mobile":{"background-color":"","background-image":"","background-repeat":"repeat","background-position":"center center","background-size":"auto","background-attachment":"scroll","background-type":"","background-media":"","overlay-type":"","overlay-color":"","overlay-gradient":""}},"ast-content-background-meta":{"desktop":{"background-color":"var(--ast-global-color-5)","background-image":"","background-repeat":"repeat","background-position":"center center","background-size":"auto","background-attachment":"scroll","background-type":"","background-media":"","overlay-type":"","overlay-color":"","overlay-gradient":""},"tablet":{"background-color":"var(--ast-global-color-5)","background-image":"","background-repeat":"repeat","background-position":"center center","background-size":"auto","background-attachment":"scroll","background-type":"","background-media":"","overlay-type":"","overlay-color":"","overlay-gradient":""},"mobile":{"background-color":"var(--ast-global-color-5)","background-image":"","background-repeat":"repeat","background-position":"center center","background-size":"auto","background-attachment":"scroll","background-type":"","background-media":"","overlay-type":"","overlay-color":"","overlay-gradient":""}},"footnotes":""},"categories":[949,11382,5773],"tags":[171427,171428,21321,7144,142498,46233],"class_list":["post-79937","post","type-post","status-publish","format-standard","hentry","category-extremadura","category-madurez","category-senectud","tag-bento-daniel-fernanda-maria","tag-corraaliza-rodriguez-jose-antonio","tag-eliseo-alfonso-barca-lozano","tag-florencio-vicente-castro","tag-fulvio-giardina","tag-nazario-yuste-rossell"],"_links":{"self":[{"href":"https:\/\/www.deberes.net\/tesis\/wp-json\/wp\/v2\/posts\/79937","targetHints":{"allow":["GET"]}}],"collection":[{"href":"https:\/\/www.deberes.net\/tesis\/wp-json\/wp\/v2\/posts"}],"about":[{"href":"https:\/\/www.deberes.net\/tesis\/wp-json\/wp\/v2\/types\/post"}],"author":[{"embeddable":true,"href":"https:\/\/www.deberes.net\/tesis\/wp-json\/wp\/v2\/users\/1"}],"replies":[{"embeddable":true,"href":"https:\/\/www.deberes.net\/tesis\/wp-json\/wp\/v2\/comments?post=79937"}],"version-history":[{"count":0,"href":"https:\/\/www.deberes.net\/tesis\/wp-json\/wp\/v2\/posts\/79937\/revisions"}],"wp:attachment":[{"href":"https:\/\/www.deberes.net\/tesis\/wp-json\/wp\/v2\/media?parent=79937"}],"wp:term":[{"taxonomy":"category","embeddable":true,"href":"https:\/\/www.deberes.net\/tesis\/wp-json\/wp\/v2\/categories?post=79937"},{"taxonomy":"post_tag","embeddable":true,"href":"https:\/\/www.deberes.net\/tesis\/wp-json\/wp\/v2\/tags?post=79937"}],"curies":[{"name":"wp","href":"https:\/\/api.w.org\/{rel}","templated":true}]}}