{"id":80062,"date":"2018-03-09T23:25:58","date_gmt":"2018-03-09T23:25:58","guid":{"rendered":"https:\/\/www.deberes.net\/tesis\/sin-categoria\/propuesta-de-sistema-de-indicadores-de-integracion-curricular-de-las-tic-en-los-centros-educativos\/"},"modified":"2018-03-09T23:25:58","modified_gmt":"2018-03-09T23:25:58","slug":"propuesta-de-sistema-de-indicadores-de-integracion-curricular-de-las-tic-en-los-centros-educativos","status":"publish","type":"post","link":"https:\/\/www.deberes.net\/tesis\/barcelona\/propuesta-de-sistema-de-indicadores-de-integracion-curricular-de-las-tic-en-los-centros-educativos\/","title":{"rendered":"Propuesta de sistema de indicadores de integraci\u00f3n curricular de las tic en los centros educativos"},"content":{"rendered":"<h2>Tesis doctoral de <strong> Meritxell Balcells Sanahuja <\/strong><\/h2>\n<p>La constataci\u00f3n del decalaje entre la evoluci\u00f3n educativa y la evoluci\u00f3n tecnol\u00f3gica fue el punto de partida para la elaboraci\u00f3n de una herramienta (hasta el momento inexistente) que permitir\u00e1 evaluar de una manera objetiva cu\u00e1l era la situaci\u00f3n real de un centro determinado en cuanto a integraci\u00f3n curricular de las tecnolog\u00edas de la informaci\u00f3n y la comunicaci\u00f3n (tic) en funci\u00f3n de cuatro \u00e1mbitos de incidencia:  infraestructura, formaci\u00f3n del profesorado, organizaci\u00f3n y uso: contextualizando el estudio en el marco de la sociedad de la informaci\u00f3n y analizando las actuaciones realizadas por la administraci\u00f3n p\u00fablica catalana.     una vez definidos los conceptos de \u00abindicador\u00bb e \u00abintegraci\u00f3n curricular\u00bb en el contexto de nuestro estudio, la propuesta final es el resultado de la revisi\u00f3n de diferentes versiones de un sistema de indicadores, realizada por parte de varios expertos en el tema y de su aplicaci\u00f3n en un centro educativo concreto para asegurar su utilidad y viabilidad.<\/p>\n<p>&nbsp;<\/p>\n<h3>Datos acad\u00e9micos de la tesis doctoral \u00ab<strong>Propuesta de sistema de indicadores de integraci\u00f3n curricular de las tic en los centros educativos<\/strong>\u00ab<\/h3>\n<ul>\n<li><strong>T\u00edtulo de la tesis:<\/strong>\u00a0 Propuesta de sistema de indicadores de integraci\u00f3n curricular de las tic en los centros educativos <\/li>\n<li><strong>Autor:<\/strong>\u00a0 Meritxell Balcells Sanahuja <\/li>\n<li><strong>Universidad:<\/strong>\u00a0 Barcelona<\/li>\n<li><strong>Fecha de lectura de la tesis:<\/strong>\u00a0 24\/05\/2006<\/li>\n<\/ul>\n<p>&nbsp;<\/p>\n<h3>Direcci\u00f3n y tribunal<\/h3>\n<ul>\n<li><strong>Director de la tesis<\/strong>\n<ul>\n<li>Jordi Quintana Albalat<\/li>\n<\/ul>\n<\/li>\n<li><strong>Tribunal<\/strong>\n<ul>\n<li>Presidente del tribunal:  Rodr\u00edguez illera Jos\u00e9 Luis <\/li>\n<li> Prats fern\u00e1ndez Miguel \u00e1ngel (vocal)<\/li>\n<li>mariio Barajas frutos (vocal)<\/li>\n<li>pere Marqu\u00e9s graells (vocal)<\/li>\n<\/ul>\n<\/li>\n<\/ul>\n<p>&nbsp;<\/p>\n","protected":false},"excerpt":{"rendered":"<p>Tesis doctoral de Meritxell Balcells Sanahuja La constataci\u00f3n del decalaje entre la evoluci\u00f3n educativa y la evoluci\u00f3n tecnol\u00f3gica fue el [&hellip;]<\/p>\n","protected":false},"author":1,"featured_media":0,"comment_status":"open","ping_status":"open","sticky":false,"template":"","format":"standard","meta":{"site-sidebar-layout":"default","site-content-layout":"","ast-site-content-layout":"","site-content-style":"default","site-sidebar-style":"default","ast-global-header-display":"","ast-banner-title-visibility":"","ast-main-header-display":"","ast-hfb-above-header-display":"","ast-hfb-below-header-display":"","ast-hfb-mobile-header-display":"","site-post-title":"","ast-breadcrumbs-content":"","ast-featured-img":"","footer-sml-layout":"","theme-transparent-header-meta":"","adv-header-id-meta":"","stick-header-meta":"","header-above-stick-meta":"","header-main-stick-meta":"","header-below-stick-meta":"","astra-migrate-meta-layouts":"default","ast-page-background-enabled":"default","ast-page-background-meta":{"desktop":{"background-color":"var(--ast-global-color-4)","background-image":"","background-repeat":"repeat","background-position":"center center","background-size":"auto","background-attachment":"scroll","background-type":"","background-media":"","overlay-type":"","overlay-color":"","overlay-gradient":""},"tablet":{"background-color":"","background-image":"","background-repeat":"repeat","background-position":"center center","background-size":"auto","background-attachment":"scroll","background-type":"","background-media":"","overlay-type":"","overlay-color":"","overlay-gradient":""},"mobile":{"background-color":"","background-image":"","background-repeat":"repeat","background-position":"center center","background-size":"auto","background-attachment":"scroll","background-type":"","background-media":"","overlay-type":"","overlay-color":"","overlay-gradient":""}},"ast-content-background-meta":{"desktop":{"background-color":"var(--ast-global-color-5)","background-image":"","background-repeat":"repeat","background-position":"center center","background-size":"auto","background-attachment":"scroll","background-type":"","background-media":"","overlay-type":"","overlay-color":"","overlay-gradient":""},"tablet":{"background-color":"var(--ast-global-color-5)","background-image":"","background-repeat":"repeat","background-position":"center center","background-size":"auto","background-attachment":"scroll","background-type":"","background-media":"","overlay-type":"","overlay-color":"","overlay-gradient":""},"mobile":{"background-color":"var(--ast-global-color-5)","background-image":"","background-repeat":"repeat","background-position":"center center","background-size":"auto","background-attachment":"scroll","background-type":"","background-media":"","overlay-type":"","overlay-color":"","overlay-gradient":""}},"footnotes":""},"categories":[951,1340],"tags":[72031,171652,171651,64228,130628,33783],"class_list":["post-80062","post","type-post","status-publish","format-standard","hentry","category-barcelona","category-planes-de-estudios","tag-jordi-quintana-albalat","tag-mariio-barajas-frutos","tag-meritxell-balcells-sanahuja","tag-pere-marques-graells","tag-prats-fernandez-miguel-angel","tag-rodriguez-illera-jose-luis"],"_links":{"self":[{"href":"https:\/\/www.deberes.net\/tesis\/wp-json\/wp\/v2\/posts\/80062","targetHints":{"allow":["GET"]}}],"collection":[{"href":"https:\/\/www.deberes.net\/tesis\/wp-json\/wp\/v2\/posts"}],"about":[{"href":"https:\/\/www.deberes.net\/tesis\/wp-json\/wp\/v2\/types\/post"}],"author":[{"embeddable":true,"href":"https:\/\/www.deberes.net\/tesis\/wp-json\/wp\/v2\/users\/1"}],"replies":[{"embeddable":true,"href":"https:\/\/www.deberes.net\/tesis\/wp-json\/wp\/v2\/comments?post=80062"}],"version-history":[{"count":0,"href":"https:\/\/www.deberes.net\/tesis\/wp-json\/wp\/v2\/posts\/80062\/revisions"}],"wp:attachment":[{"href":"https:\/\/www.deberes.net\/tesis\/wp-json\/wp\/v2\/media?parent=80062"}],"wp:term":[{"taxonomy":"category","embeddable":true,"href":"https:\/\/www.deberes.net\/tesis\/wp-json\/wp\/v2\/categories?post=80062"},{"taxonomy":"post_tag","embeddable":true,"href":"https:\/\/www.deberes.net\/tesis\/wp-json\/wp\/v2\/tags?post=80062"}],"curies":[{"name":"wp","href":"https:\/\/api.w.org\/{rel}","templated":true}]}}