{"id":80109,"date":"2018-03-09T23:26:02","date_gmt":"2018-03-09T23:26:02","guid":{"rendered":"https:\/\/www.deberes.net\/tesis\/sin-categoria\/sempere-y-guarinos-las-indecisiones-del-liberalismo-espanol\/"},"modified":"2018-03-09T23:26:02","modified_gmt":"2018-03-09T23:26:02","slug":"sempere-y-guarinos-las-indecisiones-del-liberalismo-espanol","status":"publish","type":"post","link":"https:\/\/www.deberes.net\/tesis\/filosofia\/sempere-y-guarinos-las-indecisiones-del-liberalismo-espanol\/","title":{"rendered":"Sempere y guarinos. las indecisiones del liberalismo espa\u00f1ol"},"content":{"rendered":"<h2>Tesis doctoral de <strong> Rafael Herrera Guill\u00e9n <\/strong><\/h2>\n<p>Biograf\u00eda intelectual de juan sempere y guarinos en la que se estudian todas las etapas de la producci\u00f3n del jurista de elda, desde su etapa ilustrada hasta la liberal. A pesar de las indecisiones y autocensuras del autor, rafael herrera muestra que hay un fondo permanente en el pensamiento de sempere muy potente, sobre todo en su cr\u00edtica, y, en especial, en su denuncia del mito historicista, lo cual contrasta con su defensa del realismo y constitucionalismo modernos. La tesis b\u00e1sica de esta investigaci\u00f3n es que sempere fue un pensador antihistoricista que siempre luch\u00f3 por la legitimidad del presente para tomar sus propias decisiones pol\u00edticas.<\/p>\n<p>&nbsp;<\/p>\n<h3>Datos acad\u00e9micos de la tesis doctoral \u00ab<strong>Sempere y guarinos. las indecisiones del liberalismo espa\u00f1ol<\/strong>\u00ab<\/h3>\n<ul>\n<li><strong>T\u00edtulo de la tesis:<\/strong>\u00a0 Sempere y guarinos. las indecisiones del liberalismo espa\u00f1ol <\/li>\n<li><strong>Autor:<\/strong>\u00a0 Rafael Herrera Guill\u00e9n <\/li>\n<li><strong>Universidad:<\/strong>\u00a0 Murcia<\/li>\n<li><strong>Fecha de lectura de la tesis:<\/strong>\u00a0 26\/05\/2006<\/li>\n<\/ul>\n<p>&nbsp;<\/p>\n<h3>Direcci\u00f3n y tribunal<\/h3>\n<ul>\n<li><strong>Director de la tesis<\/strong>\n<ul>\n<li>Jos\u00e9 Luis Villaca\u00f1as Berlanga<\/li>\n<\/ul>\n<\/li>\n<li><strong>Tribunal<\/strong>\n<ul>\n<li>Presidente del tribunal: eduardo Bello reguera <\/li>\n<li>carmen Gonzalez Martinez (vocal)<\/li>\n<li>Javier Fern\u00e1ndez sebasti\u00e1n (vocal)<\/li>\n<li>simonetta Scandellari (vocal)<\/li>\n<\/ul>\n<\/li>\n<\/ul>\n<p>&nbsp;<\/p>\n","protected":false},"excerpt":{"rendered":"<p>Tesis doctoral de Rafael Herrera Guill\u00e9n Biograf\u00eda intelectual de juan sempere y guarinos en la que se estudian todas las [&hellip;]<\/p>\n","protected":false},"author":1,"featured_media":0,"comment_status":"open","ping_status":"open","sticky":false,"template":"","format":"standard","meta":{"site-sidebar-layout":"default","site-content-layout":"","ast-site-content-layout":"","site-content-style":"default","site-sidebar-style":"default","ast-global-header-display":"","ast-banner-title-visibility":"","ast-main-header-display":"","ast-hfb-above-header-display":"","ast-hfb-below-header-display":"","ast-hfb-mobile-header-display":"","site-post-title":"","ast-breadcrumbs-content":"","ast-featured-img":"","footer-sml-layout":"","theme-transparent-header-meta":"","adv-header-id-meta":"","stick-header-meta":"","header-above-stick-meta":"","header-main-stick-meta":"","header-below-stick-meta":"","astra-migrate-meta-layouts":"default","ast-page-background-enabled":"default","ast-page-background-meta":{"desktop":{"background-color":"var(--ast-global-color-4)","background-image":"","background-repeat":"repeat","background-position":"center center","background-size":"auto","background-attachment":"scroll","background-type":"","background-media":"","overlay-type":"","overlay-color":"","overlay-gradient":""},"tablet":{"background-color":"","background-image":"","background-repeat":"repeat","background-position":"center center","background-size":"auto","background-attachment":"scroll","background-type":"","background-media":"","overlay-type":"","overlay-color":"","overlay-gradient":""},"mobile":{"background-color":"","background-image":"","background-repeat":"repeat","background-position":"center center","background-size":"auto","background-attachment":"scroll","background-type":"","background-media":"","overlay-type":"","overlay-color":"","overlay-gradient":""}},"ast-content-background-meta":{"desktop":{"background-color":"var(--ast-global-color-5)","background-image":"","background-repeat":"repeat","background-position":"center center","background-size":"auto","background-attachment":"scroll","background-type":"","background-media":"","overlay-type":"","overlay-color":"","overlay-gradient":""},"tablet":{"background-color":"var(--ast-global-color-5)","background-image":"","background-repeat":"repeat","background-position":"center center","background-size":"auto","background-attachment":"scroll","background-type":"","background-media":"","overlay-type":"","overlay-color":"","overlay-gradient":""},"mobile":{"background-color":"var(--ast-global-color-5)","background-image":"","background-repeat":"repeat","background-position":"center center","background-size":"auto","background-attachment":"scroll","background-type":"","background-media":"","overlay-type":"","overlay-color":"","overlay-gradient":""}},"footnotes":""},"categories":[1832,165,8235],"tags":[8495,8537,59674,12149,171732,171733],"class_list":["post-80109","post","type-post","status-publish","format-standard","hentry","category-doctrinas-filosoficas","category-filosofia","category-murcia","tag-carmen-gonzalez-Martinez","tag-eduardo-bello-reguera","tag-javier-fernandez-sebastian","tag-jose-luis-villacanas-berlanga","tag-rafael-herrera-guillen","tag-simonetta-scandellari"],"_links":{"self":[{"href":"https:\/\/www.deberes.net\/tesis\/wp-json\/wp\/v2\/posts\/80109","targetHints":{"allow":["GET"]}}],"collection":[{"href":"https:\/\/www.deberes.net\/tesis\/wp-json\/wp\/v2\/posts"}],"about":[{"href":"https:\/\/www.deberes.net\/tesis\/wp-json\/wp\/v2\/types\/post"}],"author":[{"embeddable":true,"href":"https:\/\/www.deberes.net\/tesis\/wp-json\/wp\/v2\/users\/1"}],"replies":[{"embeddable":true,"href":"https:\/\/www.deberes.net\/tesis\/wp-json\/wp\/v2\/comments?post=80109"}],"version-history":[{"count":0,"href":"https:\/\/www.deberes.net\/tesis\/wp-json\/wp\/v2\/posts\/80109\/revisions"}],"wp:attachment":[{"href":"https:\/\/www.deberes.net\/tesis\/wp-json\/wp\/v2\/media?parent=80109"}],"wp:term":[{"taxonomy":"category","embeddable":true,"href":"https:\/\/www.deberes.net\/tesis\/wp-json\/wp\/v2\/categories?post=80109"},{"taxonomy":"post_tag","embeddable":true,"href":"https:\/\/www.deberes.net\/tesis\/wp-json\/wp\/v2\/tags?post=80109"}],"curies":[{"name":"wp","href":"https:\/\/api.w.org\/{rel}","templated":true}]}}