{"id":80130,"date":"2018-03-10T00:03:50","date_gmt":"2018-03-10T00:03:50","guid":{"rendered":"https:\/\/www.deberes.net\/tesis\/sin-categoria\/analisis-de-la-calidad-de-vida-de-pacientes-cirroticos-de-diferente-etiologa%c2%ada-tras-toh\/"},"modified":"2018-03-10T00:03:50","modified_gmt":"2018-03-10T00:03:50","slug":"analisis-de-la-calidad-de-vida-de-pacientes-cirroticos-de-diferente-etiologa%c2%ada-tras-toh","status":"publish","type":"post","link":"https:\/\/www.deberes.net\/tesis\/ciencias-medicas\/analisis-de-la-calidad-de-vida-de-pacientes-cirroticos-de-diferente-etiologa%c2%ada-tras-toh\/","title":{"rendered":"An\u00e1lisis de la calidad de vida de pacientes cirr\u00f3ticos de diferente etiolog\u00eda tras toh"},"content":{"rendered":"<h2>Tesis doctoral de <strong> Desiderio Mejias Verdu <\/strong><\/h2>\n<p>Los avances realizados durante la \u00faltima d\u00e9cada en inmunosupresi\u00f3n, t\u00e9cnica quir\u00fargica y anest\u00e9sica, preservaci\u00f3n de \u00f3rganos, mejor conocimiento de las enfermedades hep\u00e1ticas y menor manejo post-operatorio de los pacientes sometidos a trasplante hep\u00e1tico, son factores que han contribuido a que la supervivencia de \u00e9stos enfermos se situe en el 80% al a\u00f1o, y en 65% a los cinco a\u00f1os.  actualmente, uno de los mayores puntos de inter\u00e9s sobre el trasplante se centra en conocer si este complejo tratamiento conduce a una vida de mejor calidad; por ello nos planteamos las siguientes hip\u00f3tesis de trabajo: \u00c2\u00bfel trasplante de higado mejora la calidad de vida en enfermos con hepatopat\u00edas?, \u00c2\u00bfel trasplante hep\u00e1tico permite la reinsecci\u00f3n social y profesional con cirr\u00f3sis hep\u00e1ticas?, \u00c2\u00bfEl trasplante hep\u00e1tico permite la reinsecci\u00f3n social y profesional de los cirr\u00f3ticos alcoh\u00f3licos en igual grado que en los cirr\u00f3ticos de otras etiolog\u00edas?.  nos planteamos los siguientes objetivos:  1,- la valoraci\u00f3n global de la calidad de vida.  2,- comparaci\u00f3n entre cirr\u00f3ticos alcoh\u00f3licos no no alcoh\u00f3licos.  3,- an\u00e1lisis de la recidiva del alcoholismo en los cirr\u00f3ticos alcoholicos.  4,- situaci\u00f3n emocional de los cirr\u00f3ticos alcoh\u00f3licos pre y post-trasplante.  el concepto o el t\u00e9rmino calidad de vida ha adquirido un protagonismo ascedente en todas las especialidades m\u00e9dicas. Se ha convertido en un verdadero laberinto, la mayor parte de los autores coinciden en se\u00f1alar la dualidad subjetiva-objetiva del concepto.  pacientes y m\u00e9todos  se han incluido en el estudio 55 pacientes; la media de edad fue de 47 + -10,5 a\u00f1os,con un rango de 7 a 67 a\u00f1os. El seguimiento medio tras el trasplante hep\u00e1tico fue de 25,3 meses, m\u00ednimo de 6 meses, m\u00e1ximo de 5 a\u00f1os. El sexo fue de 41 varones y 14 mujeres. El diagn\u00f3stico por etiolog\u00edas, de los 55 pacientes, fue por cirrosis hep\u00e1tica alcoh\u00f3lica 26, por cirr\u00f3sis no alcoh\u00f3lica 17 y<\/p>\n<p>&nbsp;<\/p>\n<h3>Datos acad\u00e9micos de la tesis doctoral \u00ab<strong>An\u00e1lisis de la calidad de vida de pacientes cirr\u00f3ticos de diferente etiolog\u00eda tras toh<\/strong>\u00ab<\/h3>\n<ul>\n<li><strong>T\u00edtulo de la tesis:<\/strong>\u00a0 An\u00e1lisis de la calidad de vida de pacientes cirr\u00f3ticos de diferente etiolog\u00eda tras toh <\/li>\n<li><strong>Autor:<\/strong>\u00a0 Desiderio Mejias Verdu <\/li>\n<li><strong>Universidad:<\/strong>\u00a0 Murcia<\/li>\n<li><strong>Fecha de lectura de la tesis:<\/strong>\u00a0 28\/05\/1999<\/li>\n<\/ul>\n<p>&nbsp;<\/p>\n<h3>Direcci\u00f3n y tribunal<\/h3>\n<ul>\n<li><strong>Director de la tesis<\/strong>\n<ul>\n<li>Demetrio Barcia Salorio<\/li>\n<\/ul>\n<\/li>\n<li><strong>Tribunal<\/strong>\n<ul>\n<li>Presidente del tribunal: Manuel (secretario) Miras lopez <\/li>\n<li>Jos\u00e9 Luis Balibrea  cantero (vocal)<\/li>\n<li>pedro Pozo navarro (vocal)<\/li>\n<li>  (vocal)<\/li>\n<\/ul>\n<\/li>\n<\/ul>\n<p>&nbsp;<\/p>\n","protected":false},"excerpt":{"rendered":"<p>Tesis doctoral de Desiderio Mejias Verdu Los avances realizados durante la \u00faltima d\u00e9cada en inmunosupresi\u00f3n, t\u00e9cnica quir\u00fargica y anest\u00e9sica, preservaci\u00f3n [&hellip;]<\/p>\n","protected":false},"author":1,"featured_media":0,"comment_status":"open","ping_status":"open","sticky":false,"template":"","format":"standard","meta":{"site-sidebar-layout":"default","site-content-layout":"","ast-site-content-layout":"","site-content-style":"default","site-sidebar-style":"default","ast-global-header-display":"","ast-banner-title-visibility":"","ast-main-header-display":"","ast-hfb-above-header-display":"","ast-hfb-below-header-display":"","ast-hfb-mobile-header-display":"","site-post-title":"","ast-breadcrumbs-content":"","ast-featured-img":"","footer-sml-layout":"","theme-transparent-header-meta":"","adv-header-id-meta":"","stick-header-meta":"","header-above-stick-meta":"","header-main-stick-meta":"","header-below-stick-meta":"","astra-migrate-meta-layouts":"default","ast-page-background-enabled":"default","ast-page-background-meta":{"desktop":{"background-color":"var(--ast-global-color-4)","background-image":"","background-repeat":"repeat","background-position":"center center","background-size":"auto","background-attachment":"scroll","background-type":"","background-media":"","overlay-type":"","overlay-color":"","overlay-gradient":""},"tablet":{"background-color":"","background-image":"","background-repeat":"repeat","background-position":"center center","background-size":"auto","background-attachment":"scroll","background-type":"","background-media":"","overlay-type":"","overlay-color":"","overlay-gradient":""},"mobile":{"background-color":"","background-image":"","background-repeat":"repeat","background-position":"center center","background-size":"auto","background-attachment":"scroll","background-type":"","background-media":"","overlay-type":"","overlay-color":"","overlay-gradient":""}},"ast-content-background-meta":{"desktop":{"background-color":"var(--ast-global-color-5)","background-image":"","background-repeat":"repeat","background-position":"center center","background-size":"auto","background-attachment":"scroll","background-type":"","background-media":"","overlay-type":"","overlay-color":"","overlay-gradient":""},"tablet":{"background-color":"var(--ast-global-color-5)","background-image":"","background-repeat":"repeat","background-position":"center center","background-size":"auto","background-attachment":"scroll","background-type":"","background-media":"","overlay-type":"","overlay-color":"","overlay-gradient":""},"mobile":{"background-color":"var(--ast-global-color-5)","background-image":"","background-repeat":"repeat","background-position":"center center","background-size":"auto","background-attachment":"scroll","background-type":"","background-media":"","overlay-type":"","overlay-color":"","overlay-gradient":""}},"footnotes":""},"categories":[9,491,139,8235,967],"tags":[463,171781,4963,171782,27488],"class_list":["post-80130","post","type-post","status-publish","format-standard","hentry","category-ciencias-medicas","category-gastroenterologia","category-medicina-interna","category-murcia","category-salud-publica","tag-demetrio-barcia-salorio","tag-desiderio-mejias-verdu","tag-jose-luis-balibrea-cantero","tag-manuel-secretario-miras-lopez","tag-pedro-pozo-navarro"],"_links":{"self":[{"href":"https:\/\/www.deberes.net\/tesis\/wp-json\/wp\/v2\/posts\/80130","targetHints":{"allow":["GET"]}}],"collection":[{"href":"https:\/\/www.deberes.net\/tesis\/wp-json\/wp\/v2\/posts"}],"about":[{"href":"https:\/\/www.deberes.net\/tesis\/wp-json\/wp\/v2\/types\/post"}],"author":[{"embeddable":true,"href":"https:\/\/www.deberes.net\/tesis\/wp-json\/wp\/v2\/users\/1"}],"replies":[{"embeddable":true,"href":"https:\/\/www.deberes.net\/tesis\/wp-json\/wp\/v2\/comments?post=80130"}],"version-history":[{"count":0,"href":"https:\/\/www.deberes.net\/tesis\/wp-json\/wp\/v2\/posts\/80130\/revisions"}],"wp:attachment":[{"href":"https:\/\/www.deberes.net\/tesis\/wp-json\/wp\/v2\/media?parent=80130"}],"wp:term":[{"taxonomy":"category","embeddable":true,"href":"https:\/\/www.deberes.net\/tesis\/wp-json\/wp\/v2\/categories?post=80130"},{"taxonomy":"post_tag","embeddable":true,"href":"https:\/\/www.deberes.net\/tesis\/wp-json\/wp\/v2\/tags?post=80130"}],"curies":[{"name":"wp","href":"https:\/\/api.w.org\/{rel}","templated":true}]}}