{"id":80153,"date":"1999-04-06T00:00:00","date_gmt":"1999-04-06T00:00:00","guid":{"rendered":"https:\/\/www.deberes.net\/tesis\/sin-categoria\/construccion-de-soluciones-precisas-de-problemas-mixtos-para-ecuaciones-en-derivadas-parciales-con-coeficientes-variables-separables\/"},"modified":"1999-04-06T00:00:00","modified_gmt":"1999-04-06T00:00:00","slug":"construccion-de-soluciones-precisas-de-problemas-mixtos-para-ecuaciones-en-derivadas-parciales-con-coeficientes-variables-separables","status":"publish","type":"post","link":"https:\/\/www.deberes.net\/tesis\/matematicas\/construccion-de-soluciones-precisas-de-problemas-mixtos-para-ecuaciones-en-derivadas-parciales-con-coeficientes-variables-separables\/","title":{"rendered":"Construccion de soluciones precisas de problemas mixtos para ecuaciones en derivadas parciales con coeficientes variables separables."},"content":{"rendered":"<h2>Tesis doctoral de <strong> Pedro Almenar Belenguer <\/strong><\/h2>\n<p>En esta memoria se construyen soluciones anal\u00edtico-num\u00e9ricas con cotas de error  a priori de problemas mixtos relacionados con ecuaciones en derivadas parciales con coeficientes &#8212; y condiciones de contorno de tipo dirichlet.  mediante estrategias de truncaci\u00f3n de soluciones formales en serie, el m\u00e9todo de autofunci\u00f3n y m\u00e9todos multipaso, se construyen aproximaciones anal\u00edtico-num\u00e9ricas con un error prefijado en un dominio acotado. La ecuaci\u00f3n de difusi\u00f3n, de ondas y del tel\u00e9grafo con coeficientes variables son tratadas. la unicidad de cada uno de los problemas es analizada.<\/p>\n<p>&nbsp;<\/p>\n<h3>Datos acad\u00e9micos de la tesis doctoral \u00ab<strong>Construccion de soluciones precisas de problemas mixtos para ecuaciones en derivadas parciales con coeficientes variables separables.<\/strong>\u00ab<\/h3>\n<ul>\n<li><strong>T\u00edtulo de la tesis:<\/strong>\u00a0 Construccion de soluciones precisas de problemas mixtos para ecuaciones en derivadas parciales con coeficientes variables separables. <\/li>\n<li><strong>Autor:<\/strong>\u00a0 Pedro Almenar Belenguer <\/li>\n<li><strong>Universidad:<\/strong>\u00a0 Polit\u00e9cnica de Valencia<\/li>\n<li><strong>Fecha de lectura de la tesis:<\/strong>\u00a0 04\/06\/1999<\/li>\n<\/ul>\n<p>&nbsp;<\/p>\n<h3>Direcci\u00f3n y tribunal<\/h3>\n<ul>\n<li><strong>Director de la tesis<\/strong>\n<ul>\n<li>Lucas Jodar Sanchez<\/li>\n<\/ul>\n<\/li>\n<li><strong>Tribunal<\/strong>\n<ul>\n<li>Presidente del tribunal: Antonio Duran guarde\u00f1o <\/li>\n<li> Guadalupe hernandez Jos\u00e9 Javier (vocal)<\/li>\n<li>Francisco Marcellan espa\u00f1ol (vocal)<\/li>\n<li>benito Chen charpentier (vocal)<\/li>\n<\/ul>\n<\/li>\n<\/ul>\n<p>&nbsp;<\/p>\n","protected":false},"excerpt":{"rendered":"<p>Tesis doctoral de Pedro Almenar Belenguer En esta memoria se construyen soluciones anal\u00edtico-num\u00e9ricas con cotas de error a priori de [&hellip;]<\/p>\n","protected":false},"author":1,"featured_media":0,"comment_status":"open","ping_status":"open","sticky":false,"template":"","format":"standard","meta":{"site-sidebar-layout":"default","site-content-layout":"","ast-site-content-layout":"","site-content-style":"default","site-sidebar-style":"default","ast-global-header-display":"","ast-banner-title-visibility":"","ast-main-header-display":"","ast-hfb-above-header-display":"","ast-hfb-below-header-display":"","ast-hfb-mobile-header-display":"","site-post-title":"","ast-breadcrumbs-content":"","ast-featured-img":"","footer-sml-layout":"","theme-transparent-header-meta":"","adv-header-id-meta":"","stick-header-meta":"","header-above-stick-meta":"","header-main-stick-meta":"","header-below-stick-meta":"","astra-migrate-meta-layouts":"default","ast-page-background-enabled":"default","ast-page-background-meta":{"desktop":{"background-color":"var(--ast-global-color-4)","background-image":"","background-repeat":"repeat","background-position":"center center","background-size":"auto","background-attachment":"scroll","background-type":"","background-media":"","overlay-type":"","overlay-color":"","overlay-gradient":""},"tablet":{"background-color":"","background-image":"","background-repeat":"repeat","background-position":"center center","background-size":"auto","background-attachment":"scroll","background-type":"","background-media":"","overlay-type":"","overlay-color":"","overlay-gradient":""},"mobile":{"background-color":"","background-image":"","background-repeat":"repeat","background-position":"center center","background-size":"auto","background-attachment":"scroll","background-type":"","background-media":"","overlay-type":"","overlay-color":"","overlay-gradient":""}},"ast-content-background-meta":{"desktop":{"background-color":"var(--ast-global-color-5)","background-image":"","background-repeat":"repeat","background-position":"center center","background-size":"auto","background-attachment":"scroll","background-type":"","background-media":"","overlay-type":"","overlay-color":"","overlay-gradient":""},"tablet":{"background-color":"var(--ast-global-color-5)","background-image":"","background-repeat":"repeat","background-position":"center center","background-size":"auto","background-attachment":"scroll","background-type":"","background-media":"","overlay-type":"","overlay-color":"","overlay-gradient":""},"mobile":{"background-color":"var(--ast-global-color-5)","background-image":"","background-repeat":"repeat","background-position":"center center","background-size":"auto","background-attachment":"scroll","background-type":"","background-media":"","overlay-type":"","overlay-color":"","overlay-gradient":""}},"footnotes":""},"categories":[3183,32592,126,16820,12647],"tags":[4784,54910,4781,111795,16891,171811],"class_list":["post-80153","post","type-post","status-publish","format-standard","hentry","category-analisis-y-analisis-funcional","category-convexidad-y-desigualdades","category-matematicas","category-politecnica-de-valencia","category-teoria-de-la-aproximacion","tag-antonio-duran-guardeno","tag-benito-chen-charpentier","tag-francisco-marcellan-espanol","tag-guadalupe-hernandez-jose-javier","tag-lucas-jodar-sanchez","tag-pedro-almenar-belenguer"],"_links":{"self":[{"href":"https:\/\/www.deberes.net\/tesis\/wp-json\/wp\/v2\/posts\/80153","targetHints":{"allow":["GET"]}}],"collection":[{"href":"https:\/\/www.deberes.net\/tesis\/wp-json\/wp\/v2\/posts"}],"about":[{"href":"https:\/\/www.deberes.net\/tesis\/wp-json\/wp\/v2\/types\/post"}],"author":[{"embeddable":true,"href":"https:\/\/www.deberes.net\/tesis\/wp-json\/wp\/v2\/users\/1"}],"replies":[{"embeddable":true,"href":"https:\/\/www.deberes.net\/tesis\/wp-json\/wp\/v2\/comments?post=80153"}],"version-history":[{"count":0,"href":"https:\/\/www.deberes.net\/tesis\/wp-json\/wp\/v2\/posts\/80153\/revisions"}],"wp:attachment":[{"href":"https:\/\/www.deberes.net\/tesis\/wp-json\/wp\/v2\/media?parent=80153"}],"wp:term":[{"taxonomy":"category","embeddable":true,"href":"https:\/\/www.deberes.net\/tesis\/wp-json\/wp\/v2\/categories?post=80153"},{"taxonomy":"post_tag","embeddable":true,"href":"https:\/\/www.deberes.net\/tesis\/wp-json\/wp\/v2\/tags?post=80153"}],"curies":[{"name":"wp","href":"https:\/\/api.w.org\/{rel}","templated":true}]}}