{"id":80164,"date":"1999-08-06T00:00:00","date_gmt":"1999-08-06T00:00:00","guid":{"rendered":"https:\/\/www.deberes.net\/tesis\/sin-categoria\/dario-de-regoyos-vida-y-obra\/"},"modified":"1999-08-06T00:00:00","modified_gmt":"1999-08-06T00:00:00","slug":"dario-de-regoyos-vida-y-obra","status":"publish","type":"post","link":"https:\/\/www.deberes.net\/tesis\/historia\/dario-de-regoyos-vida-y-obra\/","title":{"rendered":"Dario de regoyos. vida y obra"},"content":{"rendered":"<h2>Tesis doctoral de <strong> Rosa Prado Vadillo <\/strong><\/h2>\n<p>Despu\u00e9s de justificar el porqu\u00e9 eleg\u00ed al pintor dar\u00edo de regoyos como tema de la tesis, expongo, en primer lugar, en un pre\u00e1mbulo metodol\u00f3gico, como se encuentran en la actualidad los estudios realizados sobre este pintor y explico por qu\u00e9 he basado el m\u00e9todo de trabajo fundamentalmente en documentos originales: teniendo en cuenta la manipulaci\u00f3n a que ha sido sometida parte de su obra y teniendo en cuenta las inexactitudes biogr\u00e1ficas y de catalogaci\u00f3n encontradas en los estudios publicados sobre este artista, habia que hacer una revisi\u00f3n total de su biograf\u00eda y de su obra y sentar las bases de la investigaci\u00f3n tomando como principal fuente de estudio los manuscritos del propio dario de regoyos y los catalogos de las exposiciones que realiz\u00f3 en su vida. El segundo punto de la tesis lo centro en la vida artistica y familiar del pintor, desde su nacimiento en ribadesella(1856) hasta su muerte en barcelona(1913). En dario de regoyos, la evoluci\u00f3n de su obra est\u00e1 intimamente ligada a las circunstancias de su vida, y por ello, es importante conocer c\u00f3mo se encuentra an\u00edmicamente o qu\u00e9 problemas familiares y econ\u00f3micos le acucian en cada instante para entender los rasgos o la tem\u00e1tica de su pintura en las diferentes etapas de su vida art\u00edstica. Un tercer apartado lo dedico al libro \u00abespa\u00f1a negra\u00bb, escrito por dario de regoyos en 1899. He comparado el texto escrito por el pintor con los articulos publicados por el poeta e. Verhacren en la revista u art moderne, para lo cual, no habiendo constancia de ninguna traducci\u00f3n anterior, he traducido dichos articulos del frances al castellano, haciendo asi posible el analisis de las similitudes y de las diferencias que tienen ambos textos. Tambien analizo y comparo esa primera edicion de \u00abespa\u00f1a negra\u00bb con la edici\u00f3n realizada en 1963, mas conocida, pero con notables diferencias respecto de la que edit\u00f3 el propio autor. En el cuarto apartado de la tesis estudio la ideolog\u00eda de<\/p>\n<p>&nbsp;<\/p>\n<h3>Datos acad\u00e9micos de la tesis doctoral \u00ab<strong>Dario de regoyos. vida y obra<\/strong>\u00ab<\/h3>\n<ul>\n<li><strong>T\u00edtulo de la tesis:<\/strong>\u00a0 Dario de regoyos. vida y obra <\/li>\n<li><strong>Autor:<\/strong>\u00a0 Rosa Prado Vadillo <\/li>\n<li><strong>Universidad:<\/strong>\u00a0 Deusto<\/li>\n<li><strong>Fecha de lectura de la tesis:<\/strong>\u00a0 08\/06\/1999<\/li>\n<\/ul>\n<p>&nbsp;<\/p>\n<h3>Direcci\u00f3n y tribunal<\/h3>\n<ul>\n<li><strong>Director de la tesis<\/strong>\n<ul>\n<li>Juan Plazaola Artola<\/li>\n<\/ul>\n<\/li>\n<li><strong>Tribunal<\/strong>\n<ul>\n<li>Presidente del tribunal: kosme Bara\u00f1ano letamendia <\/li>\n<li>victoria Carballo-calero ramos (vocal)<\/li>\n<li>carmen Pena l\u00f3pez (vocal)<\/li>\n<li>Mar\u00eda  Luisa Amigo fernandez de arroyabe (vocal)<\/li>\n<\/ul>\n<\/li>\n<\/ul>\n<p>&nbsp;<\/p>\n","protected":false},"excerpt":{"rendered":"<p>Tesis doctoral de Rosa Prado Vadillo Despu\u00e9s de justificar el porqu\u00e9 eleg\u00ed al pintor dar\u00edo de regoyos como tema de [&hellip;]<\/p>\n","protected":false},"author":1,"featured_media":0,"comment_status":"open","ping_status":"open","sticky":false,"template":"","format":"standard","meta":{"site-sidebar-layout":"default","site-content-layout":"","ast-site-content-layout":"","site-content-style":"default","site-sidebar-style":"default","ast-global-header-display":"","ast-banner-title-visibility":"","ast-main-header-display":"","ast-hfb-above-header-display":"","ast-hfb-below-header-display":"","ast-hfb-mobile-header-display":"","site-post-title":"","ast-breadcrumbs-content":"","ast-featured-img":"","footer-sml-layout":"","theme-transparent-header-meta":"","adv-header-id-meta":"","stick-header-meta":"","header-above-stick-meta":"","header-main-stick-meta":"","header-below-stick-meta":"","astra-migrate-meta-layouts":"default","ast-page-background-enabled":"default","ast-page-background-meta":{"desktop":{"background-color":"var(--ast-global-color-4)","background-image":"","background-repeat":"repeat","background-position":"center center","background-size":"auto","background-attachment":"scroll","background-type":"","background-media":"","overlay-type":"","overlay-color":"","overlay-gradient":""},"tablet":{"background-color":"","background-image":"","background-repeat":"repeat","background-position":"center center","background-size":"auto","background-attachment":"scroll","background-type":"","background-media":"","overlay-type":"","overlay-color":"","overlay-gradient":""},"mobile":{"background-color":"","background-image":"","background-repeat":"repeat","background-position":"center center","background-size":"auto","background-attachment":"scroll","background-type":"","background-media":"","overlay-type":"","overlay-color":"","overlay-gradient":""}},"ast-content-background-meta":{"desktop":{"background-color":"var(--ast-global-color-5)","background-image":"","background-repeat":"repeat","background-position":"center center","background-size":"auto","background-attachment":"scroll","background-type":"","background-media":"","overlay-type":"","overlay-color":"","overlay-gradient":""},"tablet":{"background-color":"var(--ast-global-color-5)","background-image":"","background-repeat":"repeat","background-position":"center center","background-size":"auto","background-attachment":"scroll","background-type":"","background-media":"","overlay-type":"","overlay-color":"","overlay-gradient":""},"mobile":{"background-color":"var(--ast-global-color-5)","background-image":"","background-repeat":"repeat","background-position":"center center","background-size":"auto","background-attachment":"scroll","background-type":"","background-media":"","overlay-type":"","overlay-color":"","overlay-gradient":""}},"footnotes":""},"categories":[954,31910,104,1014,222],"tags":[6496,171829,170479,146270,171828,89846],"class_list":["post-80164","post","type-post","status-publish","format-standard","hentry","category-biografias","category-deusto","category-historia","category-historia-del-arte","category-historias-especializadas","tag-carmen-pena-lopez","tag-juan-plazaola-artola","tag-kosme-baranano-letamendia","tag-maria-luisa-amigo-fernandez-de-arroyabe","tag-rosa-prado-vadillo","tag-victoria-carballo-calero-ramos"],"_links":{"self":[{"href":"https:\/\/www.deberes.net\/tesis\/wp-json\/wp\/v2\/posts\/80164","targetHints":{"allow":["GET"]}}],"collection":[{"href":"https:\/\/www.deberes.net\/tesis\/wp-json\/wp\/v2\/posts"}],"about":[{"href":"https:\/\/www.deberes.net\/tesis\/wp-json\/wp\/v2\/types\/post"}],"author":[{"embeddable":true,"href":"https:\/\/www.deberes.net\/tesis\/wp-json\/wp\/v2\/users\/1"}],"replies":[{"embeddable":true,"href":"https:\/\/www.deberes.net\/tesis\/wp-json\/wp\/v2\/comments?post=80164"}],"version-history":[{"count":0,"href":"https:\/\/www.deberes.net\/tesis\/wp-json\/wp\/v2\/posts\/80164\/revisions"}],"wp:attachment":[{"href":"https:\/\/www.deberes.net\/tesis\/wp-json\/wp\/v2\/media?parent=80164"}],"wp:term":[{"taxonomy":"category","embeddable":true,"href":"https:\/\/www.deberes.net\/tesis\/wp-json\/wp\/v2\/categories?post=80164"},{"taxonomy":"post_tag","embeddable":true,"href":"https:\/\/www.deberes.net\/tesis\/wp-json\/wp\/v2\/tags?post=80164"}],"curies":[{"name":"wp","href":"https:\/\/api.w.org\/{rel}","templated":true}]}}