{"id":80175,"date":"1999-11-06T00:00:00","date_gmt":"1999-11-06T00:00:00","guid":{"rendered":"https:\/\/www.deberes.net\/tesis\/sin-categoria\/evaluacion-de-la-tecnica-de-la-presion-nasal-positiva-continua-en-el-nivel-de-activacion-diurno-y-en-el-estado-de-animo-de-pacientes-con-el-sa%c2%adndrome-de-apnea-obstructiva-del-sueno\/"},"modified":"1999-11-06T00:00:00","modified_gmt":"1999-11-06T00:00:00","slug":"evaluacion-de-la-tecnica-de-la-presion-nasal-positiva-continua-en-el-nivel-de-activacion-diurno-y-en-el-estado-de-animo-de-pacientes-con-el-sa%c2%adndrome-de-apnea-obstructiva-del-sueno","status":"publish","type":"post","link":"https:\/\/www.deberes.net\/tesis\/psicologia\/evaluacion-de-la-tecnica-de-la-presion-nasal-positiva-continua-en-el-nivel-de-activacion-diurno-y-en-el-estado-de-animo-de-pacientes-con-el-sa%c2%adndrome-de-apnea-obstructiva-del-sueno\/","title":{"rendered":"Evaluaci\u00f3n de la t\u00e9cnica de la presi\u00f3n nasal positiva continua en el nivel de activaci\u00f3n diurno y en el estado de \u00e1nimo de pacientes con el s\u00edndrome de apnea obstructiva del sue\u00f1o"},"content":{"rendered":"<h2>Tesis doctoral de <strong> Ana Isabel S\u00e1nchez G\u00f3mez <\/strong><\/h2>\n<p>Objetivos  el objetivo de esta tesis doctoral fue analizar la eficacia terap\u00e9utica de la cpap al mes y a los tres meses de tratamiento en el nivel de funcionamiento diruno, variables psicofisiol\u00f3gicas, nivel de ejecuci\u00f3n, estado de \u00e1nimo y variables de personalidad de un grupo de pacientes con saos.  sujetos  51 pacientes con saos fueron seleccionados de un centro hospitalario. para establecer el diagn\u00f3stico de saos se utiliz\u00f3 como criterio presentar 10 apneas-hipopneas por hora de sue\u00f1o. Las variables dependientes analizadas han sido las siguientes:  a,- variables psicofisiol\u00f3gicas: resistencia el\u00e9ctrica de la piel, temperatura perif\u00e9rica de la piel, presi\u00f3n sangu\u00ednea sist\u00f3lilca y diast\u00f3lica.  b,- variables de vigilancia y activaci\u00f3n: tiempo de reacci\u00f3n perceptivo motor simple, estimaci\u00f3n del tiempo, nivel de somnolencia diurna.  c,- variables de ejecuci\u00f3n: memoria a corto plazo.  d,- variables de estado de \u00e1nimo: ansiedad estado, ansiedad rasgo y nivel de depresi\u00f3n.  e,- variables de personalidad: neuroticismo-estabilidad emocional y extraversi\u00f3n-introversi\u00f3n.  an\u00e1lisis de los datos  se efectu\u00f3 un dise\u00f1o cuasiexperimental multivariado de medidas repetidas para comprobar si existe un efecto principal del factor tratamiento con cpap.  resultados  los principales resultados obtenidos en la investigaci\u00f3n han sido los siguientes:  1,- la cpap produce un descenso en los niveles de somnolencia diurna al mes y a los tres meses de iniciada la terapia.  2,- la cpap produce un notable aumento de la temperatura perif\u00e9rica reflejando un incremento del nivel de vigilancia tanto en el primer mes como en el tercer mes de tratamiento. Sin embargo, este cambio psicofisiol\u00f3gico no se observa en los niveles de resistencia el\u00e9ctrica de la piel.  3,- la cpap produce un descenso del tiempo de reacci\u00f3n al mes y a los tres meses de tratamiento. En la variable estimaci\u00f3n de tiempo se observa que la cpap no prod<\/p>\n<p>&nbsp;<\/p>\n<h3>Datos acad\u00e9micos de la tesis doctoral \u00ab<strong>Evaluaci\u00f3n de la t\u00e9cnica de la presi\u00f3n nasal positiva continua en el nivel de activaci\u00f3n diurno y en el estado de \u00e1nimo de pacientes con el s\u00edndrome de apnea obstructiva del sue\u00f1o<\/strong>\u00ab<\/h3>\n<ul>\n<li><strong>T\u00edtulo de la tesis:<\/strong>\u00a0 Evaluaci\u00f3n de la t\u00e9cnica de la presi\u00f3n nasal positiva continua en el nivel de activaci\u00f3n diurno y en el estado de \u00e1nimo de pacientes con el s\u00edndrome de apnea obstructiva del sue\u00f1o <\/li>\n<li><strong>Autor:<\/strong>\u00a0 Ana Isabel S\u00e1nchez G\u00f3mez <\/li>\n<li><strong>Universidad:<\/strong>\u00a0 Granada<\/li>\n<li><strong>Fecha de lectura de la tesis:<\/strong>\u00a0 11\/06\/1999<\/li>\n<\/ul>\n<p>&nbsp;<\/p>\n<h3>Direcci\u00f3n y tribunal<\/h3>\n<ul>\n<li><strong>Director de la tesis<\/strong>\n<ul>\n<li>Gualberto Buela Casal<\/li>\n<\/ul>\n<\/li>\n<li><strong>Tribunal<\/strong>\n<ul>\n<li>Presidente del tribunal: Jos\u00e9 Antonio Carrobles isabel <\/li>\n<li>Mar\u00eda Corsi cabrera (vocal)<\/li>\n<li>Francisco Casas-maldonado (vocal)<\/li>\n<li>Jes\u00fas Gil roales-nieto (vocal)<\/li>\n<\/ul>\n<\/li>\n<\/ul>\n<p>&nbsp;<\/p>\n","protected":false},"excerpt":{"rendered":"<p>Tesis doctoral de Ana Isabel S\u00e1nchez G\u00f3mez Objetivos el objetivo de esta tesis doctoral fue analizar la eficacia terap\u00e9utica de [&hellip;]<\/p>\n","protected":false},"author":1,"featured_media":0,"comment_status":"open","ping_status":"open","sticky":false,"template":"","format":"standard","meta":{"site-sidebar-layout":"default","site-content-layout":"","ast-site-content-layout":"","site-content-style":"default","site-sidebar-style":"default","ast-global-header-display":"","ast-banner-title-visibility":"","ast-main-header-display":"","ast-hfb-above-header-display":"","ast-hfb-below-header-display":"","ast-hfb-mobile-header-display":"","site-post-title":"","ast-breadcrumbs-content":"","ast-featured-img":"","footer-sml-layout":"","theme-transparent-header-meta":"","adv-header-id-meta":"","stick-header-meta":"","header-above-stick-meta":"","header-main-stick-meta":"","header-below-stick-meta":"","astra-migrate-meta-layouts":"default","ast-page-background-enabled":"default","ast-page-background-meta":{"desktop":{"background-color":"var(--ast-global-color-4)","background-image":"","background-repeat":"repeat","background-position":"center center","background-size":"auto","background-attachment":"scroll","background-type":"","background-media":"","overlay-type":"","overlay-color":"","overlay-gradient":""},"tablet":{"background-color":"","background-image":"","background-repeat":"repeat","background-position":"center center","background-size":"auto","background-attachment":"scroll","background-type":"","background-media":"","overlay-type":"","overlay-color":"","overlay-gradient":""},"mobile":{"background-color":"","background-image":"","background-repeat":"repeat","background-position":"center center","background-size":"auto","background-attachment":"scroll","background-type":"","background-media":"","overlay-type":"","overlay-color":"","overlay-gradient":""}},"ast-content-background-meta":{"desktop":{"background-color":"var(--ast-global-color-5)","background-image":"","background-repeat":"repeat","background-position":"center center","background-size":"auto","background-attachment":"scroll","background-type":"","background-media":"","overlay-type":"","overlay-color":"","overlay-gradient":""},"tablet":{"background-color":"var(--ast-global-color-5)","background-image":"","background-repeat":"repeat","background-position":"center center","background-size":"auto","background-attachment":"scroll","background-type":"","background-media":"","overlay-type":"","overlay-color":"","overlay-gradient":""},"mobile":{"background-color":"var(--ast-global-color-5)","background-image":"","background-repeat":"repeat","background-position":"center center","background-size":"auto","background-attachment":"scroll","background-type":"","background-media":"","overlay-type":"","overlay-color":"","overlay-gradient":""}},"footnotes":""},"categories":[6893,6894,13633,324,2462,5110],"tags":[171846,37559,21225,22721,6689,99662],"class_list":["post-80175","post","type-post","status-publish","format-standard","hentry","category-medida-de-la-personalidad","category-personalidad","category-procesos-de-la-memoria","category-psicologia","category-psicologia-experimental","category-psicologia-fisiologica","tag-ana-isabel-sanchez-gomez","tag-francisco-casas-maldonado","tag-gualberto-buela-casal","tag-jesus-gil-roales-nieto","tag-jose-antonio-carrobles-isabel","tag-maria-corsi-cabrera"],"_links":{"self":[{"href":"https:\/\/www.deberes.net\/tesis\/wp-json\/wp\/v2\/posts\/80175","targetHints":{"allow":["GET"]}}],"collection":[{"href":"https:\/\/www.deberes.net\/tesis\/wp-json\/wp\/v2\/posts"}],"about":[{"href":"https:\/\/www.deberes.net\/tesis\/wp-json\/wp\/v2\/types\/post"}],"author":[{"embeddable":true,"href":"https:\/\/www.deberes.net\/tesis\/wp-json\/wp\/v2\/users\/1"}],"replies":[{"embeddable":true,"href":"https:\/\/www.deberes.net\/tesis\/wp-json\/wp\/v2\/comments?post=80175"}],"version-history":[{"count":0,"href":"https:\/\/www.deberes.net\/tesis\/wp-json\/wp\/v2\/posts\/80175\/revisions"}],"wp:attachment":[{"href":"https:\/\/www.deberes.net\/tesis\/wp-json\/wp\/v2\/media?parent=80175"}],"wp:term":[{"taxonomy":"category","embeddable":true,"href":"https:\/\/www.deberes.net\/tesis\/wp-json\/wp\/v2\/categories?post=80175"},{"taxonomy":"post_tag","embeddable":true,"href":"https:\/\/www.deberes.net\/tesis\/wp-json\/wp\/v2\/tags?post=80175"}],"curies":[{"name":"wp","href":"https:\/\/api.w.org\/{rel}","templated":true}]}}