{"id":80183,"date":"2018-03-10T00:03:50","date_gmt":"2018-03-10T00:03:50","guid":{"rendered":"https:\/\/www.deberes.net\/tesis\/sin-categoria\/crecimiento-economico-y-saludo-individual\/"},"modified":"2018-03-10T00:03:50","modified_gmt":"2018-03-10T00:03:50","slug":"crecimiento-economico-y-saludo-individual","status":"publish","type":"post","link":"https:\/\/www.deberes.net\/tesis\/ciencias-economicas\/crecimiento-economico-y-saludo-individual\/","title":{"rendered":"Crecimiento econ\u00f3mico y saludo individual"},"content":{"rendered":"<h2>Tesis doctoral de <strong> Luis Claudio Currais Nunes <\/strong><\/h2>\n<p>La tesis doctoral analiza la relaci\u00f3n entre el crecimiento econ\u00f3mico y la salud individual, considerada en terminos de capital humano, y la variaci\u00f3n de la productividad teniendo en cuenta el marco te\u00f3rico neocl\u00e1sico. el estudio propone un modelo ampliado al de solow donde adem\u00e1s de la educaci\u00f3n se tiene en cuenta tambi\u00e9n la variable salud. Su contrastaci\u00f3n emp\u00edrica, para 24 paises de la decdy para el peri\u00f3do 1960-1990 demuestra que la medida ampliada de capital humano explica en gran medida el crecimiento econ\u00f3mico y la productividad. Despu\u00e9s de estudiar la posible existencia de endoeneidad se realiza una simulaci\u00f3n num\u00e9rica en un marco te\u00f3rico en el que la poblaci\u00f3n y el ahorro se determinan endoenamente y que confirman los resultados obtenidos.<\/p>\n<p>&nbsp;<\/p>\n<h3>Datos acad\u00e9micos de la tesis doctoral \u00ab<strong>Crecimiento econ\u00f3mico y saludo individual<\/strong>\u00ab<\/h3>\n<ul>\n<li><strong>T\u00edtulo de la tesis:<\/strong>\u00a0 Crecimiento econ\u00f3mico y saludo individual <\/li>\n<li><strong>Autor:<\/strong>\u00a0 Luis Claudio Currais Nunes <\/li>\n<li><strong>Universidad:<\/strong>\u00a0 A coru\u00f1a<\/li>\n<li><strong>Fecha de lectura de la tesis:<\/strong>\u00a0 14\/06\/1999<\/li>\n<\/ul>\n<p>&nbsp;<\/p>\n<h3>Direcci\u00f3n y tribunal<\/h3>\n<ul>\n<li><strong>Director de la tesis<\/strong>\n<ul>\n<li>Jos\u00e9 Andres Fai\u00f1a Medin<\/li>\n<\/ul>\n<\/li>\n<li><strong>Tribunal<\/strong>\n<ul>\n<li>Presidente del tribunal: Luis Pedreira andrade <\/li>\n<li>jordi Caballe vilella (vocal)<\/li>\n<li>antoni Espasa terrades (vocal)<\/li>\n<li> Rbelo teixeira Mar\u00eda  isabel (vocal)<\/li>\n<\/ul>\n<\/li>\n<\/ul>\n<p>&nbsp;<\/p>\n","protected":false},"excerpt":{"rendered":"<p>Tesis doctoral de Luis Claudio Currais Nunes La tesis doctoral analiza la relaci\u00f3n entre el crecimiento econ\u00f3mico y la salud [&hellip;]<\/p>\n","protected":false},"author":1,"featured_media":0,"comment_status":"open","ping_status":"open","sticky":false,"template":"","format":"standard","meta":{"site-sidebar-layout":"default","site-content-layout":"","ast-site-content-layout":"","site-content-style":"default","site-sidebar-style":"default","ast-global-header-display":"","ast-banner-title-visibility":"","ast-main-header-display":"","ast-hfb-above-header-display":"","ast-hfb-below-header-display":"","ast-hfb-mobile-header-display":"","site-post-title":"","ast-breadcrumbs-content":"","ast-featured-img":"","footer-sml-layout":"","theme-transparent-header-meta":"","adv-header-id-meta":"","stick-header-meta":"","header-above-stick-meta":"","header-main-stick-meta":"","header-below-stick-meta":"","astra-migrate-meta-layouts":"default","ast-page-background-enabled":"default","ast-page-background-meta":{"desktop":{"background-color":"var(--ast-global-color-4)","background-image":"","background-repeat":"repeat","background-position":"center center","background-size":"auto","background-attachment":"scroll","background-type":"","background-media":"","overlay-type":"","overlay-color":"","overlay-gradient":""},"tablet":{"background-color":"","background-image":"","background-repeat":"repeat","background-position":"center center","background-size":"auto","background-attachment":"scroll","background-type":"","background-media":"","overlay-type":"","overlay-color":"","overlay-gradient":""},"mobile":{"background-color":"","background-image":"","background-repeat":"repeat","background-position":"center center","background-size":"auto","background-attachment":"scroll","background-type":"","background-media":"","overlay-type":"","overlay-color":"","overlay-gradient":""}},"ast-content-background-meta":{"desktop":{"background-color":"var(--ast-global-color-5)","background-image":"","background-repeat":"repeat","background-position":"center center","background-size":"auto","background-attachment":"scroll","background-type":"","background-media":"","overlay-type":"","overlay-color":"","overlay-gradient":""},"tablet":{"background-color":"var(--ast-global-color-5)","background-image":"","background-repeat":"repeat","background-position":"center center","background-size":"auto","background-attachment":"scroll","background-type":"","background-media":"","overlay-type":"","overlay-color":"","overlay-gradient":""},"mobile":{"background-color":"var(--ast-global-color-5)","background-image":"","background-repeat":"repeat","background-position":"center center","background-size":"auto","background-attachment":"scroll","background-type":"","background-media":"","overlay-type":"","overlay-color":"","overlay-gradient":""}},"footnotes":""},"categories":[18576,82,890,737],"tags":[18567,13876,32967,143268,18653,171852],"class_list":["post-80183","post","type-post","status-publish","format-standard","hentry","category-a-coruna","category-ciencias-economicas","category-teoria-del-crecimiento-economico","category-teoria-economica","tag-antoni-espasa-terrades","tag-jordi-caballe-vilella","tag-jose-andres-faina-medin","tag-luis-claudio-currais-nunes","tag-luis-pedreira-andrade","tag-rbelo-teixeira-maria-isabel"],"_links":{"self":[{"href":"https:\/\/www.deberes.net\/tesis\/wp-json\/wp\/v2\/posts\/80183","targetHints":{"allow":["GET"]}}],"collection":[{"href":"https:\/\/www.deberes.net\/tesis\/wp-json\/wp\/v2\/posts"}],"about":[{"href":"https:\/\/www.deberes.net\/tesis\/wp-json\/wp\/v2\/types\/post"}],"author":[{"embeddable":true,"href":"https:\/\/www.deberes.net\/tesis\/wp-json\/wp\/v2\/users\/1"}],"replies":[{"embeddable":true,"href":"https:\/\/www.deberes.net\/tesis\/wp-json\/wp\/v2\/comments?post=80183"}],"version-history":[{"count":0,"href":"https:\/\/www.deberes.net\/tesis\/wp-json\/wp\/v2\/posts\/80183\/revisions"}],"wp:attachment":[{"href":"https:\/\/www.deberes.net\/tesis\/wp-json\/wp\/v2\/media?parent=80183"}],"wp:term":[{"taxonomy":"category","embeddable":true,"href":"https:\/\/www.deberes.net\/tesis\/wp-json\/wp\/v2\/categories?post=80183"},{"taxonomy":"post_tag","embeddable":true,"href":"https:\/\/www.deberes.net\/tesis\/wp-json\/wp\/v2\/tags?post=80183"}],"curies":[{"name":"wp","href":"https:\/\/api.w.org\/{rel}","templated":true}]}}