{"id":80189,"date":"2018-03-10T00:03:54","date_gmt":"2018-03-10T00:03:54","guid":{"rendered":"https:\/\/www.deberes.net\/tesis\/sin-categoria\/republicanos-de-orden-liberales-democratas-y-conservadores-durante-la-segunda-republica-espanola\/"},"modified":"2018-03-10T00:03:54","modified_gmt":"2018-03-10T00:03:54","slug":"republicanos-de-orden-liberales-democratas-y-conservadores-durante-la-segunda-republica-espanola","status":"publish","type":"post","link":"https:\/\/www.deberes.net\/tesis\/historia\/republicanos-de-orden-liberales-democratas-y-conservadores-durante-la-segunda-republica-espanola\/","title":{"rendered":"\u00abrepublicanos de orden liberales-democratas y conservadores durante la segunda republica espa\u00f1ola\u00bb"},"content":{"rendered":"<h2>Tesis doctoral de <strong>  I\u00f1ido Fernandez Luis Enrique <\/strong><\/h2>\n<p>La tesis analiza las raices, trayectoria y destino final de lo que en ella se denomina republicanismo conservador, tendencia que se considera integrada por los partidos liberal democrata, progresista y conservador, en apariencia heterog\u00e9neos en su origen y trayectoria pero, como queda demostrado, muy similares en sus raices, organizaci\u00f3n, bases sociales, ideolog\u00eda y programa. As\u00ed, todos ellos se manifiestan apegados a un concepto cl\u00e1sico del liberalismo que contrasta con el de una izquierda cada vez m\u00e1s inclinada a recurrir al estado como instrumento de reforma social; ofrecen a los lectores unos programas ciertamente reformistas, pero t\u00edmidos en su alcance y lentos en su ejecuci\u00f3n; presentan una organizaci\u00f3n en apariencia fiel a los patrones caracteristicos de los partidos de masas, pero incapaz en la practica de liberarse de las ataduras caracteristicas de los partidos de cuadros, y por \u00faltimo, a despecho de su proclamado interclasismo, se asientan sobre el apoyo, por lo dem\u00e1s no muy extendido, de las clases medias.  las limitaciones que todo ello supuso para la ejecutoria politica de estos fueron considerables. Conducidos a su albedrio por lideres poco clarividentes, fracasaron en su intento de aprovechar la gran oportunidad que para ellos suponia la profunda intranquilidad que produjo en las clases medias conservadoras el desmoronamiento progresivo de la monarqu\u00eda. Despues, embarcados en una tactica por lo general err\u00e1tica y contradictoria, alejada de la unidad de acci\u00f3n que pod\u00eda haberles dado alguna opci\u00f3n electoral, conservaron una cierta presencia en los sucesivos gabinetes del segundo bienio, pero debida tan solo al padrinazgo externo del presidente de la republica o a su absoluta sumisi\u00f3n a programas e ideas por completo distintas a las propias.  tales limitaciones, sumadas a las tensiones derivadas de una coyuntura historica especialmente compleja, condujeron a la larga al republicanismo conservador al m\u00e1s abs<\/p>\n<p>&nbsp;<\/p>\n<h3>Datos acad\u00e9micos de la tesis doctoral \u00ab<strong>\u00abrepublicanos de orden liberales-democratas y conservadores durante la segunda republica espa\u00f1ola\u00bb<\/strong>\u00ab<\/h3>\n<ul>\n<li><strong>T\u00edtulo de la tesis:<\/strong>\u00a0 \u00abrepublicanos de orden liberales-democratas y conservadores durante la segunda republica espa\u00f1ola\u00bb <\/li>\n<li><strong>Autor:<\/strong>\u00a0  I\u00f1ido Fernandez Luis Enrique <\/li>\n<li><strong>Universidad:<\/strong>\u00a0 Nacional de educaci\u00f3n a distancia<\/li>\n<li><strong>Fecha de lectura de la tesis:<\/strong>\u00a0 15\/06\/1999<\/li>\n<\/ul>\n<p>&nbsp;<\/p>\n<h3>Direcci\u00f3n y tribunal<\/h3>\n<ul>\n<li><strong>Director de la tesis<\/strong>\n<ul>\n<li>Julio Gil Pecharroman<\/li>\n<\/ul>\n<\/li>\n<li><strong>Tribunal<\/strong>\n<ul>\n<li>Presidente del tribunal: javier Tusell g\u00f3mez <\/li>\n<li>octavio Ruiz-manj\u00f3n cabeza (vocal)<\/li>\n<li>Juan  pablo Fusi aizpurua (vocal)<\/li>\n<li>leandro Alvarez rey (vocal)<\/li>\n<\/ul>\n<\/li>\n<\/ul>\n<p>&nbsp;<\/p>\n","protected":false},"excerpt":{"rendered":"<p>Tesis doctoral de I\u00f1ido Fernandez Luis Enrique La tesis analiza las raices, trayectoria y destino final de lo que en [&hellip;]<\/p>\n","protected":false},"author":1,"featured_media":0,"comment_status":"open","ping_status":"open","sticky":false,"template":"","format":"standard","meta":{"site-sidebar-layout":"default","site-content-layout":"","ast-site-content-layout":"","site-content-style":"default","site-sidebar-style":"default","ast-global-header-display":"","ast-banner-title-visibility":"","ast-main-header-display":"","ast-hfb-above-header-display":"","ast-hfb-below-header-display":"","ast-hfb-mobile-header-display":"","site-post-title":"","ast-breadcrumbs-content":"","ast-featured-img":"","footer-sml-layout":"","theme-transparent-header-meta":"","adv-header-id-meta":"","stick-header-meta":"","header-above-stick-meta":"","header-main-stick-meta":"","header-below-stick-meta":"","astra-migrate-meta-layouts":"default","ast-page-background-enabled":"default","ast-page-background-meta":{"desktop":{"background-color":"var(--ast-global-color-4)","background-image":"","background-repeat":"repeat","background-position":"center center","background-size":"auto","background-attachment":"scroll","background-type":"","background-media":"","overlay-type":"","overlay-color":"","overlay-gradient":""},"tablet":{"background-color":"","background-image":"","background-repeat":"repeat","background-position":"center center","background-size":"auto","background-attachment":"scroll","background-type":"","background-media":"","overlay-type":"","overlay-color":"","overlay-gradient":""},"mobile":{"background-color":"","background-image":"","background-repeat":"repeat","background-position":"center center","background-size":"auto","background-attachment":"scroll","background-type":"","background-media":"","overlay-type":"","overlay-color":"","overlay-gradient":""}},"ast-content-background-meta":{"desktop":{"background-color":"var(--ast-global-color-5)","background-image":"","background-repeat":"repeat","background-position":"center center","background-size":"auto","background-attachment":"scroll","background-type":"","background-media":"","overlay-type":"","overlay-color":"","overlay-gradient":""},"tablet":{"background-color":"var(--ast-global-color-5)","background-image":"","background-repeat":"repeat","background-position":"center center","background-size":"auto","background-attachment":"scroll","background-type":"","background-media":"","overlay-type":"","overlay-color":"","overlay-gradient":""},"mobile":{"background-color":"var(--ast-global-color-5)","background-image":"","background-repeat":"repeat","background-position":"center center","background-size":"auto","background-attachment":"scroll","background-type":"","background-media":"","overlay-type":"","overlay-color":"","overlay-gradient":""}},"footnotes":""},"categories":[104,1816,3538,220,222,17070],"tags":[171860,15559,6662,4846,4199,6900],"class_list":["post-80189","post","type-post","status-publish","format-standard","hentry","category-historia","category-historia-contemporanea","category-historia-de-las-ideas-politicas","category-historia-por-epocas","category-historias-especializadas","category-nacional-de-educacion-a-distancia","tag-inido-fernandez-luis-enrique","tag-javier-tusell-gomez","tag-juan-pablo-fusi-aizpurua","tag-julio-gil-pecharroman","tag-leandro-alvarez-rey","tag-octavio-ruiz-manjon-cabeza"],"_links":{"self":[{"href":"https:\/\/www.deberes.net\/tesis\/wp-json\/wp\/v2\/posts\/80189","targetHints":{"allow":["GET"]}}],"collection":[{"href":"https:\/\/www.deberes.net\/tesis\/wp-json\/wp\/v2\/posts"}],"about":[{"href":"https:\/\/www.deberes.net\/tesis\/wp-json\/wp\/v2\/types\/post"}],"author":[{"embeddable":true,"href":"https:\/\/www.deberes.net\/tesis\/wp-json\/wp\/v2\/users\/1"}],"replies":[{"embeddable":true,"href":"https:\/\/www.deberes.net\/tesis\/wp-json\/wp\/v2\/comments?post=80189"}],"version-history":[{"count":0,"href":"https:\/\/www.deberes.net\/tesis\/wp-json\/wp\/v2\/posts\/80189\/revisions"}],"wp:attachment":[{"href":"https:\/\/www.deberes.net\/tesis\/wp-json\/wp\/v2\/media?parent=80189"}],"wp:term":[{"taxonomy":"category","embeddable":true,"href":"https:\/\/www.deberes.net\/tesis\/wp-json\/wp\/v2\/categories?post=80189"},{"taxonomy":"post_tag","embeddable":true,"href":"https:\/\/www.deberes.net\/tesis\/wp-json\/wp\/v2\/tags?post=80189"}],"curies":[{"name":"wp","href":"https:\/\/api.w.org\/{rel}","templated":true}]}}