{"id":80199,"date":"2018-03-10T00:03:54","date_gmt":"2018-03-10T00:03:54","guid":{"rendered":"https:\/\/www.deberes.net\/tesis\/sin-categoria\/el-regimen-competencial-del-urbanismo-en-espana\/"},"modified":"2018-03-10T00:03:54","modified_gmt":"2018-03-10T00:03:54","slug":"el-regimen-competencial-del-urbanismo-en-espana","status":"publish","type":"post","link":"https:\/\/www.deberes.net\/tesis\/ciencias-juridicas-y-derecho\/el-regimen-competencial-del-urbanismo-en-espana\/","title":{"rendered":"El r\u00e9gimen competencial del urbanismo en espa\u00f1a"},"content":{"rendered":"<h2>Tesis doctoral de <strong> Almudena Fern\u00e1ndez Carballal <\/strong><\/h2>\n<p>\u00abel r\u00e9gimen competencial del urbanismo en espa\u00f1a\u00bb estudia el r\u00e9gimen jur\u00eddico de la propiedad del suelo en el derecho urban\u00edstico vigente. Sistematizada en dos partes perfectamente diferenciadas pero no desligadas, en an\u00e1lisis se aborda desde una perspectiva normativa, doctrinal y sobre todo, jurisprudencial. en primer lugar, se delimita material y competencialmente el contenido de la propiedad urban\u00edstica. En segundo lugar, bajo la perspectiva de los intereses generales y otros principios generales que informan la actuaci\u00f3n de las administraciones p\u00fablicas, se lleva a cabo un estudio de las competencias sectoriales que inciden de forma mediata o inmediata en la ordenaci\u00f3n del territorio.<\/p>\n<p>&nbsp;<\/p>\n<h3>Datos acad\u00e9micos de la tesis doctoral \u00ab<strong>El r\u00e9gimen competencial del urbanismo en espa\u00f1a<\/strong>\u00ab<\/h3>\n<ul>\n<li><strong>T\u00edtulo de la tesis:<\/strong>\u00a0 El r\u00e9gimen competencial del urbanismo en espa\u00f1a <\/li>\n<li><strong>Autor:<\/strong>\u00a0 Almudena Fern\u00e1ndez Carballal <\/li>\n<li><strong>Universidad:<\/strong>\u00a0 A coru\u00f1a<\/li>\n<li><strong>Fecha de lectura de la tesis:<\/strong>\u00a0 17\/06\/1999<\/li>\n<\/ul>\n<p>&nbsp;<\/p>\n<h3>Direcci\u00f3n y tribunal<\/h3>\n<ul>\n<li><strong>Director de la tesis<\/strong>\n<ul>\n<li>Jos\u00e9 Luis Meilan Gil<\/li>\n<\/ul>\n<\/li>\n<li><strong>Tribunal<\/strong>\n<ul>\n<li>Presidente del tribunal: Jes\u00fas Gonz\u00e1lez p\u00e9rez <\/li>\n<li>pablo Gonz\u00e1lez mari\u00f1as (vocal)<\/li>\n<li>\u00e1ngel Men\u00e9ndez rexach (vocal)<\/li>\n<li>Francisco Javier Sanz larruga (vocal)<\/li>\n<\/ul>\n<\/li>\n<\/ul>\n<p>&nbsp;<\/p>\n","protected":false},"excerpt":{"rendered":"<p>Tesis doctoral de Almudena Fern\u00e1ndez Carballal \u00abel r\u00e9gimen competencial del urbanismo en espa\u00f1a\u00bb estudia el r\u00e9gimen jur\u00eddico de la propiedad [&hellip;]<\/p>\n","protected":false},"author":1,"featured_media":0,"comment_status":"open","ping_status":"open","sticky":false,"template":"","format":"standard","meta":{"site-sidebar-layout":"default","site-content-layout":"","ast-site-content-layout":"","site-content-style":"default","site-sidebar-style":"default","ast-global-header-display":"","ast-banner-title-visibility":"","ast-main-header-display":"","ast-hfb-above-header-display":"","ast-hfb-below-header-display":"","ast-hfb-mobile-header-display":"","site-post-title":"","ast-breadcrumbs-content":"","ast-featured-img":"","footer-sml-layout":"","theme-transparent-header-meta":"","adv-header-id-meta":"","stick-header-meta":"","header-above-stick-meta":"","header-main-stick-meta":"","header-below-stick-meta":"","astra-migrate-meta-layouts":"default","ast-page-background-enabled":"default","ast-page-background-meta":{"desktop":{"background-color":"var(--ast-global-color-4)","background-image":"","background-repeat":"repeat","background-position":"center center","background-size":"auto","background-attachment":"scroll","background-type":"","background-media":"","overlay-type":"","overlay-color":"","overlay-gradient":""},"tablet":{"background-color":"","background-image":"","background-repeat":"repeat","background-position":"center center","background-size":"auto","background-attachment":"scroll","background-type":"","background-media":"","overlay-type":"","overlay-color":"","overlay-gradient":""},"mobile":{"background-color":"","background-image":"","background-repeat":"repeat","background-position":"center center","background-size":"auto","background-attachment":"scroll","background-type":"","background-media":"","overlay-type":"","overlay-color":"","overlay-gradient":""}},"ast-content-background-meta":{"desktop":{"background-color":"var(--ast-global-color-5)","background-image":"","background-repeat":"repeat","background-position":"center center","background-size":"auto","background-attachment":"scroll","background-type":"","background-media":"","overlay-type":"","overlay-color":"","overlay-gradient":""},"tablet":{"background-color":"var(--ast-global-color-5)","background-image":"","background-repeat":"repeat","background-position":"center center","background-size":"auto","background-attachment":"scroll","background-type":"","background-media":"","overlay-type":"","overlay-color":"","overlay-gradient":""},"mobile":{"background-color":"var(--ast-global-color-5)","background-image":"","background-repeat":"repeat","background-position":"center center","background-size":"auto","background-attachment":"scroll","background-type":"","background-media":"","overlay-type":"","overlay-color":"","overlay-gradient":""}},"footnotes":""},"categories":[18576,612,1442,979],"tags":[171878,14619,70465,23364,11039,18592],"class_list":["post-80199","post","type-post","status-publish","format-standard","hentry","category-a-coruna","category-ciencias-juridicas-y-derecho","category-derecho-administrativo","category-derecho-y-legislacion-nacionales","tag-almudena-fernandez-carballal","tag-angel-menendez-rexach","tag-francisco-javier-sanz-larruga","tag-jesus-gonzalez-perez","tag-jose-luis-meilan-gil","tag-pablo-gonzalez-marinas"],"_links":{"self":[{"href":"https:\/\/www.deberes.net\/tesis\/wp-json\/wp\/v2\/posts\/80199","targetHints":{"allow":["GET"]}}],"collection":[{"href":"https:\/\/www.deberes.net\/tesis\/wp-json\/wp\/v2\/posts"}],"about":[{"href":"https:\/\/www.deberes.net\/tesis\/wp-json\/wp\/v2\/types\/post"}],"author":[{"embeddable":true,"href":"https:\/\/www.deberes.net\/tesis\/wp-json\/wp\/v2\/users\/1"}],"replies":[{"embeddable":true,"href":"https:\/\/www.deberes.net\/tesis\/wp-json\/wp\/v2\/comments?post=80199"}],"version-history":[{"count":0,"href":"https:\/\/www.deberes.net\/tesis\/wp-json\/wp\/v2\/posts\/80199\/revisions"}],"wp:attachment":[{"href":"https:\/\/www.deberes.net\/tesis\/wp-json\/wp\/v2\/media?parent=80199"}],"wp:term":[{"taxonomy":"category","embeddable":true,"href":"https:\/\/www.deberes.net\/tesis\/wp-json\/wp\/v2\/categories?post=80199"},{"taxonomy":"post_tag","embeddable":true,"href":"https:\/\/www.deberes.net\/tesis\/wp-json\/wp\/v2\/tags?post=80199"}],"curies":[{"name":"wp","href":"https:\/\/api.w.org\/{rel}","templated":true}]}}