{"id":80225,"date":"2018-03-10T00:03:54","date_gmt":"2018-03-10T00:03:54","guid":{"rendered":"https:\/\/www.deberes.net\/tesis\/sin-categoria\/estudio-antropometrico-de-la-comunidad-valenciana-comarca-de-el-camp-de-turia\/"},"modified":"2018-03-10T00:03:54","modified_gmt":"2018-03-10T00:03:54","slug":"estudio-antropometrico-de-la-comunidad-valenciana-comarca-de-el-camp-de-turia","status":"publish","type":"post","link":"https:\/\/www.deberes.net\/tesis\/ciencias-de-la-vida\/estudio-antropometrico-de-la-comunidad-valenciana-comarca-de-el-camp-de-turia\/","title":{"rendered":"Estudio antropometrico de la comunidad Valenciana: comarca de \u00abel camp de turia\u00bb"},"content":{"rendered":"<h2>Tesis doctoral de <strong> Pedro Arenaz Marco <\/strong><\/h2>\n<p>Estudio antropom\u00e9trico de 1021 ni\u00f1os (527 varones y 494 mujeres) de 4 a 14 a\u00f1os, ambos inclusive, oriundos de padres y abuelos de la comarca \u00abel camp de turia\u00bb en la provincia de Valencia. Se realizan 25 determinaciones biometricas (12 somatometricas y 13 cefalometricas) con las que se calculan 12 indices somaticos y 9 cefalicos, las medias aritmeticas, los incrementos anuales y los percentiles correspondientes a cada grupo de edad y sexo.<\/p>\n<p>&nbsp;<\/p>\n<h3>Datos acad\u00e9micos de la tesis doctoral \u00ab<strong>Estudio antropometrico de la comunidad Valenciana: comarca de \u00abel camp de turia\u00bb<\/strong>\u00ab<\/h3>\n<ul>\n<li><strong>T\u00edtulo de la tesis:<\/strong>\u00a0 Estudio antropometrico de la comunidad Valenciana: comarca de \u00abel camp de turia\u00bb <\/li>\n<li><strong>Autor:<\/strong>\u00a0 Pedro Arenaz Marco <\/li>\n<li><strong>Universidad:<\/strong>\u00a0 Miguel hern\u00e1ndez de elche<\/li>\n<li><strong>Fecha de lectura de la tesis:<\/strong>\u00a0 22\/06\/1999<\/li>\n<\/ul>\n<p>&nbsp;<\/p>\n<h3>Direcci\u00f3n y tribunal<\/h3>\n<ul>\n<li><strong>Director de la tesis<\/strong>\n<ul>\n<li>Francisco Jos\u00e9 S\u00e1nchez Del Campo<\/li>\n<\/ul>\n<\/li>\n<li><strong>Tribunal<\/strong>\n<ul>\n<li>Presidente del tribunal: Juan  bautista Marti lloret <\/li>\n<li>victor Smith agreda (vocal)<\/li>\n<li>vicente Almenar garcia (vocal)<\/li>\n<li>elvira Ferres torres (vocal)<\/li>\n<\/ul>\n<\/li>\n<\/ul>\n<p>&nbsp;<\/p>\n","protected":false},"excerpt":{"rendered":"<p>Tesis doctoral de Pedro Arenaz Marco Estudio antropom\u00e9trico de 1021 ni\u00f1os (527 varones y 494 mujeres) de 4 a 14 [&hellip;]<\/p>\n","protected":false},"author":1,"featured_media":0,"comment_status":"open","ping_status":"open","sticky":false,"template":"","format":"standard","meta":{"site-sidebar-layout":"default","site-content-layout":"","ast-site-content-layout":"","site-content-style":"default","site-sidebar-style":"default","ast-global-header-display":"","ast-banner-title-visibility":"","ast-main-header-display":"","ast-hfb-above-header-display":"","ast-hfb-below-header-display":"","ast-hfb-mobile-header-display":"","site-post-title":"","ast-breadcrumbs-content":"","ast-featured-img":"","footer-sml-layout":"","theme-transparent-header-meta":"","adv-header-id-meta":"","stick-header-meta":"","header-above-stick-meta":"","header-main-stick-meta":"","header-below-stick-meta":"","astra-migrate-meta-layouts":"default","ast-page-background-enabled":"default","ast-page-background-meta":{"desktop":{"background-color":"var(--ast-global-color-4)","background-image":"","background-repeat":"repeat","background-position":"center center","background-size":"auto","background-attachment":"scroll","background-type":"","background-media":"","overlay-type":"","overlay-color":"","overlay-gradient":""},"tablet":{"background-color":"","background-image":"","background-repeat":"repeat","background-position":"center center","background-size":"auto","background-attachment":"scroll","background-type":"","background-media":"","overlay-type":"","overlay-color":"","overlay-gradient":""},"mobile":{"background-color":"","background-image":"","background-repeat":"repeat","background-position":"center center","background-size":"auto","background-attachment":"scroll","background-type":"","background-media":"","overlay-type":"","overlay-color":"","overlay-gradient":""}},"ast-content-background-meta":{"desktop":{"background-color":"var(--ast-global-color-5)","background-image":"","background-repeat":"repeat","background-position":"center center","background-size":"auto","background-attachment":"scroll","background-type":"","background-media":"","overlay-type":"","overlay-color":"","overlay-gradient":""},"tablet":{"background-color":"var(--ast-global-color-5)","background-image":"","background-repeat":"repeat","background-position":"center center","background-size":"auto","background-attachment":"scroll","background-type":"","background-media":"","overlay-type":"","overlay-color":"","overlay-gradient":""},"mobile":{"background-color":"var(--ast-global-color-5)","background-image":"","background-repeat":"repeat","background-position":"center center","background-size":"auto","background-attachment":"scroll","background-type":"","background-media":"","overlay-type":"","overlay-color":"","overlay-gradient":""}},"footnotes":""},"categories":[922,7450,212,35,37169],"tags":[7915,12138,9372,171916,12109,8033],"class_list":["post-80225","post","type-post","status-publish","format-standard","hentry","category-antropologia-fisica","category-biologia-de-poblaciones","category-biologia-humana","category-ciencias-de-la-vida","category-miguel-hernandez-de-elche","tag-elvira-ferres-torres","tag-francisco-jose-sanchez-del-campo","tag-juan-bautista-marti-lloret","tag-pedro-arenaz-marco","tag-vicente-almenar-garcia","tag-victor-smith-agreda"],"_links":{"self":[{"href":"https:\/\/www.deberes.net\/tesis\/wp-json\/wp\/v2\/posts\/80225","targetHints":{"allow":["GET"]}}],"collection":[{"href":"https:\/\/www.deberes.net\/tesis\/wp-json\/wp\/v2\/posts"}],"about":[{"href":"https:\/\/www.deberes.net\/tesis\/wp-json\/wp\/v2\/types\/post"}],"author":[{"embeddable":true,"href":"https:\/\/www.deberes.net\/tesis\/wp-json\/wp\/v2\/users\/1"}],"replies":[{"embeddable":true,"href":"https:\/\/www.deberes.net\/tesis\/wp-json\/wp\/v2\/comments?post=80225"}],"version-history":[{"count":0,"href":"https:\/\/www.deberes.net\/tesis\/wp-json\/wp\/v2\/posts\/80225\/revisions"}],"wp:attachment":[{"href":"https:\/\/www.deberes.net\/tesis\/wp-json\/wp\/v2\/media?parent=80225"}],"wp:term":[{"taxonomy":"category","embeddable":true,"href":"https:\/\/www.deberes.net\/tesis\/wp-json\/wp\/v2\/categories?post=80225"},{"taxonomy":"post_tag","embeddable":true,"href":"https:\/\/www.deberes.net\/tesis\/wp-json\/wp\/v2\/tags?post=80225"}],"curies":[{"name":"wp","href":"https:\/\/api.w.org\/{rel}","templated":true}]}}