{"id":80267,"date":"2018-03-10T00:03:59","date_gmt":"2018-03-10T00:03:59","guid":{"rendered":"https:\/\/www.deberes.net\/tesis\/sin-categoria\/la-reaccion-contra-el-iusnaturalismo-moderno-anselmo-desing\/"},"modified":"2018-03-10T00:03:59","modified_gmt":"2018-03-10T00:03:59","slug":"la-reaccion-contra-el-iusnaturalismo-moderno-anselmo-desing","status":"publish","type":"post","link":"https:\/\/www.deberes.net\/tesis\/ciencias-juridicas-y-derecho\/la-reaccion-contra-el-iusnaturalismo-moderno-anselmo-desing\/","title":{"rendered":"La reacci\u00f3n contra el iusnaturalismo moderno; anselmo desing."},"content":{"rendered":"<h2>Tesis doctoral de <strong> Leticia Cabrera Caro <\/strong><\/h2>\n<p>Desing fue uno de los primeros autores cat\u00f3licos que, en plena ilustraci\u00f3n alemana asumi\u00f3 la tarea de defender algunos de los fundamentos de la fe cat\u00f3lica, atacados por la gran difusi\u00f3n de las teor\u00edas secularizadoras del nuevo derecho natural. En su defensa de la tradicci\u00f3n jur\u00eddica romanista, desde las categorias aristot\u00e9licas y escol\u00e1sticas, alert\u00f3 a la juventud a la que dirig\u00eda su docencia sobre los peligros del \u00abius naturale\u00bb, en el que observaba desprecio por la vida del esp\u00edritu, deliberado af\u00e1n secularizador y forzamiento de las categor\u00eda racionales que han de estar presentes en la explicaci\u00f3n de cualquier rama de la filosof\u00eda pr\u00e1ctica. La campa\u00f1a d insultos contra la iglesia cat\u00f3lica y contra toda la cultura ligada a ella, que hab\u00eda comenzado con samuel pufendorf y que prosiguieron con bastante vehemencia thomasius, budde y otros iusnaturalistas alemanes destacados tomando como pretexto los libros del nuevo derecho natural, fue un acicate m\u00e1s para esta reacci\u00f3n antisecularizadora.<\/p>\n<p>&nbsp;<\/p>\n<h3>Datos acad\u00e9micos de la tesis doctoral \u00ab<strong>La reacci\u00f3n contra el iusnaturalismo moderno; anselmo desing.<\/strong>\u00ab<\/h3>\n<ul>\n<li><strong>T\u00edtulo de la tesis:<\/strong>\u00a0 La reacci\u00f3n contra el iusnaturalismo moderno; anselmo desing. <\/li>\n<li><strong>Autor:<\/strong>\u00a0 Leticia Cabrera Caro <\/li>\n<li><strong>Universidad:<\/strong>\u00a0 C\u00e1diz<\/li>\n<li><strong>Fecha de lectura de la tesis:<\/strong>\u00a0 30\/06\/1999<\/li>\n<\/ul>\n<p>&nbsp;<\/p>\n<h3>Direcci\u00f3n y tribunal<\/h3>\n<ul>\n<li><strong>Director de la tesis<\/strong>\n<ul>\n<li>Francisco Carpintero Benitez<\/li>\n<\/ul>\n<\/li>\n<li><strong>Tribunal<\/strong>\n<ul>\n<li>Presidente del tribunal: angela Sanchez de vera torres <\/li>\n<li>pablo Badillo o`farrell (vocal)<\/li>\n<li>Francisco Puy mu\u00f1oz (vocal)<\/li>\n<li>diego Medina morales (vocal)<\/li>\n<\/ul>\n<\/li>\n<\/ul>\n<p>&nbsp;<\/p>\n","protected":false},"excerpt":{"rendered":"<p>Tesis doctoral de Leticia Cabrera Caro Desing fue uno de los primeros autores cat\u00f3licos que, en plena ilustraci\u00f3n alemana asumi\u00f3 [&hellip;]<\/p>\n","protected":false},"author":1,"featured_media":0,"comment_status":"open","ping_status":"open","sticky":false,"template":"","format":"standard","meta":{"site-sidebar-layout":"default","site-content-layout":"","ast-site-content-layout":"","site-content-style":"default","site-sidebar-style":"default","ast-global-header-display":"","ast-banner-title-visibility":"","ast-main-header-display":"","ast-hfb-above-header-display":"","ast-hfb-below-header-display":"","ast-hfb-mobile-header-display":"","site-post-title":"","ast-breadcrumbs-content":"","ast-featured-img":"","footer-sml-layout":"","theme-transparent-header-meta":"","adv-header-id-meta":"","stick-header-meta":"","header-above-stick-meta":"","header-main-stick-meta":"","header-below-stick-meta":"","astra-migrate-meta-layouts":"default","ast-page-background-enabled":"default","ast-page-background-meta":{"desktop":{"background-color":"var(--ast-global-color-4)","background-image":"","background-repeat":"repeat","background-position":"center center","background-size":"auto","background-attachment":"scroll","background-type":"","background-media":"","overlay-type":"","overlay-color":"","overlay-gradient":""},"tablet":{"background-color":"","background-image":"","background-repeat":"repeat","background-position":"center center","background-size":"auto","background-attachment":"scroll","background-type":"","background-media":"","overlay-type":"","overlay-color":"","overlay-gradient":""},"mobile":{"background-color":"","background-image":"","background-repeat":"repeat","background-position":"center center","background-size":"auto","background-attachment":"scroll","background-type":"","background-media":"","overlay-type":"","overlay-color":"","overlay-gradient":""}},"ast-content-background-meta":{"desktop":{"background-color":"var(--ast-global-color-5)","background-image":"","background-repeat":"repeat","background-position":"center center","background-size":"auto","background-attachment":"scroll","background-type":"","background-media":"","overlay-type":"","overlay-color":"","overlay-gradient":""},"tablet":{"background-color":"var(--ast-global-color-5)","background-image":"","background-repeat":"repeat","background-position":"center center","background-size":"auto","background-attachment":"scroll","background-type":"","background-media":"","overlay-type":"","overlay-color":"","overlay-gradient":""},"mobile":{"background-color":"var(--ast-global-color-5)","background-image":"","background-repeat":"repeat","background-position":"center center","background-size":"auto","background-attachment":"scroll","background-type":"","background-media":"","overlay-type":"","overlay-color":"","overlay-gradient":""}},"footnotes":""},"categories":[1506,612,3192,11777,3193],"tags":[7135,98996,46408,3195,171987,11056],"class_list":["post-80267","post","type-post","status-publish","format-standard","hentry","category-cadiz","category-ciencias-juridicas-y-derecho","category-derecho-natural","category-filosofia-del-derecho","category-teoria-y-metodos-generales-del-derecho","tag-angela-sanchez-de-vera-torres","tag-diego-medina-morales","tag-francisco-carpintero-benitez","tag-francisco-puy-munoz","tag-leticia-cabrera-caro","tag-pablo-badillo-ofarrell"],"_links":{"self":[{"href":"https:\/\/www.deberes.net\/tesis\/wp-json\/wp\/v2\/posts\/80267","targetHints":{"allow":["GET"]}}],"collection":[{"href":"https:\/\/www.deberes.net\/tesis\/wp-json\/wp\/v2\/posts"}],"about":[{"href":"https:\/\/www.deberes.net\/tesis\/wp-json\/wp\/v2\/types\/post"}],"author":[{"embeddable":true,"href":"https:\/\/www.deberes.net\/tesis\/wp-json\/wp\/v2\/users\/1"}],"replies":[{"embeddable":true,"href":"https:\/\/www.deberes.net\/tesis\/wp-json\/wp\/v2\/comments?post=80267"}],"version-history":[{"count":0,"href":"https:\/\/www.deberes.net\/tesis\/wp-json\/wp\/v2\/posts\/80267\/revisions"}],"wp:attachment":[{"href":"https:\/\/www.deberes.net\/tesis\/wp-json\/wp\/v2\/media?parent=80267"}],"wp:term":[{"taxonomy":"category","embeddable":true,"href":"https:\/\/www.deberes.net\/tesis\/wp-json\/wp\/v2\/categories?post=80267"},{"taxonomy":"post_tag","embeddable":true,"href":"https:\/\/www.deberes.net\/tesis\/wp-json\/wp\/v2\/tags?post=80267"}],"curies":[{"name":"wp","href":"https:\/\/api.w.org\/{rel}","templated":true}]}}