{"id":80280,"date":"1999-01-07T00:00:00","date_gmt":"1999-01-07T00:00:00","guid":{"rendered":"https:\/\/www.deberes.net\/tesis\/sin-categoria\/familias-con-hijos-adolescentes-sucesos-vitales-y-estrategias-de-afrontamiento\/"},"modified":"1999-01-07T00:00:00","modified_gmt":"1999-01-07T00:00:00","slug":"familias-con-hijos-adolescentes-sucesos-vitales-y-estrategias-de-afrontamiento","status":"publish","type":"post","link":"https:\/\/www.deberes.net\/tesis\/psicologia\/familias-con-hijos-adolescentes-sucesos-vitales-y-estrategias-de-afrontamiento\/","title":{"rendered":"Familias con hijos adolescentes: sucesos vitales y estrategias  de afrontamiento"},"content":{"rendered":"<h2>Tesis doctoral de <strong>  Ruano Piera Rosa Ana <\/strong><\/h2>\n<p>Esta tesis tiene como eje central la familia en la etapa del ciclo vital familiar de la adolescencia, los sucesos vitales y tensiones  los que est\u00e1 expuesta y las estrategias de afrontamiento que usa y considera \u00fatiles ante estos sucesos y tensiones. Todo ello desde la pespectiva de la teor\u00eda del estr\u00e9s familiar y de la resistencia familiar. En la investigaci\u00f3n han surgido como estresores las tensiones intrafamiliares, las econ\u00f3micas y de negocios y las laborales; y como estrategias de afrontamiento:en primer lugar la reestructuraci\u00f3n y en segundo lugar la obtenci\u00f3n de apoyo social, con gran diferencia respecto a las estrategias de evaluaci\u00f3n pasiva, obtenci\u00f3n de apoyo espiritual y movilizaci\u00f3n para conseguir ayuda. Es la estrategia de reestructuraci\u00f3n la m\u00e1s usada y la que se considera m\u00e1s \u00fatil en el afrontamiento de los sucesos vitales y tensiones durante este periodo del ciclo vital de la familia. Estos descubrimientos marcar\u00e1n la direccionalidad de la intervenci\u00f3n y optimizaci\u00f3n del desarrollo familiar en esta etapa de su ciclo vital.<\/p>\n<p>&nbsp;<\/p>\n<h3>Datos acad\u00e9micos de la tesis doctoral \u00ab<strong>Familias con hijos adolescentes: sucesos vitales y estrategias  de afrontamiento<\/strong>\u00ab<\/h3>\n<ul>\n<li><strong>T\u00edtulo de la tesis:<\/strong>\u00a0 Familias con hijos adolescentes: sucesos vitales y estrategias  de afrontamiento <\/li>\n<li><strong>Autor:<\/strong>\u00a0  Ruano Piera Rosa Ana <\/li>\n<li><strong>Universidad:<\/strong>\u00a0 Universitat de val\u00e9ncia (estudi general)<\/li>\n<li><strong>Fecha de lectura de la tesis:<\/strong>\u00a0 01\/07\/1999<\/li>\n<\/ul>\n<p>&nbsp;<\/p>\n<h3>Direcci\u00f3n y tribunal<\/h3>\n<ul>\n<li><strong>Director de la tesis<\/strong>\n<ul>\n<li>Emilia Serra Delfil\u00eds<\/li>\n<\/ul>\n<\/li>\n<li><strong>Tribunal<\/strong>\n<ul>\n<li>Presidente del tribunal: Jos\u00e9 Antonio Carranza carnicero <\/li>\n<li> Martin del buey Francisco (vocal)<\/li>\n<li>cristina L\u00f3pez altschwager (vocal)<\/li>\n<li>Manuel Mill\u00e1n ventura (vocal)<\/li>\n<\/ul>\n<\/li>\n<\/ul>\n<p>&nbsp;<\/p>\n","protected":false},"excerpt":{"rendered":"<p>Tesis doctoral de Ruano Piera Rosa Ana Esta tesis tiene como eje central la familia en la etapa del ciclo [&hellip;]<\/p>\n","protected":false},"author":1,"featured_media":0,"comment_status":"open","ping_status":"open","sticky":false,"template":"","format":"standard","meta":{"site-sidebar-layout":"default","site-content-layout":"","ast-site-content-layout":"","site-content-style":"default","site-sidebar-style":"default","ast-global-header-display":"","ast-banner-title-visibility":"","ast-main-header-display":"","ast-hfb-above-header-display":"","ast-hfb-below-header-display":"","ast-hfb-mobile-header-display":"","site-post-title":"","ast-breadcrumbs-content":"","ast-featured-img":"","footer-sml-layout":"","theme-transparent-header-meta":"","adv-header-id-meta":"","stick-header-meta":"","header-above-stick-meta":"","header-main-stick-meta":"","header-below-stick-meta":"","astra-migrate-meta-layouts":"default","ast-page-background-enabled":"default","ast-page-background-meta":{"desktop":{"background-color":"var(--ast-global-color-4)","background-image":"","background-repeat":"repeat","background-position":"center center","background-size":"auto","background-attachment":"scroll","background-type":"","background-media":"","overlay-type":"","overlay-color":"","overlay-gradient":""},"tablet":{"background-color":"","background-image":"","background-repeat":"repeat","background-position":"center center","background-size":"auto","background-attachment":"scroll","background-type":"","background-media":"","overlay-type":"","overlay-color":"","overlay-gradient":""},"mobile":{"background-color":"","background-image":"","background-repeat":"repeat","background-position":"center center","background-size":"auto","background-attachment":"scroll","background-type":"","background-media":"","overlay-type":"","overlay-color":"","overlay-gradient":""}},"ast-content-background-meta":{"desktop":{"background-color":"var(--ast-global-color-5)","background-image":"","background-repeat":"repeat","background-position":"center center","background-size":"auto","background-attachment":"scroll","background-type":"","background-media":"","overlay-type":"","overlay-color":"","overlay-gradient":""},"tablet":{"background-color":"var(--ast-global-color-5)","background-image":"","background-repeat":"repeat","background-position":"center center","background-size":"auto","background-attachment":"scroll","background-type":"","background-media":"","overlay-type":"","overlay-color":"","overlay-gradient":""},"mobile":{"background-color":"var(--ast-global-color-5)","background-image":"","background-repeat":"repeat","background-position":"center center","background-size":"auto","background-attachment":"scroll","background-type":"","background-media":"","overlay-type":"","overlay-color":"","overlay-gradient":""}},"footnotes":""},"categories":[324,970,2758,996],"tags":[172009,172008,8757,11386,2762,172007],"class_list":["post-80280","post","type-post","status-publish","format-standard","hentry","category-psicologia","category-psicologia-del-nino-y-del-adolescente","category-psicologia-evolutiva","category-psicologia-social","tag-cristina-lopez-altschwager","tag-emilia-serra-delfilis","tag-jose-antonio-carranza-carnicero","tag-manuel-millan-ventura","tag-martin-del-buey-francisco","tag-ruano-piera-rosa-ana"],"_links":{"self":[{"href":"https:\/\/www.deberes.net\/tesis\/wp-json\/wp\/v2\/posts\/80280","targetHints":{"allow":["GET"]}}],"collection":[{"href":"https:\/\/www.deberes.net\/tesis\/wp-json\/wp\/v2\/posts"}],"about":[{"href":"https:\/\/www.deberes.net\/tesis\/wp-json\/wp\/v2\/types\/post"}],"author":[{"embeddable":true,"href":"https:\/\/www.deberes.net\/tesis\/wp-json\/wp\/v2\/users\/1"}],"replies":[{"embeddable":true,"href":"https:\/\/www.deberes.net\/tesis\/wp-json\/wp\/v2\/comments?post=80280"}],"version-history":[{"count":0,"href":"https:\/\/www.deberes.net\/tesis\/wp-json\/wp\/v2\/posts\/80280\/revisions"}],"wp:attachment":[{"href":"https:\/\/www.deberes.net\/tesis\/wp-json\/wp\/v2\/media?parent=80280"}],"wp:term":[{"taxonomy":"category","embeddable":true,"href":"https:\/\/www.deberes.net\/tesis\/wp-json\/wp\/v2\/categories?post=80280"},{"taxonomy":"post_tag","embeddable":true,"href":"https:\/\/www.deberes.net\/tesis\/wp-json\/wp\/v2\/tags?post=80280"}],"curies":[{"name":"wp","href":"https:\/\/api.w.org\/{rel}","templated":true}]}}