{"id":80292,"date":"1999-02-07T00:00:00","date_gmt":"1999-02-07T00:00:00","guid":{"rendered":"https:\/\/www.deberes.net\/tesis\/sin-categoria\/alexitimia-y-dolor-cronico\/"},"modified":"1999-02-07T00:00:00","modified_gmt":"1999-02-07T00:00:00","slug":"alexitimia-y-dolor-cronico","status":"publish","type":"post","link":"https:\/\/www.deberes.net\/tesis\/ciencias-medicas\/alexitimia-y-dolor-cronico\/","title":{"rendered":"Alexitimia y dolor cronico"},"content":{"rendered":"<h2>Tesis doctoral de <strong> Lina Tost Pardell <\/strong><\/h2>\n<p>Se hizo un estudio transversal descriptivo del rasgo alexit\u00edmico en una muestra de pacientes con lumbalgias cr\u00f3nicas utilizando tres escalas psicom\u00e9tricas distintas de alexitimia (biq, tas, mm pi-a)  los resultados obtenidos se\u00f1alan una preValencia del 30% aproximadamente en lso tres test utilizados; las escalas boq y tas correlacionan adecuadamente (r= 0,56) espec\u00edficamente en los dos subfactores f3 y f4 del tas, lo que indica que ambos tests coinciden en medir los aspectos cognitivios del rasgo. Los resultados en los subfactores f1 y f2 divergen del biq y se\u00f1alan el posible solapamiento de la escala tas conotras dimensiones psicol\u00f3gicas en particular la depresi\u00f3n. Los sujetos alexit\u00edmicos muestran comportarse seg\u00fan el paradigma de sifneos del \u00abantineur\u00f3tico\u00bb, con tendencia a la expresi\u00f3n de los conflictos por la via de enfermedades som\u00e1ticas o la somatizaci\u00f3n del dolor.<\/p>\n<p>&nbsp;<\/p>\n<h3>Datos acad\u00e9micos de la tesis doctoral \u00ab<strong>Alexitimia y dolor cronico<\/strong>\u00ab<\/h3>\n<ul>\n<li><strong>T\u00edtulo de la tesis:<\/strong>\u00a0 Alexitimia y dolor cronico <\/li>\n<li><strong>Autor:<\/strong>\u00a0 Lina Tost Pardell <\/li>\n<li><strong>Universidad:<\/strong>\u00a0 La laguna<\/li>\n<li><strong>Fecha de lectura de la tesis:<\/strong>\u00a0 02\/07\/1999<\/li>\n<\/ul>\n<p>&nbsp;<\/p>\n<h3>Direcci\u00f3n y tribunal<\/h3>\n<ul>\n<li><strong>Director de la tesis<\/strong>\n<ul>\n<li>Francisco Rodr\u00edguez Pulido<\/li>\n<\/ul>\n<\/li>\n<li><strong>Tribunal<\/strong>\n<ul>\n<li>Presidente del tribunal: ramon Garcia marco <\/li>\n<li>jeronimo Saiz ruiz (vocal)<\/li>\n<li>Antonio Sierra l\u00f3pez (vocal)<\/li>\n<li>Manuel Valdes miyar (vocal)<\/li>\n<\/ul>\n<\/li>\n<\/ul>\n<p>&nbsp;<\/p>\n","protected":false},"excerpt":{"rendered":"<p>Tesis doctoral de Lina Tost Pardell Se hizo un estudio transversal descriptivo del rasgo alexit\u00edmico en una muestra de pacientes [&hellip;]<\/p>\n","protected":false},"author":1,"featured_media":0,"comment_status":"open","ping_status":"open","sticky":false,"template":"","format":"standard","meta":{"site-sidebar-layout":"default","site-content-layout":"","ast-site-content-layout":"","site-content-style":"default","site-sidebar-style":"default","ast-global-header-display":"","ast-banner-title-visibility":"","ast-main-header-display":"","ast-hfb-above-header-display":"","ast-hfb-below-header-display":"","ast-hfb-mobile-header-display":"","site-post-title":"","ast-breadcrumbs-content":"","ast-featured-img":"","footer-sml-layout":"","theme-transparent-header-meta":"","adv-header-id-meta":"","stick-header-meta":"","header-above-stick-meta":"","header-main-stick-meta":"","header-below-stick-meta":"","astra-migrate-meta-layouts":"default","ast-page-background-enabled":"default","ast-page-background-meta":{"desktop":{"background-color":"var(--ast-global-color-4)","background-image":"","background-repeat":"repeat","background-position":"center center","background-size":"auto","background-attachment":"scroll","background-type":"","background-media":"","overlay-type":"","overlay-color":"","overlay-gradient":""},"tablet":{"background-color":"","background-image":"","background-repeat":"repeat","background-position":"center center","background-size":"auto","background-attachment":"scroll","background-type":"","background-media":"","overlay-type":"","overlay-color":"","overlay-gradient":""},"mobile":{"background-color":"","background-image":"","background-repeat":"repeat","background-position":"center center","background-size":"auto","background-attachment":"scroll","background-type":"","background-media":"","overlay-type":"","overlay-color":"","overlay-gradient":""}},"ast-content-background-meta":{"desktop":{"background-color":"var(--ast-global-color-5)","background-image":"","background-repeat":"repeat","background-position":"center center","background-size":"auto","background-attachment":"scroll","background-type":"","background-media":"","overlay-type":"","overlay-color":"","overlay-gradient":""},"tablet":{"background-color":"var(--ast-global-color-5)","background-image":"","background-repeat":"repeat","background-position":"center center","background-size":"auto","background-attachment":"scroll","background-type":"","background-media":"","overlay-type":"","overlay-color":"","overlay-gradient":""},"mobile":{"background-color":"var(--ast-global-color-5)","background-image":"","background-repeat":"repeat","background-position":"center center","background-size":"auto","background-attachment":"scroll","background-type":"","background-media":"","overlay-type":"","overlay-color":"","overlay-gradient":""}},"footnotes":""},"categories":[155,9,9915,324,487,961,325],"tags":[6588,10711,15315,172024,13671,172025],"class_list":["post-80292","post","type-post","status-publish","format-standard","hentry","category-ciencias-clinicas","category-ciencias-medicas","category-la-laguna","category-psicologia","category-psicologia-clinica","category-psicologia-de-la-anormalidad","category-psicopatologia","tag-antonio-sierra-lopez","tag-francisco-rodriguez-pulido","tag-jeronimo-saiz-ruiz","tag-lina-tost-pardell","tag-manuel-valdes-miyar","tag-ramon-garcia-marco"],"_links":{"self":[{"href":"https:\/\/www.deberes.net\/tesis\/wp-json\/wp\/v2\/posts\/80292","targetHints":{"allow":["GET"]}}],"collection":[{"href":"https:\/\/www.deberes.net\/tesis\/wp-json\/wp\/v2\/posts"}],"about":[{"href":"https:\/\/www.deberes.net\/tesis\/wp-json\/wp\/v2\/types\/post"}],"author":[{"embeddable":true,"href":"https:\/\/www.deberes.net\/tesis\/wp-json\/wp\/v2\/users\/1"}],"replies":[{"embeddable":true,"href":"https:\/\/www.deberes.net\/tesis\/wp-json\/wp\/v2\/comments?post=80292"}],"version-history":[{"count":0,"href":"https:\/\/www.deberes.net\/tesis\/wp-json\/wp\/v2\/posts\/80292\/revisions"}],"wp:attachment":[{"href":"https:\/\/www.deberes.net\/tesis\/wp-json\/wp\/v2\/media?parent=80292"}],"wp:term":[{"taxonomy":"category","embeddable":true,"href":"https:\/\/www.deberes.net\/tesis\/wp-json\/wp\/v2\/categories?post=80292"},{"taxonomy":"post_tag","embeddable":true,"href":"https:\/\/www.deberes.net\/tesis\/wp-json\/wp\/v2\/tags?post=80292"}],"curies":[{"name":"wp","href":"https:\/\/api.w.org\/{rel}","templated":true}]}}