{"id":80312,"date":"1999-05-07T00:00:00","date_gmt":"1999-05-07T00:00:00","guid":{"rendered":"https:\/\/www.deberes.net\/tesis\/sin-categoria\/limites-reales-y-virtuales-entre-empresas-en-la-cadena-de-innovacion-el-sector-de-maquina-herramienta-en-el-pais-vasco\/"},"modified":"1999-05-07T00:00:00","modified_gmt":"1999-05-07T00:00:00","slug":"limites-reales-y-virtuales-entre-empresas-en-la-cadena-de-innovacion-el-sector-de-maquina-herramienta-en-el-pais-vasco","status":"publish","type":"post","link":"https:\/\/www.deberes.net\/tesis\/ciencias-economicas\/limites-reales-y-virtuales-entre-empresas-en-la-cadena-de-innovacion-el-sector-de-maquina-herramienta-en-el-pais-vasco\/","title":{"rendered":"Limites reales y virtuales entre empresas en la cadena de innovacion: el sector de maquina-herramienta en el pais vasco"},"content":{"rendered":"<h2>Tesis doctoral de <strong> Sergio Torres Valdivieso <\/strong><\/h2>\n<p>El objetivo de la investigaci\u00f3n es identificar los determinantes de la forma de gobernaci\u00f3n seleccionada por las empresas del sector de maquina-herramienta en la comunidad autonoma del pais vasco, para realizar innovaciones de producto y de proceso. Para esto se desarroll\u00f3 un referente teorico conformado por las ideas de fricci\u00f3n en el intercambio economico de la teoria de los costes de transaccion, acumulacion de conocimientos de la economia evolutiva y ejercicio de poder de la estrategia competitiva. A partir de este soporte te\u00f3rico se elabor\u00f3 y aplic\u00f3 una encuesta a la empresas innovadoras del sector referido. Teniendo en cuenta esta informaci\u00f3n se probaron la hipotesis por medio de las siguentes tecnicas multivariantes: segmentacion no parametrica y analisis discriminante multiple. Finalmente, teniendo en cuenta los resultados se realizaron algunos aportes para el dise\u00f1o de politica tecnolog\u00eda.<\/p>\n<p>&nbsp;<\/p>\n<h3>Datos acad\u00e9micos de la tesis doctoral \u00ab<strong>Limites reales y virtuales entre empresas en la cadena de innovacion: el sector de maquina-herramienta en el pais vasco<\/strong>\u00ab<\/h3>\n<ul>\n<li><strong>T\u00edtulo de la tesis:<\/strong>\u00a0 Limites reales y virtuales entre empresas en la cadena de innovacion: el sector de maquina-herramienta en el pais vasco <\/li>\n<li><strong>Autor:<\/strong>\u00a0 Sergio Torres Valdivieso <\/li>\n<li><strong>Universidad:<\/strong>\u00a0 Deusto<\/li>\n<li><strong>Fecha de lectura de la tesis:<\/strong>\u00a0 05\/07\/1999<\/li>\n<\/ul>\n<p>&nbsp;<\/p>\n<h3>Direcci\u00f3n y tribunal<\/h3>\n<ul>\n<li><strong>Director de la tesis<\/strong>\n<ul>\n<li>Mikel Buesa Blanco<\/li>\n<\/ul>\n<\/li>\n<li><strong>Tribunal<\/strong>\n<ul>\n<li>Presidente del tribunal: jose Molero zayas <\/li>\n<li>xavier Vence deza (vocal)<\/li>\n<li>Emilio Huerta arribas (vocal)<\/li>\n<li> Echevarria amenabar Jos\u00e9 Mar\u00eda (vocal)<\/li>\n<\/ul>\n<\/li>\n<\/ul>\n<p>&nbsp;<\/p>\n","protected":false},"excerpt":{"rendered":"<p>Tesis doctoral de Sergio Torres Valdivieso El objetivo de la investigaci\u00f3n es identificar los determinantes de la forma de gobernaci\u00f3n [&hellip;]<\/p>\n","protected":false},"author":1,"featured_media":0,"comment_status":"open","ping_status":"open","sticky":false,"template":"","format":"standard","meta":{"site-sidebar-layout":"default","site-content-layout":"","ast-site-content-layout":"","site-content-style":"default","site-sidebar-style":"default","ast-global-header-display":"","ast-banner-title-visibility":"","ast-main-header-display":"","ast-hfb-above-header-display":"","ast-hfb-below-header-display":"","ast-hfb-mobile-header-display":"","site-post-title":"","ast-breadcrumbs-content":"","ast-featured-img":"","footer-sml-layout":"","theme-transparent-header-meta":"","adv-header-id-meta":"","stick-header-meta":"","header-above-stick-meta":"","header-main-stick-meta":"","header-below-stick-meta":"","astra-migrate-meta-layouts":"default","ast-page-background-enabled":"default","ast-page-background-meta":{"desktop":{"background-color":"var(--ast-global-color-4)","background-image":"","background-repeat":"repeat","background-position":"center center","background-size":"auto","background-attachment":"scroll","background-type":"","background-media":"","overlay-type":"","overlay-color":"","overlay-gradient":""},"tablet":{"background-color":"","background-image":"","background-repeat":"repeat","background-position":"center center","background-size":"auto","background-attachment":"scroll","background-type":"","background-media":"","overlay-type":"","overlay-color":"","overlay-gradient":""},"mobile":{"background-color":"","background-image":"","background-repeat":"repeat","background-position":"center center","background-size":"auto","background-attachment":"scroll","background-type":"","background-media":"","overlay-type":"","overlay-color":"","overlay-gradient":""}},"ast-content-background-meta":{"desktop":{"background-color":"var(--ast-global-color-5)","background-image":"","background-repeat":"repeat","background-position":"center center","background-size":"auto","background-attachment":"scroll","background-type":"","background-media":"","overlay-type":"","overlay-color":"","overlay-gradient":""},"tablet":{"background-color":"var(--ast-global-color-5)","background-image":"","background-repeat":"repeat","background-position":"center center","background-size":"auto","background-attachment":"scroll","background-type":"","background-media":"","overlay-type":"","overlay-color":"","overlay-gradient":""},"mobile":{"background-color":"var(--ast-global-color-5)","background-image":"","background-repeat":"repeat","background-position":"center center","background-size":"auto","background-attachment":"scroll","background-type":"","background-media":"","overlay-type":"","overlay-color":"","overlay-gradient":""}},"footnotes":""},"categories":[82,31910,836,991],"tags":[89259,13013,6489,6486,172050,53806],"class_list":["post-80312","post","type-post","status-publish","format-standard","hentry","category-ciencias-economicas","category-deusto","category-economia-del-cambio-tecnologico","category-innovacion-tecnologica","tag-echevarria-amenabar-jose-maria","tag-emilio-huerta-arribas","tag-jose-molero-zayas","tag-mikel-buesa-blanco","tag-sergio-torres-valdivieso","tag-xavier-vence-deza"],"_links":{"self":[{"href":"https:\/\/www.deberes.net\/tesis\/wp-json\/wp\/v2\/posts\/80312","targetHints":{"allow":["GET"]}}],"collection":[{"href":"https:\/\/www.deberes.net\/tesis\/wp-json\/wp\/v2\/posts"}],"about":[{"href":"https:\/\/www.deberes.net\/tesis\/wp-json\/wp\/v2\/types\/post"}],"author":[{"embeddable":true,"href":"https:\/\/www.deberes.net\/tesis\/wp-json\/wp\/v2\/users\/1"}],"replies":[{"embeddable":true,"href":"https:\/\/www.deberes.net\/tesis\/wp-json\/wp\/v2\/comments?post=80312"}],"version-history":[{"count":0,"href":"https:\/\/www.deberes.net\/tesis\/wp-json\/wp\/v2\/posts\/80312\/revisions"}],"wp:attachment":[{"href":"https:\/\/www.deberes.net\/tesis\/wp-json\/wp\/v2\/media?parent=80312"}],"wp:term":[{"taxonomy":"category","embeddable":true,"href":"https:\/\/www.deberes.net\/tesis\/wp-json\/wp\/v2\/categories?post=80312"},{"taxonomy":"post_tag","embeddable":true,"href":"https:\/\/www.deberes.net\/tesis\/wp-json\/wp\/v2\/tags?post=80312"}],"curies":[{"name":"wp","href":"https:\/\/api.w.org\/{rel}","templated":true}]}}