{"id":80340,"date":"1999-08-07T00:00:00","date_gmt":"1999-08-07T00:00:00","guid":{"rendered":"https:\/\/www.deberes.net\/tesis\/sin-categoria\/problematica-sociofamiliar-del-sindrome-de-down-en-nuestro-medio\/"},"modified":"1999-08-07T00:00:00","modified_gmt":"1999-08-07T00:00:00","slug":"problematica-sociofamiliar-del-sindrome-de-down-en-nuestro-medio","status":"publish","type":"post","link":"https:\/\/www.deberes.net\/tesis\/ciencias-medicas\/problematica-sociofamiliar-del-sindrome-de-down-en-nuestro-medio\/","title":{"rendered":"Problematica sociofamiliar del sindrome de down en nuestro medio."},"content":{"rendered":"<h2>Tesis doctoral de <strong> Silvia Ruisanchez Diez <\/strong><\/h2>\n<p>El objetivo de este trabajo fue el estudio de la problem\u00e1tica sociofamiliar del s\u00edndrome de down en nuestro medio, ya que en la literatura son escasas las publicaciones sobre este tema.  como grupo de estudio utilizamos los datos obtenidos de 45 pacientes integrados en las asociaciones s\u00edndrome de down de valladolid y palencia, y como controles 45 ni\u00f1os sanos. Se elabor\u00f3 una encuesta y los resultados obtenidos fueron:  los ni\u00f1os con s\u00edndrome de down no presentan incidencias en el embarazo y\/o parto diferentes de los controles, s\u00ed muestran un peso al nacer significativamente m\u00e1s bajo. La preValencia de anomal\u00edas card\u00edacas, oculares y del lenguaje es mayor que en la poblaci\u00f3n general. La familia conoci\u00f3 el diagn\u00f3stico antes de final del primer mes de vida; la angustia y la esperanza son los sentimientos m\u00e1s habituales.  la vida social de los padres no se modifica y no causan problemas matrimoniales.  todos est\u00e1n escolarizados, no permaneciendo ninguno interno. Su atenci\u00f3n origina unos gastos, y existe una gran preocupaci\u00f3n por el futuro, confiando en que sea un miembro de la familia el que se haga cargo de la atenci\u00f3n.<\/p>\n<p>&nbsp;<\/p>\n<h3>Datos acad\u00e9micos de la tesis doctoral \u00ab<strong>Problematica sociofamiliar del sindrome de down en nuestro medio.<\/strong>\u00ab<\/h3>\n<ul>\n<li><strong>T\u00edtulo de la tesis:<\/strong>\u00a0 Problematica sociofamiliar del sindrome de down en nuestro medio. <\/li>\n<li><strong>Autor:<\/strong>\u00a0 Silvia Ruisanchez Diez <\/li>\n<li><strong>Universidad:<\/strong>\u00a0 Valladolid<\/li>\n<li><strong>Fecha de lectura de la tesis:<\/strong>\u00a0 08\/07\/1999<\/li>\n<\/ul>\n<p>&nbsp;<\/p>\n<h3>Direcci\u00f3n y tribunal<\/h3>\n<ul>\n<li><strong>Director de la tesis<\/strong>\n<ul>\n<li>Rafael Palencia Luaces<\/li>\n<\/ul>\n<\/li>\n<li><strong>Tribunal<\/strong>\n<ul>\n<li>Presidente del tribunal: julio Ardura fern\u00e1ndez <\/li>\n<li>Manuel Castro gago (vocal)<\/li>\n<li>Jos\u00e9 Luis Herranz fernandez (vocal)<\/li>\n<li>  (vocal)<\/li>\n<\/ul>\n<\/li>\n<\/ul>\n<p>&nbsp;<\/p>\n","protected":false},"excerpt":{"rendered":"<p>Tesis doctoral de Silvia Ruisanchez Diez El objetivo de este trabajo fue el estudio de la problem\u00e1tica sociofamiliar del s\u00edndrome [&hellip;]<\/p>\n","protected":false},"author":1,"featured_media":0,"comment_status":"open","ping_status":"open","sticky":false,"template":"","format":"standard","meta":{"site-sidebar-layout":"default","site-content-layout":"","ast-site-content-layout":"","site-content-style":"default","site-sidebar-style":"default","ast-global-header-display":"","ast-banner-title-visibility":"","ast-main-header-display":"","ast-hfb-above-header-display":"","ast-hfb-below-header-display":"","ast-hfb-mobile-header-display":"","site-post-title":"","ast-breadcrumbs-content":"","ast-featured-img":"","footer-sml-layout":"","theme-transparent-header-meta":"","adv-header-id-meta":"","stick-header-meta":"","header-above-stick-meta":"","header-main-stick-meta":"","header-below-stick-meta":"","astra-migrate-meta-layouts":"default","ast-page-background-enabled":"default","ast-page-background-meta":{"desktop":{"background-color":"var(--ast-global-color-4)","background-image":"","background-repeat":"repeat","background-position":"center center","background-size":"auto","background-attachment":"scroll","background-type":"","background-media":"","overlay-type":"","overlay-color":"","overlay-gradient":""},"tablet":{"background-color":"","background-image":"","background-repeat":"repeat","background-position":"center center","background-size":"auto","background-attachment":"scroll","background-type":"","background-media":"","overlay-type":"","overlay-color":"","overlay-gradient":""},"mobile":{"background-color":"","background-image":"","background-repeat":"repeat","background-position":"center center","background-size":"auto","background-attachment":"scroll","background-type":"","background-media":"","overlay-type":"","overlay-color":"","overlay-gradient":""}},"ast-content-background-meta":{"desktop":{"background-color":"var(--ast-global-color-5)","background-image":"","background-repeat":"repeat","background-position":"center center","background-size":"auto","background-attachment":"scroll","background-type":"","background-media":"","overlay-type":"","overlay-color":"","overlay-gradient":""},"tablet":{"background-color":"var(--ast-global-color-5)","background-image":"","background-repeat":"repeat","background-position":"center center","background-size":"auto","background-attachment":"scroll","background-type":"","background-media":"","overlay-type":"","overlay-color":"","overlay-gradient":""},"mobile":{"background-color":"var(--ast-global-color-5)","background-image":"","background-repeat":"repeat","background-position":"center center","background-size":"auto","background-attachment":"scroll","background-type":"","background-media":"","overlay-type":"","overlay-color":"","overlay-gradient":""}},"footnotes":""},"categories":[41497,4264,155,9,15568,161,324,961,12451],"tags":[28217,27728,35008,12810,172085],"class_list":["post-80340","post","type-post","status-publish","format-standard","hentry","category-afrontamiento-de-la-enfermedad","category-asesoramiento-y-orientacion-psicologicas","category-ciencias-clinicas","category-ciencias-medicas","category-deficiencia-mental","category-pediatria","category-psicologia","category-psicologia-de-la-anormalidad","category-valladolid","tag-jose-luis-herranz-fernandez","tag-julio-ardura-fernandez","tag-manuel-castro-gago","tag-rafael-palencia-luaces","tag-silvia-ruisanchez-diez"],"_links":{"self":[{"href":"https:\/\/www.deberes.net\/tesis\/wp-json\/wp\/v2\/posts\/80340","targetHints":{"allow":["GET"]}}],"collection":[{"href":"https:\/\/www.deberes.net\/tesis\/wp-json\/wp\/v2\/posts"}],"about":[{"href":"https:\/\/www.deberes.net\/tesis\/wp-json\/wp\/v2\/types\/post"}],"author":[{"embeddable":true,"href":"https:\/\/www.deberes.net\/tesis\/wp-json\/wp\/v2\/users\/1"}],"replies":[{"embeddable":true,"href":"https:\/\/www.deberes.net\/tesis\/wp-json\/wp\/v2\/comments?post=80340"}],"version-history":[{"count":0,"href":"https:\/\/www.deberes.net\/tesis\/wp-json\/wp\/v2\/posts\/80340\/revisions"}],"wp:attachment":[{"href":"https:\/\/www.deberes.net\/tesis\/wp-json\/wp\/v2\/media?parent=80340"}],"wp:term":[{"taxonomy":"category","embeddable":true,"href":"https:\/\/www.deberes.net\/tesis\/wp-json\/wp\/v2\/categories?post=80340"},{"taxonomy":"post_tag","embeddable":true,"href":"https:\/\/www.deberes.net\/tesis\/wp-json\/wp\/v2\/tags?post=80340"}],"curies":[{"name":"wp","href":"https:\/\/api.w.org\/{rel}","templated":true}]}}