{"id":80360,"date":"1999-09-07T00:00:00","date_gmt":"1999-09-07T00:00:00","guid":{"rendered":"https:\/\/www.deberes.net\/tesis\/sin-categoria\/protocolo-terapeutico-para-el-cancer-microcitico-de-pulmon\/"},"modified":"1999-09-07T00:00:00","modified_gmt":"1999-09-07T00:00:00","slug":"protocolo-terapeutico-para-el-cancer-microcitico-de-pulmon","status":"publish","type":"post","link":"https:\/\/www.deberes.net\/tesis\/ciencias-medicas\/protocolo-terapeutico-para-el-cancer-microcitico-de-pulmon\/","title":{"rendered":"Protocolo terapeutico para el cancer microcitico de pulmon"},"content":{"rendered":"<h2>Tesis doctoral de <strong> Jos\u00e9 Antonio Medina Armona <\/strong><\/h2>\n<p>El c\u00e1ncer microc\u00edtico de pulm\u00f3n, ha sido tratado en nuestra \u00e1rea sanitaria con esquemas secuenciales. Datos de la literatura apoyan  el hecho de que la administraci\u00f3n de quimiorapia y radioterapia conjunta, aumentan el porcentaje de respuestas completas y por lo tanto de la supervivencia global.  en enero de 1993 se dise\u00f1o un protocolo terapeutico, que integra en el tiempo la administraci\u00f3n de quimioterapia, con esquema cisplatino y etop\u00f3sido, junto a la radioterapia.  en este protocolo se han incluido 55 pacientes, diagn\u00f3sticados de c\u00e1ncer microc\u00edtico de p- con enfermedad limitada al t\u00f3rax.  los resultados obtenidos, muestran unas respuestas globales del 95% , con un 66% de respuestas complettas. Estos datos reflejan una clara ventaja, en cuanto a la obtenci\u00f3n de respuestas completas, frente al esquema cl\u00e1sico secuencial, que muestra porcentaje de respuestas completas del 22%.  el precio que habia que pagar por alcanzar este por centaje de respuestas, ha sido un incremento en la toxicidad hematologica y esof\u00e1gica.<\/p>\n<p>&nbsp;<\/p>\n<h3>Datos acad\u00e9micos de la tesis doctoral \u00ab<strong>Protocolo terapeutico para el cancer microcitico de pulmon<\/strong>\u00ab<\/h3>\n<ul>\n<li><strong>T\u00edtulo de la tesis:<\/strong>\u00a0 Protocolo terapeutico para el cancer microcitico de pulmon <\/li>\n<li><strong>Autor:<\/strong>\u00a0 Jos\u00e9 Antonio Medina Armona <\/li>\n<li><strong>Universidad:<\/strong>\u00a0 M\u00e1laga<\/li>\n<li><strong>Fecha de lectura de la tesis:<\/strong>\u00a0 09\/07\/1999<\/li>\n<\/ul>\n<p>&nbsp;<\/p>\n<h3>Direcci\u00f3n y tribunal<\/h3>\n<ul>\n<li><strong>Director de la tesis<\/strong>\n<ul>\n<li> Morell O Ca\u00f1a Miguel<\/li>\n<\/ul>\n<\/li>\n<li><strong>Tribunal<\/strong>\n<ul>\n<li>Presidente del tribunal: Jos\u00e9 aurelio Gomez luque <\/li>\n<li> Errazquin saez de tejada Luis (vocal)<\/li>\n<li>Emilio Alba conejo (vocal)<\/li>\n<li>Jos\u00e9 Miguel Fernandez fernandez (vocal)<\/li>\n<\/ul>\n<\/li>\n<\/ul>\n<p>&nbsp;<\/p>\n","protected":false},"excerpt":{"rendered":"<p>Tesis doctoral de Jos\u00e9 Antonio Medina Armona El c\u00e1ncer microc\u00edtico de pulm\u00f3n, ha sido tratado en nuestra \u00e1rea sanitaria con [&hellip;]<\/p>\n","protected":false},"author":1,"featured_media":0,"comment_status":"open","ping_status":"open","sticky":false,"template":"","format":"standard","meta":{"site-sidebar-layout":"default","site-content-layout":"","ast-site-content-layout":"","site-content-style":"default","site-sidebar-style":"default","ast-global-header-display":"","ast-banner-title-visibility":"","ast-main-header-display":"","ast-hfb-above-header-display":"","ast-hfb-below-header-display":"","ast-hfb-mobile-header-display":"","site-post-title":"","ast-breadcrumbs-content":"","ast-featured-img":"","footer-sml-layout":"","theme-transparent-header-meta":"","adv-header-id-meta":"","stick-header-meta":"","header-above-stick-meta":"","header-main-stick-meta":"","header-below-stick-meta":"","astra-migrate-meta-layouts":"default","ast-page-background-enabled":"default","ast-page-background-meta":{"desktop":{"background-color":"var(--ast-global-color-4)","background-image":"","background-repeat":"repeat","background-position":"center center","background-size":"auto","background-attachment":"scroll","background-type":"","background-media":"","overlay-type":"","overlay-color":"","overlay-gradient":""},"tablet":{"background-color":"","background-image":"","background-repeat":"repeat","background-position":"center center","background-size":"auto","background-attachment":"scroll","background-type":"","background-media":"","overlay-type":"","overlay-color":"","overlay-gradient":""},"mobile":{"background-color":"","background-image":"","background-repeat":"repeat","background-position":"center center","background-size":"auto","background-attachment":"scroll","background-type":"","background-media":"","overlay-type":"","overlay-color":"","overlay-gradient":""}},"ast-content-background-meta":{"desktop":{"background-color":"var(--ast-global-color-5)","background-image":"","background-repeat":"repeat","background-position":"center center","background-size":"auto","background-attachment":"scroll","background-type":"","background-media":"","overlay-type":"","overlay-color":"","overlay-gradient":""},"tablet":{"background-color":"var(--ast-global-color-5)","background-image":"","background-repeat":"repeat","background-position":"center center","background-size":"auto","background-attachment":"scroll","background-type":"","background-media":"","overlay-type":"","overlay-color":"","overlay-gradient":""},"mobile":{"background-color":"var(--ast-global-color-5)","background-image":"","background-repeat":"repeat","background-position":"center center","background-size":"auto","background-attachment":"scroll","background-type":"","background-media":"","overlay-type":"","overlay-color":"","overlay-gradient":""}},"footnotes":""},"categories":[160,115,155,9,189,7834,484,17,2046,1809],"tags":[2215,26749,172117,22255,3667,172118],"class_list":["post-80360","post","type-post","status-publish","format-standard","hentry","category-bioquimica","category-bioquimica-molecular","category-ciencias-clinicas","category-ciencias-medicas","category-farmacodinamia","category-malaga","category-mecanismos-de-accion-de-la-quimioterapia","category-quimica","category-radiologia","category-radioterapia","tag-emilio-alba-conejo","tag-errazquin-saez-de-tejada-luis","tag-jose-antonio-medina-armona","tag-jose-aurelio-gomez-luque","tag-jose-miguel-fernandez-fernandez","tag-morell-o-cana-miguel"],"_links":{"self":[{"href":"https:\/\/www.deberes.net\/tesis\/wp-json\/wp\/v2\/posts\/80360","targetHints":{"allow":["GET"]}}],"collection":[{"href":"https:\/\/www.deberes.net\/tesis\/wp-json\/wp\/v2\/posts"}],"about":[{"href":"https:\/\/www.deberes.net\/tesis\/wp-json\/wp\/v2\/types\/post"}],"author":[{"embeddable":true,"href":"https:\/\/www.deberes.net\/tesis\/wp-json\/wp\/v2\/users\/1"}],"replies":[{"embeddable":true,"href":"https:\/\/www.deberes.net\/tesis\/wp-json\/wp\/v2\/comments?post=80360"}],"version-history":[{"count":0,"href":"https:\/\/www.deberes.net\/tesis\/wp-json\/wp\/v2\/posts\/80360\/revisions"}],"wp:attachment":[{"href":"https:\/\/www.deberes.net\/tesis\/wp-json\/wp\/v2\/media?parent=80360"}],"wp:term":[{"taxonomy":"category","embeddable":true,"href":"https:\/\/www.deberes.net\/tesis\/wp-json\/wp\/v2\/categories?post=80360"},{"taxonomy":"post_tag","embeddable":true,"href":"https:\/\/www.deberes.net\/tesis\/wp-json\/wp\/v2\/tags?post=80360"}],"curies":[{"name":"wp","href":"https:\/\/api.w.org\/{rel}","templated":true}]}}