{"id":80374,"date":"1999-09-07T00:00:00","date_gmt":"1999-09-07T00:00:00","guid":{"rendered":"https:\/\/www.deberes.net\/tesis\/sin-categoria\/lugar-de-trabajo-y-poder-empresarial-de-movilidad-geografica\/"},"modified":"1999-09-07T00:00:00","modified_gmt":"1999-09-07T00:00:00","slug":"lugar-de-trabajo-y-poder-empresarial-de-movilidad-geografica","status":"publish","type":"post","link":"https:\/\/www.deberes.net\/tesis\/teoria-y-metodos-generales-del-derecho\/lugar-de-trabajo-y-poder-empresarial-de-movilidad-geografica\/","title":{"rendered":"Lugar de trabajo y poder empresarial de movilidad geografica"},"content":{"rendered":"<h2>Tesis doctoral de <strong> Raquel Serrano Olivares <\/strong><\/h2>\n<p>La tesis doctoral analiza la conexi\u00f3n entre el lugar de cumplimiento de la prestaci\u00f3n laboral y el domicilio del trabajador en cuanto par\u00e1metro delimitador del \u00e1mbito de actuaci\u00f3n del poder empresarial de movilidad geogr\u00e1fica. Con ello se trata de delimitar las distintas expresiones jur\u00eddicas del referido poder y, en \u00faltima instancia, el alcance de las facultades empresariales de alteraci\u00f3n locativa. a tal fin se destina un primer cap\u00edtulo a presentar desde una perspectiva general la problem\u00e1tica en torno a la conexi\u00f3n entre lugar de trabajo y domicilio del trabajador. En un segundo cap\u00edtulo se pone de manifiesto la relevancia constitucional del lugar de trabajo, habida cuenta de su conexi\u00f3n con el domicilio del trabajador y, por tanto, con su libertad de residencia y con la libertad de su vida privada y familiar. En el tercer cap\u00edtulo analizamos c\u00f3mo la conexi\u00f3n de que tratamos se hace valer por el legislador en el seno del art. 40 del arlet, pasando con el cap\u00edtulo cuarto a examinar la movilidad geogr\u00e1fica transnacional a fin de determinar la significaci\u00f3n del territorio en el ejercicio del poder de movilidad geogr\u00e1fica. Finalmente, tratamos de precisar c\u00f3mo opera esa conexi\u00f3n entre lugar de trabajo y domicilio no ya desde una perspectiva general sino desde un plano aplicativo concreto que toma en consideraci\u00f3n la complejidad del lugar de trabajo y las particularidades que las relaciones laborales presentan en la pr\u00e1ctica.<\/p>\n<p>&nbsp;<\/p>\n<h3>Datos acad\u00e9micos de la tesis doctoral \u00ab<strong>Lugar de trabajo y poder empresarial de movilidad geografica<\/strong>\u00ab<\/h3>\n<ul>\n<li><strong>T\u00edtulo de la tesis:<\/strong>\u00a0 Lugar de trabajo y poder empresarial de movilidad geografica <\/li>\n<li><strong>Autor:<\/strong>\u00a0 Raquel Serrano Olivares <\/li>\n<li><strong>Universidad:<\/strong>\u00a0 Pompeu fabra<\/li>\n<li><strong>Fecha de lectura de la tesis:<\/strong>\u00a0 09\/07\/1999<\/li>\n<\/ul>\n<p>&nbsp;<\/p>\n<h3>Direcci\u00f3n y tribunal<\/h3>\n<ul>\n<li><strong>Director de la tesis<\/strong>\n<ul>\n<li>Salvador Del Rey Guanter<\/li>\n<\/ul>\n<\/li>\n<li><strong>Tribunal<\/strong>\n<ul>\n<li>Presidente del tribunal: Mar\u00eda  emilia Casas baamonde <\/li>\n<li>Antonio  vicente Sempere navarro (vocal)<\/li>\n<li>nuria Bouza i vidal (vocal)<\/li>\n<li>joaqu\u00edn Garc\u00eda murcia (vocal)<\/li>\n<\/ul>\n<\/li>\n<\/ul>\n<p>&nbsp;<\/p>\n","protected":false},"excerpt":{"rendered":"<p>Tesis doctoral de Raquel Serrano Olivares La tesis doctoral analiza la conexi\u00f3n entre el lugar de cumplimiento de la prestaci\u00f3n [&hellip;]<\/p>\n","protected":false},"author":1,"featured_media":0,"comment_status":"open","ping_status":"open","sticky":false,"template":"","format":"standard","meta":{"site-sidebar-layout":"default","site-content-layout":"","ast-site-content-layout":"","site-content-style":"default","site-sidebar-style":"default","ast-global-header-display":"","ast-banner-title-visibility":"","ast-main-header-display":"","ast-hfb-above-header-display":"","ast-hfb-below-header-display":"","ast-hfb-mobile-header-display":"","site-post-title":"","ast-breadcrumbs-content":"","ast-featured-img":"","footer-sml-layout":"","theme-transparent-header-meta":"","adv-header-id-meta":"","stick-header-meta":"","header-above-stick-meta":"","header-main-stick-meta":"","header-below-stick-meta":"","astra-migrate-meta-layouts":"default","ast-page-background-enabled":"default","ast-page-background-meta":{"desktop":{"background-color":"var(--ast-global-color-4)","background-image":"","background-repeat":"repeat","background-position":"center center","background-size":"auto","background-attachment":"scroll","background-type":"","background-media":"","overlay-type":"","overlay-color":"","overlay-gradient":""},"tablet":{"background-color":"","background-image":"","background-repeat":"repeat","background-position":"center center","background-size":"auto","background-attachment":"scroll","background-type":"","background-media":"","overlay-type":"","overlay-color":"","overlay-gradient":""},"mobile":{"background-color":"","background-image":"","background-repeat":"repeat","background-position":"center center","background-size":"auto","background-attachment":"scroll","background-type":"","background-media":"","overlay-type":"","overlay-color":"","overlay-gradient":""}},"ast-content-background-meta":{"desktop":{"background-color":"var(--ast-global-color-5)","background-image":"","background-repeat":"repeat","background-position":"center center","background-size":"auto","background-attachment":"scroll","background-type":"","background-media":"","overlay-type":"","overlay-color":"","overlay-gradient":""},"tablet":{"background-color":"var(--ast-global-color-5)","background-image":"","background-repeat":"repeat","background-position":"center center","background-size":"auto","background-attachment":"scroll","background-type":"","background-media":"","overlay-type":"","overlay-color":"","overlay-gradient":""},"mobile":{"background-color":"var(--ast-global-color-5)","background-image":"","background-repeat":"repeat","background-position":"center center","background-size":"auto","background-attachment":"scroll","background-type":"","background-media":"","overlay-type":"","overlay-color":"","overlay-gradient":""}},"footnotes":""},"categories":[18712,3193],"tags":[24532,32506,9456,172139,126383,2175],"class_list":["post-80374","post","type-post","status-publish","format-standard","hentry","category-pompeu-fabra","category-teoria-y-metodos-generales-del-derecho","tag-antonio-vicente-sempere-navarro","tag-joaquin-garcia-murcia","tag-maria-emilia-casas-baamonde","tag-nuria-bouza-i-vidal","tag-raquel-serrano-olivares","tag-salvador-del-rey-guanter"],"_links":{"self":[{"href":"https:\/\/www.deberes.net\/tesis\/wp-json\/wp\/v2\/posts\/80374","targetHints":{"allow":["GET"]}}],"collection":[{"href":"https:\/\/www.deberes.net\/tesis\/wp-json\/wp\/v2\/posts"}],"about":[{"href":"https:\/\/www.deberes.net\/tesis\/wp-json\/wp\/v2\/types\/post"}],"author":[{"embeddable":true,"href":"https:\/\/www.deberes.net\/tesis\/wp-json\/wp\/v2\/users\/1"}],"replies":[{"embeddable":true,"href":"https:\/\/www.deberes.net\/tesis\/wp-json\/wp\/v2\/comments?post=80374"}],"version-history":[{"count":0,"href":"https:\/\/www.deberes.net\/tesis\/wp-json\/wp\/v2\/posts\/80374\/revisions"}],"wp:attachment":[{"href":"https:\/\/www.deberes.net\/tesis\/wp-json\/wp\/v2\/media?parent=80374"}],"wp:term":[{"taxonomy":"category","embeddable":true,"href":"https:\/\/www.deberes.net\/tesis\/wp-json\/wp\/v2\/categories?post=80374"},{"taxonomy":"post_tag","embeddable":true,"href":"https:\/\/www.deberes.net\/tesis\/wp-json\/wp\/v2\/tags?post=80374"}],"curies":[{"name":"wp","href":"https:\/\/api.w.org\/{rel}","templated":true}]}}