{"id":80380,"date":"1999-12-07T00:00:00","date_gmt":"1999-12-07T00:00:00","guid":{"rendered":"https:\/\/www.deberes.net\/tesis\/sin-categoria\/corporate-governance-in-spain-three-empirical-essays\/"},"modified":"1999-12-07T00:00:00","modified_gmt":"1999-12-07T00:00:00","slug":"corporate-governance-in-spain-three-empirical-essays","status":"publish","type":"post","link":"https:\/\/www.deberes.net\/tesis\/ciencias-economicas\/corporate-governance-in-spain-three-empirical-essays\/","title":{"rendered":"Corporate governance in spain: three empirical essays"},"content":{"rendered":"<h2>Tesis doctoral de <strong> Carles Gispert Pellicer <\/strong><\/h2>\n<p>Esta tesis presenta tres ensayos emp\u00edricos acerca del gobierno de la empresa en espa\u00f1a, utilizando datos a partir de una meustra de empresas que han cotizado enlas bolsas de valroes espa\u00f1\u00f3las durante el per\u00edodo 1989-1995.  elobjetivo de la tesis es proprocionar evidnecia emp\u00edrica de los mecanismos de gobierno de las empresas espa\u00f1olas.  en el cap\u00edtulo 2 se investiga la relaci\u00f3n entre rotaci\u00f3n del consejo y resultados de la empresa, encontrando una relaci\u00f3n significativamente negativa entre estas variables, adem\u00e1s de observar que la presencia de consejeros no ejecutivos no incrementa la rotaci\u00f3n de los consejeros ejectuvios, para unos resultados dados,lo que cuestiona que su papel en la empresa espa\u00f1ola sea disciplinario.  en el cap\u00edtulo 3 se detecta una relaci\u00f3n positiva entre  la remuneraci\u00f3n  al consejo y los resultados y el tama\u00f1o de la empresa, adem\u00e1s de encontrar que las estructuras de gobierno influyen s\u00f3lo parcialmente en el establecimietno de remuneraciones al consejo.  finalmente, en el cap\u00edtulo 4 no se encuentra evidencia que los malos resultados previos de las empresas sean las causas de compras significativas de bloques de acciones, aunque si exsiten significativos cambios enlso consejos tras cambios significativos en el accionariado.<\/p>\n<p>&nbsp;<\/p>\n<h3>Datos acad\u00e9micos de la tesis doctoral \u00ab<strong>Corporate governance in spain: three empirical essays<\/strong>\u00ab<\/h3>\n<ul>\n<li><strong>T\u00edtulo de la tesis:<\/strong>\u00a0 Corporate governance in spain: three empirical essays <\/li>\n<li><strong>Autor:<\/strong>\u00a0 Carles Gispert Pellicer <\/li>\n<li><strong>Universidad:<\/strong>\u00a0 Aut\u00f3noma de barcelona<\/li>\n<li><strong>Fecha de lectura de la tesis:<\/strong>\u00a0 12\/07\/1999<\/li>\n<\/ul>\n<p>&nbsp;<\/p>\n<h3>Direcci\u00f3n y tribunal<\/h3>\n<ul>\n<li><strong>Director de la tesis<\/strong>\n<ul>\n<li>Rafel Cresp\u00ed Cladera<\/li>\n<\/ul>\n<\/li>\n<li><strong>Tribunal<\/strong>\n<ul>\n<li>Presidente del tribunal: antoni Serra ramoneda <\/li>\n<li>Ana isabel Fern\u00e1ndez \u00e1lvarez (vocal)<\/li>\n<li>marco Becht (vocal)<\/li>\n<li>joan enric Ricarti costa (vocal)<\/li>\n<\/ul>\n<\/li>\n<\/ul>\n<p>&nbsp;<\/p>\n","protected":false},"excerpt":{"rendered":"<p>Tesis doctoral de Carles Gispert Pellicer Esta tesis presenta tres ensayos emp\u00edricos acerca del gobierno de la empresa en espa\u00f1a, [&hellip;]<\/p>\n","protected":false},"author":1,"featured_media":0,"comment_status":"open","ping_status":"open","sticky":false,"template":"","format":"standard","meta":{"site-sidebar-layout":"default","site-content-layout":"","ast-site-content-layout":"","site-content-style":"default","site-sidebar-style":"default","ast-global-header-display":"","ast-banner-title-visibility":"","ast-main-header-display":"","ast-hfb-above-header-display":"","ast-hfb-below-header-display":"","ast-hfb-mobile-header-display":"","site-post-title":"","ast-breadcrumbs-content":"","ast-featured-img":"","footer-sml-layout":"","theme-transparent-header-meta":"","adv-header-id-meta":"","stick-header-meta":"","header-above-stick-meta":"","header-main-stick-meta":"","header-below-stick-meta":"","astra-migrate-meta-layouts":"default","ast-page-background-enabled":"default","ast-page-background-meta":{"desktop":{"background-color":"var(--ast-global-color-4)","background-image":"","background-repeat":"repeat","background-position":"center center","background-size":"auto","background-attachment":"scroll","background-type":"","background-media":"","overlay-type":"","overlay-color":"","overlay-gradient":""},"tablet":{"background-color":"","background-image":"","background-repeat":"repeat","background-position":"center center","background-size":"auto","background-attachment":"scroll","background-type":"","background-media":"","overlay-type":"","overlay-color":"","overlay-gradient":""},"mobile":{"background-color":"","background-image":"","background-repeat":"repeat","background-position":"center center","background-size":"auto","background-attachment":"scroll","background-type":"","background-media":"","overlay-type":"","overlay-color":"","overlay-gradient":""}},"ast-content-background-meta":{"desktop":{"background-color":"var(--ast-global-color-5)","background-image":"","background-repeat":"repeat","background-position":"center center","background-size":"auto","background-attachment":"scroll","background-type":"","background-media":"","overlay-type":"","overlay-color":"","overlay-gradient":""},"tablet":{"background-color":"var(--ast-global-color-5)","background-image":"","background-repeat":"repeat","background-position":"center center","background-size":"auto","background-attachment":"scroll","background-type":"","background-media":"","overlay-type":"","overlay-color":"","overlay-gradient":""},"mobile":{"background-color":"var(--ast-global-color-5)","background-image":"","background-repeat":"repeat","background-position":"center center","background-size":"auto","background-attachment":"scroll","background-type":"","background-media":"","overlay-type":"","overlay-color":"","overlay-gradient":""}},"footnotes":""},"categories":[82,1302],"tags":[9129,47291,172147,18336,172148,73566],"class_list":["post-80380","post","type-post","status-publish","format-standard","hentry","category-ciencias-economicas","category-organizacion-y-gestion-de-empresas","tag-ana-isabel-fernandez-alvarez","tag-antoni-serra-ramoneda","tag-carles-gispert-pellicer","tag-joan-enric-ricarti-costa","tag-marco-becht","tag-rafel-crespi-cladera"],"_links":{"self":[{"href":"https:\/\/www.deberes.net\/tesis\/wp-json\/wp\/v2\/posts\/80380","targetHints":{"allow":["GET"]}}],"collection":[{"href":"https:\/\/www.deberes.net\/tesis\/wp-json\/wp\/v2\/posts"}],"about":[{"href":"https:\/\/www.deberes.net\/tesis\/wp-json\/wp\/v2\/types\/post"}],"author":[{"embeddable":true,"href":"https:\/\/www.deberes.net\/tesis\/wp-json\/wp\/v2\/users\/1"}],"replies":[{"embeddable":true,"href":"https:\/\/www.deberes.net\/tesis\/wp-json\/wp\/v2\/comments?post=80380"}],"version-history":[{"count":0,"href":"https:\/\/www.deberes.net\/tesis\/wp-json\/wp\/v2\/posts\/80380\/revisions"}],"wp:attachment":[{"href":"https:\/\/www.deberes.net\/tesis\/wp-json\/wp\/v2\/media?parent=80380"}],"wp:term":[{"taxonomy":"category","embeddable":true,"href":"https:\/\/www.deberes.net\/tesis\/wp-json\/wp\/v2\/categories?post=80380"},{"taxonomy":"post_tag","embeddable":true,"href":"https:\/\/www.deberes.net\/tesis\/wp-json\/wp\/v2\/tags?post=80380"}],"curies":[{"name":"wp","href":"https:\/\/api.w.org\/{rel}","templated":true}]}}