{"id":80434,"date":"2018-03-10T00:04:11","date_gmt":"2018-03-10T00:04:11","guid":{"rendered":"https:\/\/www.deberes.net\/tesis\/sin-categoria\/la-agresividad-como-carencia-su-compensacion-durante-la-etapa-infantil\/"},"modified":"2018-03-10T00:04:11","modified_gmt":"2018-03-10T00:04:11","slug":"la-agresividad-como-carencia-su-compensacion-durante-la-etapa-infantil","status":"publish","type":"post","link":"https:\/\/www.deberes.net\/tesis\/psicologia\/la-agresividad-como-carencia-su-compensacion-durante-la-etapa-infantil\/","title":{"rendered":"La agresividad como carencia: su compensaci\u00f3n durante la etapa infantil"},"content":{"rendered":"<h2>Tesis doctoral de <strong>  Silva Ruiz \u00e1ngel Manuel <\/strong><\/h2>\n<p>Los objetivos de nuestra investigaci\u00f3n se centran en conocer la percepci\u00f3n del profesorado acerca de las conductas que pord\u00edan perturbar el clima social del aula y mejorar la interacci\u00f3n, dentro de ese clima, tras la aplicaci\u00f3n de un programa de intervenci\u00f3n, donde la actuaci\u00f3n del maestro pretend\u00eda la modificaci\u00f3n de conductas inadaptadas desde la comprensi\u00f3n del alumno.  desde nuestras hip\u00f3tesis, planteamos la indisciplina escolar como respuesta a una serie de carencias procedentes del medio social y familiar que concluyen en el \u00e1mbito escolar, con carencias de tipo organizativo, de pautas concretas, fundamentadas por la psicolog\u00eda evolutiva y sociolog\u00edas de la educaci\u00f3n.  situamos nuestra investigaci\u00f3n en el \u00faltimo curso de la etapa infantil(cinco a\u00f1os), otorg\u00e1ndole un marcado car\u00e1cter preventiavo y compensador, con objeto de evitar una escalada inevitable de las conductas inadaptadas de los ni\u00f1os, a medida que se incorporan a los niveles obligatorios.  a la vista de los resultados obtenidos, podemos concluir la necesidad apremiante de consolidar una formaci\u00f3n psicopedag\u00f3gica del profesorado contextualizada desde la facultad de educaci\u00f3n y de coordinar la actuaci\u00f3n de los equipos docentes en los centros educativos en materia de disciplina, a partir de una base psicol\u00f3gica y cient\u00edfica.<\/p>\n<p>&nbsp;<\/p>\n<h3>Datos acad\u00e9micos de la tesis doctoral \u00ab<strong>La agresividad como carencia: su compensaci\u00f3n durante la etapa infantil<\/strong>\u00ab<\/h3>\n<ul>\n<li><strong>T\u00edtulo de la tesis:<\/strong>\u00a0 La agresividad como carencia: su compensaci\u00f3n durante la etapa infantil <\/li>\n<li><strong>Autor:<\/strong>\u00a0  Silva Ruiz \u00e1ngel Manuel <\/li>\n<li><strong>Universidad:<\/strong>\u00a0 Extremadura<\/li>\n<li><strong>Fecha de lectura de la tesis:<\/strong>\u00a0 19\/07\/1999<\/li>\n<\/ul>\n<p>&nbsp;<\/p>\n<h3>Direcci\u00f3n y tribunal<\/h3>\n<ul>\n<li><strong>Director de la tesis<\/strong>\n<ul>\n<li>Florencio Vicente Castro<\/li>\n<\/ul>\n<\/li>\n<li><strong>Tribunal<\/strong>\n<ul>\n<li>Presidente del tribunal: ramona Rubio herera <\/li>\n<li>v\u00edctor Santiuste bermejo (vocal)<\/li>\n<li>Antonio Mesonero valhondo (vocal)<\/li>\n<li>eliseo alfonso Barca lozano (vocal)<\/li>\n<\/ul>\n<\/li>\n<\/ul>\n<p>&nbsp;<\/p>\n","protected":false},"excerpt":{"rendered":"<p>Tesis doctoral de Silva Ruiz \u00e1ngel Manuel Los objetivos de nuestra investigaci\u00f3n se centran en conocer la percepci\u00f3n del profesorado [&hellip;]<\/p>\n","protected":false},"author":1,"featured_media":0,"comment_status":"open","ping_status":"open","sticky":false,"template":"","format":"standard","meta":{"site-sidebar-layout":"default","site-content-layout":"","ast-site-content-layout":"","site-content-style":"default","site-sidebar-style":"default","ast-global-header-display":"","ast-banner-title-visibility":"","ast-main-header-display":"","ast-hfb-above-header-display":"","ast-hfb-below-header-display":"","ast-hfb-mobile-header-display":"","site-post-title":"","ast-breadcrumbs-content":"","ast-featured-img":"","footer-sml-layout":"","theme-transparent-header-meta":"","adv-header-id-meta":"","stick-header-meta":"","header-above-stick-meta":"","header-main-stick-meta":"","header-below-stick-meta":"","astra-migrate-meta-layouts":"default","ast-page-background-enabled":"default","ast-page-background-meta":{"desktop":{"background-color":"var(--ast-global-color-4)","background-image":"","background-repeat":"repeat","background-position":"center center","background-size":"auto","background-attachment":"scroll","background-type":"","background-media":"","overlay-type":"","overlay-color":"","overlay-gradient":""},"tablet":{"background-color":"","background-image":"","background-repeat":"repeat","background-position":"center center","background-size":"auto","background-attachment":"scroll","background-type":"","background-media":"","overlay-type":"","overlay-color":"","overlay-gradient":""},"mobile":{"background-color":"","background-image":"","background-repeat":"repeat","background-position":"center center","background-size":"auto","background-attachment":"scroll","background-type":"","background-media":"","overlay-type":"","overlay-color":"","overlay-gradient":""}},"ast-content-background-meta":{"desktop":{"background-color":"var(--ast-global-color-5)","background-image":"","background-repeat":"repeat","background-position":"center center","background-size":"auto","background-attachment":"scroll","background-type":"","background-media":"","overlay-type":"","overlay-color":"","overlay-gradient":""},"tablet":{"background-color":"var(--ast-global-color-5)","background-image":"","background-repeat":"repeat","background-position":"center center","background-size":"auto","background-attachment":"scroll","background-type":"","background-media":"","overlay-type":"","overlay-color":"","overlay-gradient":""},"mobile":{"background-color":"var(--ast-global-color-5)","background-image":"","background-repeat":"repeat","background-position":"center center","background-size":"auto","background-attachment":"scroll","background-type":"","background-media":"","overlay-type":"","overlay-color":"","overlay-gradient":""}},"footnotes":""},"categories":[7071,949,11830,12013,324,961,970,2758,2462,7126],"tags":[55354,21321,7144,172232,172231,18438],"class_list":["post-80434","post","type-post","status-publish","format-standard","hentry","category-desordenes-del-comportamiento","category-extremadura","category-motivacion","category-prevencion-de-accidentes","category-psicologia","category-psicologia-de-la-anormalidad","category-psicologia-del-nino-y-del-adolescente","category-psicologia-evolutiva","category-psicologia-experimental","category-psicologia-industrial","tag-antonio-mesonero-valhondo","tag-eliseo-alfonso-barca-lozano","tag-florencio-vicente-castro","tag-ramona-rubio-herera","tag-silva-ruiz-angel-manuel","tag-victor-santiuste-bermejo"],"_links":{"self":[{"href":"https:\/\/www.deberes.net\/tesis\/wp-json\/wp\/v2\/posts\/80434","targetHints":{"allow":["GET"]}}],"collection":[{"href":"https:\/\/www.deberes.net\/tesis\/wp-json\/wp\/v2\/posts"}],"about":[{"href":"https:\/\/www.deberes.net\/tesis\/wp-json\/wp\/v2\/types\/post"}],"author":[{"embeddable":true,"href":"https:\/\/www.deberes.net\/tesis\/wp-json\/wp\/v2\/users\/1"}],"replies":[{"embeddable":true,"href":"https:\/\/www.deberes.net\/tesis\/wp-json\/wp\/v2\/comments?post=80434"}],"version-history":[{"count":0,"href":"https:\/\/www.deberes.net\/tesis\/wp-json\/wp\/v2\/posts\/80434\/revisions"}],"wp:attachment":[{"href":"https:\/\/www.deberes.net\/tesis\/wp-json\/wp\/v2\/media?parent=80434"}],"wp:term":[{"taxonomy":"category","embeddable":true,"href":"https:\/\/www.deberes.net\/tesis\/wp-json\/wp\/v2\/categories?post=80434"},{"taxonomy":"post_tag","embeddable":true,"href":"https:\/\/www.deberes.net\/tesis\/wp-json\/wp\/v2\/tags?post=80434"}],"curies":[{"name":"wp","href":"https:\/\/api.w.org\/{rel}","templated":true}]}}