{"id":80449,"date":"2018-03-10T00:04:11","date_gmt":"2018-03-10T00:04:11","guid":{"rendered":"https:\/\/www.deberes.net\/tesis\/sin-categoria\/benedetto-marcello-1686-1739-en-el-intercambio-teorico-musical-entre-italia-alemania-y-espana-en-la-transicion-de-los-siglos-xvii-xviii\/"},"modified":"2018-03-10T00:04:11","modified_gmt":"2018-03-10T00:04:11","slug":"benedetto-marcello-1686-1739-en-el-intercambio-teorico-musical-entre-italia-alemania-y-espana-en-la-transicion-de-los-siglos-xvii-xviii","status":"publish","type":"post","link":"https:\/\/www.deberes.net\/tesis\/historia\/benedetto-marcello-1686-1739-en-el-intercambio-teorico-musical-entre-italia-alemania-y-espana-en-la-transicion-de-los-siglos-xvii-xviii\/","title":{"rendered":"Benedetto marcello (1686-1739) en el intercambio teorico musical entre italia, alemania y espa\u00f1a en la transici\u00f3n de los siglos xvii-xviii"},"content":{"rendered":"<h2>Tesis doctoral de <strong> Mar\u00eda  Isabel Sanchez  Alia <\/strong><\/h2>\n<p>Tras clasificar todas y cada una de las facetas de este autor como patricio veneciano, cr\u00edtico teatral, pastor arcade, filarm\u00f3nico, \u00abdilettante\u00bb, poeta espiritual, poeta ir\u00f3nico, libretista, pol\u00edtico y abogado; demostramos que representa un punto central dentro del intercambio te\u00f3rico-musical entre italia, espa\u00f1a y alemania en el periodo barroco.   su estilo compositivo fue definido por mattheson como \u00abnobile semplicit\u00ed\u00a0\u00ab, pero evidenciamos que b. Marcello a\u00fana m\u00e1s estilos. Si por un lado en su \u00abestro poetico-armonico\u00bb se pronuncia como ac\u00e9rrimo defensor del \u00abstile antico\u00bb y lo demuestra recurriendo al uso de los modos griegos y de los tonos eclesi\u00e1sticos antiguos, en sus obras instrumentales practica el \u00abstyle galant\u00bb, tan de moda en las cortes europeas, y se anticipa al movimiento \u00absturm und drang\u00bb en sus cantatas dram\u00e1ticas.   alej\u00e1ndonos de su contexto veneciano y tomando como punto de partida alemania y espa\u00f1a se demuestra o hipotetiza con ejemplos significativos como b. Marcello, que permaneci\u00f3 su vida en italia, a caballo entre venecia, florencia y brescia; fue modelo a imitar por los m\u00e1s importantes m\u00fasicos de la \u00e9poca (g.F. H\u00ed\u00a4ndel, j.S. Bach). Pero en donde constatamos y demostramos que realmente se produjo un intercambio de los lenguajes musicales, y de ello se dan numerosas pruebas, es en las entonaciones de los hebreos alemanes y hebreos espa\u00f1oles de la comunidad veneciana que marcello transcribe en sus \u00absalmos\u00bb y con los que realiza un trabajo contrapunt\u00edstico que conducir\u00e1 a la fusi\u00f3n de los lenguajes musicales espa\u00f1ol, italiano y alem\u00e1n.   se realiza una traducci\u00f3n del \u00abteatro alla moda\u00bb al castellano como contribuci\u00f3n a la divulgaci\u00f3n de la obra de benedetto marcello en espa\u00f1a.<\/p>\n<p>&nbsp;<\/p>\n<h3>Datos acad\u00e9micos de la tesis doctoral \u00ab<strong>Benedetto marcello (1686-1739) en el intercambio teorico musical entre italia, alemania y espa\u00f1a en la transici\u00f3n de los siglos xvii-xviii<\/strong>\u00ab<\/h3>\n<ul>\n<li><strong>T\u00edtulo de la tesis:<\/strong>\u00a0 Benedetto marcello (1686-1739) en el intercambio teorico musical entre italia, alemania y espa\u00f1a en la transici\u00f3n de los siglos xvii-xviii <\/li>\n<li><strong>Autor:<\/strong>\u00a0 Mar\u00eda  Isabel Sanchez  Alia <\/li>\n<li><strong>Universidad:<\/strong>\u00a0 Extremadura<\/li>\n<li><strong>Fecha de lectura de la tesis:<\/strong>\u00a0 20\/07\/1999<\/li>\n<\/ul>\n<p>&nbsp;<\/p>\n<h3>Direcci\u00f3n y tribunal<\/h3>\n<ul>\n<li><strong>Director de la tesis<\/strong>\n<ul>\n<li>M\u00aa Pilar Barrios Manzano<\/li>\n<\/ul>\n<\/li>\n<li><strong>Tribunal<\/strong>\n<ul>\n<li>Presidente del tribunal: Emilio Casares Rodicio <\/li>\n<li>Rosario \u00e1lvarez Mart\u00ednez (vocal)<\/li>\n<li>Jes\u00fas Terr\u00f3n Gonz\u00e1lez (vocal)<\/li>\n<li>  (vocal)<\/li>\n<\/ul>\n<\/li>\n<\/ul>\n<p>&nbsp;<\/p>\n","protected":false},"excerpt":{"rendered":"<p>Tesis doctoral de Mar\u00eda Isabel Sanchez Alia Tras clasificar todas y cada una de las facetas de este autor como [&hellip;]<\/p>\n","protected":false},"author":1,"featured_media":0,"comment_status":"open","ping_status":"open","sticky":false,"template":"","format":"standard","meta":{"site-sidebar-layout":"default","site-content-layout":"","ast-site-content-layout":"","site-content-style":"default","site-sidebar-style":"default","ast-global-header-display":"","ast-banner-title-visibility":"","ast-main-header-display":"","ast-hfb-above-header-display":"","ast-hfb-below-header-display":"","ast-hfb-mobile-header-display":"","site-post-title":"","ast-breadcrumbs-content":"","ast-featured-img":"","footer-sml-layout":"","theme-transparent-header-meta":"","adv-header-id-meta":"","stick-header-meta":"","header-above-stick-meta":"","header-main-stick-meta":"","header-below-stick-meta":"","astra-migrate-meta-layouts":"default","ast-page-background-enabled":"default","ast-page-background-meta":{"desktop":{"background-color":"var(--ast-global-color-4)","background-image":"","background-repeat":"repeat","background-position":"center center","background-size":"auto","background-attachment":"scroll","background-type":"","background-media":"","overlay-type":"","overlay-color":"","overlay-gradient":""},"tablet":{"background-color":"","background-image":"","background-repeat":"repeat","background-position":"center center","background-size":"auto","background-attachment":"scroll","background-type":"","background-media":"","overlay-type":"","overlay-color":"","overlay-gradient":""},"mobile":{"background-color":"","background-image":"","background-repeat":"repeat","background-position":"center center","background-size":"auto","background-attachment":"scroll","background-type":"","background-media":"","overlay-type":"","overlay-color":"","overlay-gradient":""}},"ast-content-background-meta":{"desktop":{"background-color":"var(--ast-global-color-5)","background-image":"","background-repeat":"repeat","background-position":"center center","background-size":"auto","background-attachment":"scroll","background-type":"","background-media":"","overlay-type":"","overlay-color":"","overlay-gradient":""},"tablet":{"background-color":"var(--ast-global-color-5)","background-image":"","background-repeat":"repeat","background-position":"center center","background-size":"auto","background-attachment":"scroll","background-type":"","background-media":"","overlay-type":"","overlay-color":"","overlay-gradient":""},"mobile":{"background-color":"var(--ast-global-color-5)","background-image":"","background-repeat":"repeat","background-position":"center center","background-size":"auto","background-attachment":"scroll","background-type":"","background-media":"","overlay-type":"","overlay-color":"","overlay-gradient":""}},"footnotes":""},"categories":[147,949,104,222,9132],"tags":[7634,50296,172257,54872,22376],"class_list":["post-80449","post","type-post","status-publish","format-standard","hentry","category-ciencias-de-las-artes-y-las-letras","category-extremadura","category-historia","category-historias-especializadas","category-musica-y-musicologia","tag-emilio-casares-rodicio","tag-jesus-terron-gonzalez","tag-maria-isabel-sanchez-alia","tag-ma-pilar-barrios-manzano","tag-rosario-alvarez-Martinez"],"_links":{"self":[{"href":"https:\/\/www.deberes.net\/tesis\/wp-json\/wp\/v2\/posts\/80449","targetHints":{"allow":["GET"]}}],"collection":[{"href":"https:\/\/www.deberes.net\/tesis\/wp-json\/wp\/v2\/posts"}],"about":[{"href":"https:\/\/www.deberes.net\/tesis\/wp-json\/wp\/v2\/types\/post"}],"author":[{"embeddable":true,"href":"https:\/\/www.deberes.net\/tesis\/wp-json\/wp\/v2\/users\/1"}],"replies":[{"embeddable":true,"href":"https:\/\/www.deberes.net\/tesis\/wp-json\/wp\/v2\/comments?post=80449"}],"version-history":[{"count":0,"href":"https:\/\/www.deberes.net\/tesis\/wp-json\/wp\/v2\/posts\/80449\/revisions"}],"wp:attachment":[{"href":"https:\/\/www.deberes.net\/tesis\/wp-json\/wp\/v2\/media?parent=80449"}],"wp:term":[{"taxonomy":"category","embeddable":true,"href":"https:\/\/www.deberes.net\/tesis\/wp-json\/wp\/v2\/categories?post=80449"},{"taxonomy":"post_tag","embeddable":true,"href":"https:\/\/www.deberes.net\/tesis\/wp-json\/wp\/v2\/tags?post=80449"}],"curies":[{"name":"wp","href":"https:\/\/api.w.org\/{rel}","templated":true}]}}