{"id":80468,"date":"2018-03-10T00:04:11","date_gmt":"2018-03-10T00:04:11","guid":{"rendered":"https:\/\/www.deberes.net\/tesis\/sin-categoria\/perfil-de-calidad-de-vida-en-la-esquizofrenia-aplicacion-de-un-nuevo-instrumento-de-medida\/"},"modified":"2018-03-10T00:04:11","modified_gmt":"2018-03-10T00:04:11","slug":"perfil-de-calidad-de-vida-en-la-esquizofrenia-aplicacion-de-un-nuevo-instrumento-de-medida","status":"publish","type":"post","link":"https:\/\/www.deberes.net\/tesis\/psicologia\/perfil-de-calidad-de-vida-en-la-esquizofrenia-aplicacion-de-un-nuevo-instrumento-de-medida\/","title":{"rendered":"Perfil de calidad de vida en la esquizofrenia: aplicaci\u00f3n de un nuevo instrumento de medida"},"content":{"rendered":"<h2>Tesis doctoral de <strong> Andres Arriaga Arrizabalaga <\/strong><\/h2>\n<p>La idea de desarrollar la presente tesis surge a partir de un proyecto multic\u00e9ntrico titulado \u00abevaluaci\u00f3n de necesidades; calidad de vida, evoluci\u00f3n y coste-efectividad de la atenci\u00f3n sanitaria a las personas con incapacitaci\u00f3n severa debida a la esquizofrenia en la union europea\u00bb y llevado a cabo en la unidad de investigacion en psiquiatria clinica y social (centro colaborador de la organizaci\u00f3n mundial de la salud) del servicio de psiquiatria del hospital universitario \u00abmarques de valdecilla\u00bb en colaboraci\u00f3n con otras cinco ciudades europeas y dentro del ambito de una beca biomed-2. La muestra para el estudio se compone de 100 pacientes con diagn\u00f3stico de esquizofrenia y edades comprendidas entre 18 y 65 a\u00f1os. En la primera fase del estudio se evaluar\u00e1 a 50 pacientes remitidos desde un centro de salud mental comunitario de la ciudad de santander. Con estos primeros 50 pacientes se va a evaluar la validez y fiabilidad de los instrumentos con el fin de verificar la aplicaci\u00f3n de los mismos en las redes sanitarias de distintos paises europeos. las areas de investigaci\u00f3n del proyecto son variadas y se ve a cada paciente durante aproximadamente tres horas para completar toda la informaci\u00f3n. la futura tesis que aqu\u00ed esta siendo propuesta va a evaluar la calidad de vida de esta muestra mediante el analisis e interpretaci\u00f3n de los datos que se vayan obteniendo a lo largo de este a\u00f1o. Tras una introducci\u00f3n se presentar\u00e1n los objetivos e hip\u00f3tesis, el material y m\u00e9todos empleados, y tras los resultados, una discusi\u00f3n con sus consecuentes conclusiones. cada paciente asistir\u00e1 durante los pr\u00f3ximos meses a una entrevista donde se evaluar\u00e1 mediante el \u00ablancashire quality of life profile\u00bb su perfil de calidad de vida. La entrevista viene a durar unos treinta minutos, y dentro del plazo de una semana se vuelve a citar al mismo paciente para hacer el re-test. Los datos obtenidos a partir de esta entrevista son introducidos en una ba<\/p>\n<p>&nbsp;<\/p>\n<h3>Datos acad\u00e9micos de la tesis doctoral \u00ab<strong>Perfil de calidad de vida en la esquizofrenia: aplicaci\u00f3n de un nuevo instrumento de medida<\/strong>\u00ab<\/h3>\n<ul>\n<li><strong>T\u00edtulo de la tesis:<\/strong>\u00a0 Perfil de calidad de vida en la esquizofrenia: aplicaci\u00f3n de un nuevo instrumento de medida <\/li>\n<li><strong>Autor:<\/strong>\u00a0 Andres Arriaga Arrizabalaga <\/li>\n<li><strong>Universidad:<\/strong>\u00a0 Deusto<\/li>\n<li><strong>Fecha de lectura de la tesis:<\/strong>\u00a0 22\/07\/1999<\/li>\n<\/ul>\n<p>&nbsp;<\/p>\n<h3>Direcci\u00f3n y tribunal<\/h3>\n<ul>\n<li><strong>Director de la tesis<\/strong>\n<ul>\n<li>Luis De Nicolas Martinez<\/li>\n<\/ul>\n<\/li>\n<li><strong>Tribunal<\/strong>\n<ul>\n<li>Presidente del tribunal: Jos\u00e9 Luis Vazquez barquero <\/li>\n<li>julio Serrano vitores (vocal)<\/li>\n<li>Francisco Goiriena gandarias (vocal)<\/li>\n<li>Francisco Javier Acha ipi\u00f1azar (vocal)<\/li>\n<\/ul>\n<\/li>\n<\/ul>\n<p>&nbsp;<\/p>\n","protected":false},"excerpt":{"rendered":"<p>Tesis doctoral de Andres Arriaga Arrizabalaga La idea de desarrollar la presente tesis surge a partir de un proyecto multic\u00e9ntrico [&hellip;]<\/p>\n","protected":false},"author":1,"featured_media":0,"comment_status":"open","ping_status":"open","sticky":false,"template":"","format":"standard","meta":{"site-sidebar-layout":"default","site-content-layout":"","ast-site-content-layout":"","site-content-style":"default","site-sidebar-style":"default","ast-global-header-display":"","ast-banner-title-visibility":"","ast-main-header-display":"","ast-hfb-above-header-display":"","ast-hfb-below-header-display":"","ast-hfb-mobile-header-display":"","site-post-title":"","ast-breadcrumbs-content":"","ast-featured-img":"","footer-sml-layout":"","theme-transparent-header-meta":"","adv-header-id-meta":"","stick-header-meta":"","header-above-stick-meta":"","header-main-stick-meta":"","header-below-stick-meta":"","astra-migrate-meta-layouts":"default","ast-page-background-enabled":"default","ast-page-background-meta":{"desktop":{"background-color":"var(--ast-global-color-4)","background-image":"","background-repeat":"repeat","background-position":"center center","background-size":"auto","background-attachment":"scroll","background-type":"","background-media":"","overlay-type":"","overlay-color":"","overlay-gradient":""},"tablet":{"background-color":"","background-image":"","background-repeat":"repeat","background-position":"center center","background-size":"auto","background-attachment":"scroll","background-type":"","background-media":"","overlay-type":"","overlay-color":"","overlay-gradient":""},"mobile":{"background-color":"","background-image":"","background-repeat":"repeat","background-position":"center center","background-size":"auto","background-attachment":"scroll","background-type":"","background-media":"","overlay-type":"","overlay-color":"","overlay-gradient":""}},"ast-content-background-meta":{"desktop":{"background-color":"var(--ast-global-color-5)","background-image":"","background-repeat":"repeat","background-position":"center center","background-size":"auto","background-attachment":"scroll","background-type":"","background-media":"","overlay-type":"","overlay-color":"","overlay-gradient":""},"tablet":{"background-color":"var(--ast-global-color-5)","background-image":"","background-repeat":"repeat","background-position":"center center","background-size":"auto","background-attachment":"scroll","background-type":"","background-media":"","overlay-type":"","overlay-color":"","overlay-gradient":""},"mobile":{"background-color":"var(--ast-global-color-5)","background-image":"","background-repeat":"repeat","background-position":"center center","background-size":"auto","background-attachment":"scroll","background-type":"","background-media":"","overlay-type":"","overlay-color":"","overlay-gradient":""}},"footnotes":""},"categories":[31910,1175,324,961,4129,325],"tags":[172288,172289,31926,10709,31921,28091],"class_list":["post-80468","post","type-post","status-publish","format-standard","hentry","category-deusto","category-evaluacion-y-diagnostico-en-psicologia","category-psicologia","category-psicologia-de-la-anormalidad","category-psicometria","category-psicopatologia","tag-andres-arriaga-arrizabalaga","tag-francisco-goiriena-gandarias","tag-francisco-javier-acha-ipinazar","tag-jose-luis-vazquez-barquero","tag-julio-serrano-vitores","tag-luis-de-nicolas-Martinez"],"_links":{"self":[{"href":"https:\/\/www.deberes.net\/tesis\/wp-json\/wp\/v2\/posts\/80468","targetHints":{"allow":["GET"]}}],"collection":[{"href":"https:\/\/www.deberes.net\/tesis\/wp-json\/wp\/v2\/posts"}],"about":[{"href":"https:\/\/www.deberes.net\/tesis\/wp-json\/wp\/v2\/types\/post"}],"author":[{"embeddable":true,"href":"https:\/\/www.deberes.net\/tesis\/wp-json\/wp\/v2\/users\/1"}],"replies":[{"embeddable":true,"href":"https:\/\/www.deberes.net\/tesis\/wp-json\/wp\/v2\/comments?post=80468"}],"version-history":[{"count":0,"href":"https:\/\/www.deberes.net\/tesis\/wp-json\/wp\/v2\/posts\/80468\/revisions"}],"wp:attachment":[{"href":"https:\/\/www.deberes.net\/tesis\/wp-json\/wp\/v2\/media?parent=80468"}],"wp:term":[{"taxonomy":"category","embeddable":true,"href":"https:\/\/www.deberes.net\/tesis\/wp-json\/wp\/v2\/categories?post=80468"},{"taxonomy":"post_tag","embeddable":true,"href":"https:\/\/www.deberes.net\/tesis\/wp-json\/wp\/v2\/tags?post=80468"}],"curies":[{"name":"wp","href":"https:\/\/api.w.org\/{rel}","templated":true}]}}