{"id":80478,"date":"2018-03-10T00:04:11","date_gmt":"2018-03-10T00:04:11","guid":{"rendered":"https:\/\/www.deberes.net\/tesis\/sin-categoria\/valoracion-del-perjuicio-estetico-en-dermatologia-estudio-jurisprudencial\/"},"modified":"2018-03-10T00:04:11","modified_gmt":"2018-03-10T00:04:11","slug":"valoracion-del-perjuicio-estetico-en-dermatologia-estudio-jurisprudencial","status":"publish","type":"post","link":"https:\/\/www.deberes.net\/tesis\/ciencias-medicas\/valoracion-del-perjuicio-estetico-en-dermatologia-estudio-jurisprudencial\/","title":{"rendered":"Valoracion del perjuicio estetico en dermatolog\u00eda . estudio jurisprudencial."},"content":{"rendered":"<h2>Tesis doctoral de <strong> Jes\u00fas Vega Gutierrez <\/strong><\/h2>\n<p>Se ha realizado un estudio del papel de la dermatolog\u00eda en la valoraci\u00f3n de los da\u00f1os corporales, en particular en lo que se refiere a secuelas cicatriciales, calificadas en nuestro pa\u00eds como perjuicio est\u00e9tico, revisando bibliograf\u00eda especializada y legislaci\u00f3n relevante en la materia con referencia detenida al cap\u00edtulo especial de la ley 30\/95 y a los problemas que plantea la regulaci\u00f3n vigente. Igualmente se ha analizado la jurisprudencia m\u00e1s reciente sobre la materia en audiencias provinciales de nuestra comunidad aut\u00f3noma y comunidades lim\u00edtrofes, describiendo las pautas que est\u00e1n siguiendo nuestros tribunales en la indemnizaci\u00f3n de los da\u00f1os est\u00e9ticos.  el estudio realizado ha permitido incorporar la \u00f3ptica propia de la dermatolog\u00eda como especialidad m\u00e9dica que puede y debe aportar sus criterios cient\u00edficos en la evoluci\u00f3n de las t\u00e9cnicas valoradoras del da\u00f1o corporal.<\/p>\n<p>&nbsp;<\/p>\n<h3>Datos acad\u00e9micos de la tesis doctoral \u00ab<strong>Valoracion del perjuicio estetico en dermatolog\u00eda . estudio jurisprudencial.<\/strong>\u00ab<\/h3>\n<ul>\n<li><strong>T\u00edtulo de la tesis:<\/strong>\u00a0 Valoracion del perjuicio estetico en dermatolog\u00eda . estudio jurisprudencial. <\/li>\n<li><strong>Autor:<\/strong>\u00a0 Jes\u00fas Vega Gutierrez <\/li>\n<li><strong>Universidad:<\/strong>\u00a0 Valladolid<\/li>\n<li><strong>Fecha de lectura de la tesis:<\/strong>\u00a0 23\/07\/1999<\/li>\n<\/ul>\n<p>&nbsp;<\/p>\n<h3>Direcci\u00f3n y tribunal<\/h3>\n<ul>\n<li><strong>Director de la tesis<\/strong>\n<ul>\n<li>Pelegrin Martinez Baza<\/li>\n<\/ul>\n<\/li>\n<li><strong>Tribunal<\/strong>\n<ul>\n<li>Presidente del tribunal: pedro Alvarez-qui\u00f1ones caravia <\/li>\n<li>Jos\u00e9 Mar\u00eda Ruiz de la cuesta cascajares (vocal)<\/li>\n<li>Juan  bautista Marti lloret (vocal)<\/li>\n<li>Alberto Miranda romero (vocal)<\/li>\n<\/ul>\n<\/li>\n<\/ul>\n<p>&nbsp;<\/p>\n","protected":false},"excerpt":{"rendered":"<p>Tesis doctoral de Jes\u00fas Vega Gutierrez Se ha realizado un estudio del papel de la dermatolog\u00eda en la valoraci\u00f3n de [&hellip;]<\/p>\n","protected":false},"author":1,"featured_media":0,"comment_status":"open","ping_status":"open","sticky":false,"template":"","format":"standard","meta":{"site-sidebar-layout":"default","site-content-layout":"","ast-site-content-layout":"","site-content-style":"default","site-sidebar-style":"default","ast-global-header-display":"","ast-banner-title-visibility":"","ast-main-header-display":"","ast-hfb-above-header-display":"","ast-hfb-below-header-display":"","ast-hfb-mobile-header-display":"","site-post-title":"","ast-breadcrumbs-content":"","ast-featured-img":"","footer-sml-layout":"","theme-transparent-header-meta":"","adv-header-id-meta":"","stick-header-meta":"","header-above-stick-meta":"","header-main-stick-meta":"","header-below-stick-meta":"","astra-migrate-meta-layouts":"default","ast-page-background-enabled":"default","ast-page-background-meta":{"desktop":{"background-color":"var(--ast-global-color-4)","background-image":"","background-repeat":"repeat","background-position":"center center","background-size":"auto","background-attachment":"scroll","background-type":"","background-media":"","overlay-type":"","overlay-color":"","overlay-gradient":""},"tablet":{"background-color":"","background-image":"","background-repeat":"repeat","background-position":"center center","background-size":"auto","background-attachment":"scroll","background-type":"","background-media":"","overlay-type":"","overlay-color":"","overlay-gradient":""},"mobile":{"background-color":"","background-image":"","background-repeat":"repeat","background-position":"center center","background-size":"auto","background-attachment":"scroll","background-type":"","background-media":"","overlay-type":"","overlay-color":"","overlay-gradient":""}},"ast-content-background-meta":{"desktop":{"background-color":"var(--ast-global-color-5)","background-image":"","background-repeat":"repeat","background-position":"center center","background-size":"auto","background-attachment":"scroll","background-type":"","background-media":"","overlay-type":"","overlay-color":"","overlay-gradient":""},"tablet":{"background-color":"var(--ast-global-color-5)","background-image":"","background-repeat":"repeat","background-position":"center center","background-size":"auto","background-attachment":"scroll","background-type":"","background-media":"","overlay-type":"","overlay-color":"","overlay-gradient":""},"mobile":{"background-color":"var(--ast-global-color-5)","background-image":"","background-repeat":"repeat","background-position":"center center","background-size":"auto","background-attachment":"scroll","background-type":"","background-media":"","overlay-type":"","overlay-color":"","overlay-gradient":""}},"footnotes":""},"categories":[155,612,9,97,19048,968,3193,12451],"tags":[21605,172303,11827,9372,112859,7398],"class_list":["post-80478","post","type-post","status-publish","format-standard","hentry","category-ciencias-clinicas","category-ciencias-juridicas-y-derecho","category-ciencias-medicas","category-dermatologia","category-jurisprudencia","category-medicina-forense","category-teoria-y-metodos-generales-del-derecho","category-valladolid","tag-alberto-miranda-romero","tag-jesus-vega-gutierrez","tag-jose-maria-ruiz-de-la-cuesta-cascajares","tag-juan-bautista-marti-lloret","tag-pedro-alvarez-quinones-caravia","tag-pelegrin-Martinez-baza"],"_links":{"self":[{"href":"https:\/\/www.deberes.net\/tesis\/wp-json\/wp\/v2\/posts\/80478","targetHints":{"allow":["GET"]}}],"collection":[{"href":"https:\/\/www.deberes.net\/tesis\/wp-json\/wp\/v2\/posts"}],"about":[{"href":"https:\/\/www.deberes.net\/tesis\/wp-json\/wp\/v2\/types\/post"}],"author":[{"embeddable":true,"href":"https:\/\/www.deberes.net\/tesis\/wp-json\/wp\/v2\/users\/1"}],"replies":[{"embeddable":true,"href":"https:\/\/www.deberes.net\/tesis\/wp-json\/wp\/v2\/comments?post=80478"}],"version-history":[{"count":0,"href":"https:\/\/www.deberes.net\/tesis\/wp-json\/wp\/v2\/posts\/80478\/revisions"}],"wp:attachment":[{"href":"https:\/\/www.deberes.net\/tesis\/wp-json\/wp\/v2\/media?parent=80478"}],"wp:term":[{"taxonomy":"category","embeddable":true,"href":"https:\/\/www.deberes.net\/tesis\/wp-json\/wp\/v2\/categories?post=80478"},{"taxonomy":"post_tag","embeddable":true,"href":"https:\/\/www.deberes.net\/tesis\/wp-json\/wp\/v2\/tags?post=80478"}],"curies":[{"name":"wp","href":"https:\/\/api.w.org\/{rel}","templated":true}]}}