{"id":80483,"date":"2018-03-10T00:04:11","date_gmt":"2018-03-10T00:04:11","guid":{"rendered":"https:\/\/www.deberes.net\/tesis\/sin-categoria\/metodos-de-contorno-en-clasificacion-estada%c2%adstica-de-patrones\/"},"modified":"2018-03-10T00:04:11","modified_gmt":"2018-03-10T00:04:11","slug":"metodos-de-contorno-en-clasificacion-estada%c2%adstica-de-patrones","status":"publish","type":"post","link":"https:\/\/www.deberes.net\/tesis\/ciencias-tecnologicas\/metodos-de-contorno-en-clasificacion-estada%c2%adstica-de-patrones\/","title":{"rendered":"M\u00e9todos de contorno en clasificaci\u00f3n estad\u00edstica de patrones"},"content":{"rendered":"<h2>Tesis doctoral de <strong>  Sancho G\u00f3mez Jos\u00e9 Luis <\/strong><\/h2>\n<p>Se trata de aportar soluciones a la clasificaci\u00f3n estad\u00edstica de patrones. se presenta y describe un nuevo conjunto de herramientas, que se han denominado \u00abm\u00e9todos de contorno bm\u00bb, cuyo denominador com\u00fan es la obtenci\u00f3n de informaci\u00f3n \u00fatil para la resoluci\u00f3n de problemas de clasificaci\u00f3n mediante la adecuada definici\u00f3n y manipulaci\u00f3n de contornos que encierran muestras y definidos, idealmente, de forma que se ajusten lo m\u00e1s posible a las distribuciones de distintas clases.  se estudian la aplicaci\u00f3n de ebm (m\u00e9todos de limitaci\u00f3n elipsoidal) para determinar una medida de separabilidad entre clases y se realiza un aprendizaje incremental de las redes mlp que resuelve el problema global mediante la resoluci\u00f3n secuencial de subproblemas. Finalmente se desarrolla y analiza el comportamiento de un m\u00e9todo de dise\u00f1o de rbf-nn basado en la selecci\u00f3n de centroides que resultan \u00abcr\u00edticos\u00bb para la clasificaci\u00f3n.<\/p>\n<p>&nbsp;<\/p>\n<h3>Datos acad\u00e9micos de la tesis doctoral \u00ab<strong>M\u00e9todos de contorno en clasificaci\u00f3n estad\u00edstica de patrones<\/strong>\u00ab<\/h3>\n<ul>\n<li><strong>T\u00edtulo de la tesis:<\/strong>\u00a0 M\u00e9todos de contorno en clasificaci\u00f3n estad\u00edstica de patrones <\/li>\n<li><strong>Autor:<\/strong>\u00a0  Sancho G\u00f3mez Jos\u00e9 Luis <\/li>\n<li><strong>Universidad:<\/strong>\u00a0 Carlos III de Madrid<\/li>\n<li><strong>Fecha de lectura de la tesis:<\/strong>\u00a0 23\/07\/1999<\/li>\n<\/ul>\n<p>&nbsp;<\/p>\n<h3>Direcci\u00f3n y tribunal<\/h3>\n<ul>\n<li><strong>Director de la tesis<\/strong>\n<ul>\n<li>Juan  Ram\u00f3n Vidal Roman\u00ed<\/li>\n<\/ul>\n<\/li>\n<li><strong>Tribunal<\/strong>\n<ul>\n<li>Presidente del tribunal: alberto Prieto espinosa <\/li>\n<li>Jos\u00e9 Luis Alba castro (vocal)<\/li>\n<li> D\u00edaz de Mar\u00eda Fernando (vocal)<\/li>\n<li>Francisco Javier Gonz\u00e1lez serrano (vocal)<\/li>\n<\/ul>\n<\/li>\n<\/ul>\n<p>&nbsp;<\/p>\n","protected":false},"excerpt":{"rendered":"<p>Tesis doctoral de Sancho G\u00f3mez Jos\u00e9 Luis Se trata de aportar soluciones a la clasificaci\u00f3n estad\u00edstica de patrones. se presenta [&hellip;]<\/p>\n","protected":false},"author":1,"featured_media":0,"comment_status":"open","ping_status":"open","sticky":false,"template":"","format":"standard","meta":{"site-sidebar-layout":"default","site-content-layout":"","ast-site-content-layout":"","site-content-style":"default","site-sidebar-style":"default","ast-global-header-display":"","ast-banner-title-visibility":"","ast-main-header-display":"","ast-hfb-above-header-display":"","ast-hfb-below-header-display":"","ast-hfb-mobile-header-display":"","site-post-title":"","ast-breadcrumbs-content":"","ast-featured-img":"","footer-sml-layout":"","theme-transparent-header-meta":"","adv-header-id-meta":"","stick-header-meta":"","header-above-stick-meta":"","header-main-stick-meta":"","header-below-stick-meta":"","astra-migrate-meta-layouts":"default","ast-page-background-enabled":"default","ast-page-background-meta":{"desktop":{"background-color":"var(--ast-global-color-4)","background-image":"","background-repeat":"repeat","background-position":"center center","background-size":"auto","background-attachment":"scroll","background-type":"","background-media":"","overlay-type":"","overlay-color":"","overlay-gradient":""},"tablet":{"background-color":"","background-image":"","background-repeat":"repeat","background-position":"center center","background-size":"auto","background-attachment":"scroll","background-type":"","background-media":"","overlay-type":"","overlay-color":"","overlay-gradient":""},"mobile":{"background-color":"","background-image":"","background-repeat":"repeat","background-position":"center center","background-size":"auto","background-attachment":"scroll","background-type":"","background-media":"","overlay-type":"","overlay-color":"","overlay-gradient":""}},"ast-content-background-meta":{"desktop":{"background-color":"var(--ast-global-color-5)","background-image":"","background-repeat":"repeat","background-position":"center center","background-size":"auto","background-attachment":"scroll","background-type":"","background-media":"","overlay-type":"","overlay-color":"","overlay-gradient":""},"tablet":{"background-color":"var(--ast-global-color-5)","background-image":"","background-repeat":"repeat","background-position":"center center","background-size":"auto","background-attachment":"scroll","background-type":"","background-media":"","overlay-type":"","overlay-color":"","overlay-gradient":""},"mobile":{"background-color":"var(--ast-global-color-5)","background-image":"","background-repeat":"repeat","background-position":"center center","background-size":"auto","background-attachment":"scroll","background-type":"","background-media":"","overlay-type":"","overlay-color":"","overlay-gradient":""}},"footnotes":""},"categories":[18550,332,15901,2489],"tags":[21132,49274,40629,44151,16164,86120],"class_list":["post-80483","post","type-post","status-publish","format-standard","hentry","category-carlos-iii-de-madrid","category-ciencias-tecnologicas","category-comunicaciones-por-fibra-optica","category-tecnologia-de-las-telecomunicaciones","tag-alberto-prieto-espinosa","tag-diaz-de-maria-fernando","tag-francisco-javier-gonzalez-serrano","tag-jose-luis-alba-castro","tag-juan-ramon-vidal-romani","tag-sancho-gomez-jose-luis"],"_links":{"self":[{"href":"https:\/\/www.deberes.net\/tesis\/wp-json\/wp\/v2\/posts\/80483","targetHints":{"allow":["GET"]}}],"collection":[{"href":"https:\/\/www.deberes.net\/tesis\/wp-json\/wp\/v2\/posts"}],"about":[{"href":"https:\/\/www.deberes.net\/tesis\/wp-json\/wp\/v2\/types\/post"}],"author":[{"embeddable":true,"href":"https:\/\/www.deberes.net\/tesis\/wp-json\/wp\/v2\/users\/1"}],"replies":[{"embeddable":true,"href":"https:\/\/www.deberes.net\/tesis\/wp-json\/wp\/v2\/comments?post=80483"}],"version-history":[{"count":0,"href":"https:\/\/www.deberes.net\/tesis\/wp-json\/wp\/v2\/posts\/80483\/revisions"}],"wp:attachment":[{"href":"https:\/\/www.deberes.net\/tesis\/wp-json\/wp\/v2\/media?parent=80483"}],"wp:term":[{"taxonomy":"category","embeddable":true,"href":"https:\/\/www.deberes.net\/tesis\/wp-json\/wp\/v2\/categories?post=80483"},{"taxonomy":"post_tag","embeddable":true,"href":"https:\/\/www.deberes.net\/tesis\/wp-json\/wp\/v2\/tags?post=80483"}],"curies":[{"name":"wp","href":"https:\/\/api.w.org\/{rel}","templated":true}]}}