{"id":80486,"date":"2018-03-10T00:04:11","date_gmt":"2018-03-10T00:04:11","guid":{"rendered":"https:\/\/www.deberes.net\/tesis\/sin-categoria\/las-reservas-de-capital-y-las-reservas-de-tecnica-contable-en-la-s-a-y-en-la-s-r-l\/"},"modified":"2018-03-10T00:04:11","modified_gmt":"2018-03-10T00:04:11","slug":"las-reservas-de-capital-y-las-reservas-de-tecnica-contable-en-la-s-a-y-en-la-s-r-l","status":"publish","type":"post","link":"https:\/\/www.deberes.net\/tesis\/derecho-mercantil\/las-reservas-de-capital-y-las-reservas-de-tecnica-contable-en-la-s-a-y-en-la-s-r-l\/","title":{"rendered":"Las reservas de capital y las reservas de tecnica contable en la s.a. y en la s.r.l."},"content":{"rendered":"<h2>Tesis doctoral de <strong> Luis Fernandez Del Pozo <\/strong><\/h2>\n<p>Trata de las reservas de capital y de t\u00e9cnica contable de las sociedades an\u00f3nimas y de responsabilidad limitada. M\u00e1s detalle sobre el contenido en el ejemplar depositado y en los numerosos documentos tramitados en el mismo expediente a los cuales me remito en m\u00e9ritos de la brevedad.<\/p>\n<p>&nbsp;<\/p>\n<h3>Datos acad\u00e9micos de la tesis doctoral \u00ab<strong>Las reservas de capital y las reservas de tecnica contable en la s.a. y en la s.r.l.<\/strong>\u00ab<\/h3>\n<ul>\n<li><strong>T\u00edtulo de la tesis:<\/strong>\u00a0 Las reservas de capital y las reservas de tecnica contable en la s.a. y en la s.r.l. <\/li>\n<li><strong>Autor:<\/strong>\u00a0 Luis Fernandez Del Pozo <\/li>\n<li><strong>Universidad:<\/strong>\u00a0 Pompeu fabra<\/li>\n<li><strong>Fecha de lectura de la tesis:<\/strong>\u00a0 23\/07\/1999<\/li>\n<\/ul>\n<p>&nbsp;<\/p>\n<h3>Direcci\u00f3n y tribunal<\/h3>\n<ul>\n<li><strong>Director de la tesis<\/strong>\n<ul>\n<li>Jose Massaguer<\/li>\n<\/ul>\n<\/li>\n<li><strong>Tribunal<\/strong>\n<ul>\n<li>Presidente del tribunal: Juan  Luis Iglesias prada <\/li>\n<li>benito Arru\u00f1ada s\u00e1nchez (vocal)<\/li>\n<li>joaquim Bilbal mendez (vocal)<\/li>\n<li>alfonso Pi\u00f1on pallares (vocal)<\/li>\n<\/ul>\n<\/li>\n<\/ul>\n<p>&nbsp;<\/p>\n","protected":false},"excerpt":{"rendered":"<p>Tesis doctoral de Luis Fernandez Del Pozo Trata de las reservas de capital y de t\u00e9cnica contable de las sociedades [&hellip;]<\/p>\n","protected":false},"author":1,"featured_media":0,"comment_status":"open","ping_status":"open","sticky":false,"template":"","format":"standard","meta":{"site-sidebar-layout":"default","site-content-layout":"","ast-site-content-layout":"","site-content-style":"default","site-sidebar-style":"default","ast-global-header-display":"","ast-banner-title-visibility":"","ast-main-header-display":"","ast-hfb-above-header-display":"","ast-hfb-below-header-display":"","ast-hfb-mobile-header-display":"","site-post-title":"","ast-breadcrumbs-content":"","ast-featured-img":"","footer-sml-layout":"","theme-transparent-header-meta":"","adv-header-id-meta":"","stick-header-meta":"","header-above-stick-meta":"","header-main-stick-meta":"","header-below-stick-meta":"","astra-migrate-meta-layouts":"default","ast-page-background-enabled":"default","ast-page-background-meta":{"desktop":{"background-color":"var(--ast-global-color-4)","background-image":"","background-repeat":"repeat","background-position":"center center","background-size":"auto","background-attachment":"scroll","background-type":"","background-media":"","overlay-type":"","overlay-color":"","overlay-gradient":""},"tablet":{"background-color":"","background-image":"","background-repeat":"repeat","background-position":"center center","background-size":"auto","background-attachment":"scroll","background-type":"","background-media":"","overlay-type":"","overlay-color":"","overlay-gradient":""},"mobile":{"background-color":"","background-image":"","background-repeat":"repeat","background-position":"center center","background-size":"auto","background-attachment":"scroll","background-type":"","background-media":"","overlay-type":"","overlay-color":"","overlay-gradient":""}},"ast-content-background-meta":{"desktop":{"background-color":"var(--ast-global-color-5)","background-image":"","background-repeat":"repeat","background-position":"center center","background-size":"auto","background-attachment":"scroll","background-type":"","background-media":"","overlay-type":"","overlay-color":"","overlay-gradient":""},"tablet":{"background-color":"var(--ast-global-color-5)","background-image":"","background-repeat":"repeat","background-position":"center center","background-size":"auto","background-attachment":"scroll","background-type":"","background-media":"","overlay-type":"","overlay-color":"","overlay-gradient":""},"mobile":{"background-color":"var(--ast-global-color-5)","background-image":"","background-repeat":"repeat","background-position":"center center","background-size":"auto","background-attachment":"scroll","background-type":"","background-media":"","overlay-type":"","overlay-color":"","overlay-gradient":""}},"footnotes":""},"categories":[2826,18712],"tags":[145386,15246,172315,172314,18441,172313],"class_list":["post-80486","post","type-post","status-publish","format-standard","hentry","category-derecho-mercantil","category-pompeu-fabra","tag-alfonso-pinon-pallares","tag-benito-arrunada-sanchez","tag-joaquim-bilbal-mendez","tag-jose-massaguer","tag-juan-luis-iglesias-prada","tag-luis-fernandez-del-pozo"],"_links":{"self":[{"href":"https:\/\/www.deberes.net\/tesis\/wp-json\/wp\/v2\/posts\/80486","targetHints":{"allow":["GET"]}}],"collection":[{"href":"https:\/\/www.deberes.net\/tesis\/wp-json\/wp\/v2\/posts"}],"about":[{"href":"https:\/\/www.deberes.net\/tesis\/wp-json\/wp\/v2\/types\/post"}],"author":[{"embeddable":true,"href":"https:\/\/www.deberes.net\/tesis\/wp-json\/wp\/v2\/users\/1"}],"replies":[{"embeddable":true,"href":"https:\/\/www.deberes.net\/tesis\/wp-json\/wp\/v2\/comments?post=80486"}],"version-history":[{"count":0,"href":"https:\/\/www.deberes.net\/tesis\/wp-json\/wp\/v2\/posts\/80486\/revisions"}],"wp:attachment":[{"href":"https:\/\/www.deberes.net\/tesis\/wp-json\/wp\/v2\/media?parent=80486"}],"wp:term":[{"taxonomy":"category","embeddable":true,"href":"https:\/\/www.deberes.net\/tesis\/wp-json\/wp\/v2\/categories?post=80486"},{"taxonomy":"post_tag","embeddable":true,"href":"https:\/\/www.deberes.net\/tesis\/wp-json\/wp\/v2\/tags?post=80486"}],"curies":[{"name":"wp","href":"https:\/\/api.w.org\/{rel}","templated":true}]}}