{"id":80487,"date":"2018-03-10T00:04:15","date_gmt":"2018-03-10T00:04:15","guid":{"rendered":"https:\/\/www.deberes.net\/tesis\/sin-categoria\/la-reforma-del-derecho-cooperativo-y-su-repercusion-en-el-regimen-de-los-recursos-propios\/"},"modified":"2018-03-10T00:04:15","modified_gmt":"2018-03-10T00:04:15","slug":"la-reforma-del-derecho-cooperativo-y-su-repercusion-en-el-regimen-de-los-recursos-propios","status":"publish","type":"post","link":"https:\/\/www.deberes.net\/tesis\/ciencias-juridicas-y-derecho\/la-reforma-del-derecho-cooperativo-y-su-repercusion-en-el-regimen-de-los-recursos-propios\/","title":{"rendered":"La reforma del derecho cooperativo y su repercusi\u00f3n en el regimen de los recursos propios."},"content":{"rendered":"<h2>Tesis doctoral de <strong> Mar\u00eda  Carmen Pastor Sempere <\/strong><\/h2>\n<p>Este trabajo pretende dar a conocer las \u00faltimas reformas econ\u00f3micas en material de sociedades cooperativas producida en nuestro pa\u00eds as\u00ed, como la ley 27\/1999 del 16 de julio. En ella se examinan las cuestiones de r\u00e9gimen econ\u00f3mico m\u00e1s novedosas en las que se comprueban una convergencia entre las reformas no s\u00f3lo en las de nuestro pa\u00eds, sino tambi\u00e9n en los ordenamientos jur\u00eddicos m\u00e1s significativos europeos. No s\u00f3lo es llamativo el gran n\u00famero de leyes surgidas en la \u00faltima d\u00e9cada de este siglo, sino que tambi\u00e9n es revelador que todas ellas coincidan  en el reforzamiento y adecuaci\u00f3n del regim\u00e9n econ\u00f3mico de estas sociedades en la primera parte del trabajo, se examina la evoluci\u00f3n hist\u00f3rica los rodamientos europeos m\u00e1ssignificativos, as\u00ed como la caracterizaci\u00f3n de la sociedad cooperativa desde los puntos de vista funcional, tipol\u00f3gico y d\u00f3gmatico.  en la segunda parte del trabajo, se examinan los recursos propios de esta sociedad, el cual se centra en el particular r\u00e9gimen jurid\u00edco del capital social en la cooperativa el cual plantea principalmente y desde un punto de vista financiero dos niveles de problemas distintos; en un primer t\u00e9rmino, dificultades en el proceso de acumulaci\u00f3n del capital. Como consecuencia del principio de puerta abierta y la subsiguiente varibilidad de este \u00fatimo, de ad\u00ed que en la practica la \u00fanica v\u00eda de acumulaci\u00f3n descanse en un cont\u00ednuo incremento del fondo de reserva obligatoria o en la ampliaci\u00f3n de su base social; en la ampliaci\u00f3n de su base social; en un segundo lugar, las dificultades de acceso de estass sociedades a los mercados organizados de capitales. en realidad, s\u00f3lo tienen legalmente cerrado el acceso al mercado de renta variable, ya que se sigue admitiendo la posibilidad  de emisi\u00f3n de oblicaciones.  finalmente, se estudia la posibilidad introducida por las reformas de captar recursos en mercado organizados sirvi\u00e9ndose de nuevos instrumentos financieros qu<\/p>\n<p>&nbsp;<\/p>\n<h3>Datos acad\u00e9micos de la tesis doctoral \u00ab<strong>La reforma del derecho cooperativo y su repercusi\u00f3n en el regimen de los recursos propios.<\/strong>\u00ab<\/h3>\n<ul>\n<li><strong>T\u00edtulo de la tesis:<\/strong>\u00a0 La reforma del derecho cooperativo y su repercusi\u00f3n en el regimen de los recursos propios. <\/li>\n<li><strong>Autor:<\/strong>\u00a0 Mar\u00eda  Carmen Pastor Sempere <\/li>\n<li><strong>Universidad:<\/strong>\u00a0 Alicante<\/li>\n<li><strong>Fecha de lectura de la tesis:<\/strong>\u00a0 24\/07\/1999<\/li>\n<\/ul>\n<p>&nbsp;<\/p>\n<h3>Direcci\u00f3n y tribunal<\/h3>\n<ul>\n<li><strong>Director de la tesis<\/strong>\n<ul>\n<li>Luis Fernandez De La Gandara<\/li>\n<\/ul>\n<\/li>\n<li><strong>Tribunal<\/strong>\n<ul>\n<li>Presidente del tribunal: fernando Rodr\u00edguez artigas <\/li>\n<li>Jes\u00fas Quijano gonzalez (vocal)<\/li>\n<li>Jos\u00e9 Mar\u00eda Suso vidal (vocal)<\/li>\n<li>marcos Sacristann represa (vocal)<\/li>\n<\/ul>\n<\/li>\n<\/ul>\n<p>&nbsp;<\/p>\n","protected":false},"excerpt":{"rendered":"<p>Tesis doctoral de Mar\u00eda Carmen Pastor Sempere Este trabajo pretende dar a conocer las \u00faltimas reformas econ\u00f3micas en material de [&hellip;]<\/p>\n","protected":false},"author":1,"featured_media":0,"comment_status":"open","ping_status":"open","sticky":false,"template":"","format":"standard","meta":{"site-sidebar-layout":"default","site-content-layout":"","ast-site-content-layout":"","site-content-style":"default","site-sidebar-style":"default","ast-global-header-display":"","ast-banner-title-visibility":"","ast-main-header-display":"","ast-hfb-above-header-display":"","ast-hfb-below-header-display":"","ast-hfb-mobile-header-display":"","site-post-title":"","ast-breadcrumbs-content":"","ast-featured-img":"","footer-sml-layout":"","theme-transparent-header-meta":"","adv-header-id-meta":"","stick-header-meta":"","header-above-stick-meta":"","header-main-stick-meta":"","header-below-stick-meta":"","astra-migrate-meta-layouts":"default","ast-page-background-enabled":"default","ast-page-background-meta":{"desktop":{"background-color":"var(--ast-global-color-4)","background-image":"","background-repeat":"repeat","background-position":"center center","background-size":"auto","background-attachment":"scroll","background-type":"","background-media":"","overlay-type":"","overlay-color":"","overlay-gradient":""},"tablet":{"background-color":"","background-image":"","background-repeat":"repeat","background-position":"center center","background-size":"auto","background-attachment":"scroll","background-type":"","background-media":"","overlay-type":"","overlay-color":"","overlay-gradient":""},"mobile":{"background-color":"","background-image":"","background-repeat":"repeat","background-position":"center center","background-size":"auto","background-attachment":"scroll","background-type":"","background-media":"","overlay-type":"","overlay-color":"","overlay-gradient":""}},"ast-content-background-meta":{"desktop":{"background-color":"var(--ast-global-color-5)","background-image":"","background-repeat":"repeat","background-position":"center center","background-size":"auto","background-attachment":"scroll","background-type":"","background-media":"","overlay-type":"","overlay-color":"","overlay-gradient":""},"tablet":{"background-color":"var(--ast-global-color-5)","background-image":"","background-repeat":"repeat","background-position":"center center","background-size":"auto","background-attachment":"scroll","background-type":"","background-media":"","overlay-type":"","overlay-color":"","overlay-gradient":""},"mobile":{"background-color":"var(--ast-global-color-5)","background-image":"","background-repeat":"repeat","background-position":"center center","background-size":"auto","background-attachment":"scroll","background-type":"","background-media":"","overlay-type":"","overlay-color":"","overlay-gradient":""}},"footnotes":""},"categories":[19166,612,2826,979],"tags":[15155,45607,16798,27761,172317,172316],"class_list":["post-80487","post","type-post","status-publish","format-standard","hentry","category-alicante","category-ciencias-juridicas-y-derecho","category-derecho-mercantil","category-derecho-y-legislacion-nacionales","tag-fernando-rodriguez-artigas","tag-jesus-quijano-gonzalez","tag-jose-maria-suso-vidal","tag-luis-fernandez-de-la-gandara","tag-marcos-sacristann-represa","tag-maria-carmen-pastor-sempere"],"_links":{"self":[{"href":"https:\/\/www.deberes.net\/tesis\/wp-json\/wp\/v2\/posts\/80487","targetHints":{"allow":["GET"]}}],"collection":[{"href":"https:\/\/www.deberes.net\/tesis\/wp-json\/wp\/v2\/posts"}],"about":[{"href":"https:\/\/www.deberes.net\/tesis\/wp-json\/wp\/v2\/types\/post"}],"author":[{"embeddable":true,"href":"https:\/\/www.deberes.net\/tesis\/wp-json\/wp\/v2\/users\/1"}],"replies":[{"embeddable":true,"href":"https:\/\/www.deberes.net\/tesis\/wp-json\/wp\/v2\/comments?post=80487"}],"version-history":[{"count":0,"href":"https:\/\/www.deberes.net\/tesis\/wp-json\/wp\/v2\/posts\/80487\/revisions"}],"wp:attachment":[{"href":"https:\/\/www.deberes.net\/tesis\/wp-json\/wp\/v2\/media?parent=80487"}],"wp:term":[{"taxonomy":"category","embeddable":true,"href":"https:\/\/www.deberes.net\/tesis\/wp-json\/wp\/v2\/categories?post=80487"},{"taxonomy":"post_tag","embeddable":true,"href":"https:\/\/www.deberes.net\/tesis\/wp-json\/wp\/v2\/tags?post=80487"}],"curies":[{"name":"wp","href":"https:\/\/api.w.org\/{rel}","templated":true}]}}