{"id":80492,"date":"2018-03-10T00:04:15","date_gmt":"2018-03-10T00:04:15","guid":{"rendered":"https:\/\/www.deberes.net\/tesis\/sin-categoria\/situacion-actual-de-la-aplicacion-del-frio-en-las-pesquerias-canarias\/"},"modified":"2018-03-10T00:04:15","modified_gmt":"2018-03-10T00:04:15","slug":"situacion-actual-de-la-aplicacion-del-frio-en-las-pesquerias-canarias","status":"publish","type":"post","link":"https:\/\/www.deberes.net\/tesis\/ciencias-tecnologicas\/situacion-actual-de-la-aplicacion-del-frio-en-las-pesquerias-canarias\/","title":{"rendered":"Situacion actual de la aplicaci\u00f3n del frio en las pesquerias canarias."},"content":{"rendered":"<h2>Tesis doctoral de <strong> Francisco Arvelo Valencia <\/strong><\/h2>\n<p>Tras la revisi\u00f3n de las diferentes normas de \u00e1mbito, comunitario, nacional y auton\u00f3mico que regulan los diferentes aspectos de la conservaci\u00f3n de la pesca como alimento y su comercializaci\u00f3n para el consumo. Se establece los fundamentos tecnol\u00f3gicos de la obtenci\u00f3n del fr\u00edo y su aplicaci\u00f3n en los eslabones que constituyen la cadena de fr\u00edo que como garant\u00eda,preserva la conservaci\u00f3n de la pesca en general y de las pesquer\u00edas canarias en particular.  asimismo se expone una exahustiva revisi\u00f3n de los diferentes factores, que inducen y determinan la caldiad de la pesca para el consumo, procedente de la cadena de fr\u00edo.  se describen en general la situaci\u00f3n actual de las pesquer\u00edas canarias, sus flotas recursos e infraestraucturas; concret\u00e1ndose las deficiencias de la cadena de fr\u00edo de las flotas m\u00e1s importantes del sector pesquero insular.<\/p>\n<p>&nbsp;<\/p>\n<h3>Datos acad\u00e9micos de la tesis doctoral \u00ab<strong>Situacion actual de la aplicaci\u00f3n del frio en las pesquerias canarias.<\/strong>\u00ab<\/h3>\n<ul>\n<li><strong>T\u00edtulo de la tesis:<\/strong>\u00a0 Situacion actual de la aplicaci\u00f3n del frio en las pesquerias canarias. <\/li>\n<li><strong>Autor:<\/strong>\u00a0 Francisco Arvelo Valencia <\/li>\n<li><strong>Universidad:<\/strong>\u00a0 La laguna<\/li>\n<li><strong>Fecha de lectura de la tesis:<\/strong>\u00a0 24\/07\/1999<\/li>\n<\/ul>\n<p>&nbsp;<\/p>\n<h3>Direcci\u00f3n y tribunal<\/h3>\n<ul>\n<li><strong>Director de la tesis<\/strong>\n<ul>\n<li>Feliciano Garcia Garcia<\/li>\n<\/ul>\n<\/li>\n<li><strong>Tribunal<\/strong>\n<ul>\n<li>Presidente del tribunal: enrique Garc\u00eda mel\u00f3n <\/li>\n<li>german De melo rodriguez (vocal)<\/li>\n<li> Fraidias becerra Antonio  j. (vocal)<\/li>\n<li> Garcia rodriguez Jos\u00e9 Carlos (vocal)<\/li>\n<\/ul>\n<\/li>\n<\/ul>\n<p>&nbsp;<\/p>\n","protected":false},"excerpt":{"rendered":"<p>Tesis doctoral de Francisco Arvelo Valencia Tras la revisi\u00f3n de las diferentes normas de \u00e1mbito, comunitario, nacional y auton\u00f3mico que [&hellip;]<\/p>\n","protected":false},"author":1,"featured_media":0,"comment_status":"open","ping_status":"open","sticky":false,"template":"","format":"standard","meta":{"site-sidebar-layout":"default","site-content-layout":"","ast-site-content-layout":"","site-content-style":"default","site-sidebar-style":"default","ast-global-header-display":"","ast-banner-title-visibility":"","ast-main-header-display":"","ast-hfb-above-header-display":"","ast-hfb-below-header-display":"","ast-hfb-mobile-header-display":"","site-post-title":"","ast-breadcrumbs-content":"","ast-featured-img":"","footer-sml-layout":"","theme-transparent-header-meta":"","adv-header-id-meta":"","stick-header-meta":"","header-above-stick-meta":"","header-main-stick-meta":"","header-below-stick-meta":"","astra-migrate-meta-layouts":"default","ast-page-background-enabled":"default","ast-page-background-meta":{"desktop":{"background-color":"var(--ast-global-color-4)","background-image":"","background-repeat":"repeat","background-position":"center center","background-size":"auto","background-attachment":"scroll","background-type":"","background-media":"","overlay-type":"","overlay-color":"","overlay-gradient":""},"tablet":{"background-color":"","background-image":"","background-repeat":"repeat","background-position":"center center","background-size":"auto","background-attachment":"scroll","background-type":"","background-media":"","overlay-type":"","overlay-color":"","overlay-gradient":""},"mobile":{"background-color":"","background-image":"","background-repeat":"repeat","background-position":"center center","background-size":"auto","background-attachment":"scroll","background-type":"","background-media":"","overlay-type":"","overlay-color":"","overlay-gradient":""}},"ast-content-background-meta":{"desktop":{"background-color":"var(--ast-global-color-5)","background-image":"","background-repeat":"repeat","background-position":"center center","background-size":"auto","background-attachment":"scroll","background-type":"","background-media":"","overlay-type":"","overlay-color":"","overlay-gradient":""},"tablet":{"background-color":"var(--ast-global-color-5)","background-image":"","background-repeat":"repeat","background-position":"center center","background-size":"auto","background-attachment":"scroll","background-type":"","background-media":"","overlay-type":"","overlay-color":"","overlay-gradient":""},"mobile":{"background-color":"var(--ast-global-color-5)","background-image":"","background-repeat":"repeat","background-position":"center center","background-size":"auto","background-attachment":"scroll","background-type":"","background-media":"","overlay-type":"","overlay-color":"","overlay-gradient":""}},"footnotes":""},"categories":[332,27663,1909,9915,12845,2470,1577],"tags":[1581,10105,10107,172323,172324,15869],"class_list":["post-80492","post","type-post","status-publish","format-standard","hentry","category-ciencias-tecnologicas","category-equipo-de-refrigeracion","category-ingenieria-y-tecnologia-mecanicas","category-la-laguna","category-procesos-de-refrigeracion","category-procesos-tecnologicos","category-tecnologia-naval","tag-enrique-garcia-melon","tag-feliciano-garcia-garcia","tag-fraidias-becerra-antonio-j","tag-francisco-arvelo-valencia","tag-garcia-rodriguez-jose-carlos","tag-german-de-melo-rodriguez"],"_links":{"self":[{"href":"https:\/\/www.deberes.net\/tesis\/wp-json\/wp\/v2\/posts\/80492","targetHints":{"allow":["GET"]}}],"collection":[{"href":"https:\/\/www.deberes.net\/tesis\/wp-json\/wp\/v2\/posts"}],"about":[{"href":"https:\/\/www.deberes.net\/tesis\/wp-json\/wp\/v2\/types\/post"}],"author":[{"embeddable":true,"href":"https:\/\/www.deberes.net\/tesis\/wp-json\/wp\/v2\/users\/1"}],"replies":[{"embeddable":true,"href":"https:\/\/www.deberes.net\/tesis\/wp-json\/wp\/v2\/comments?post=80492"}],"version-history":[{"count":0,"href":"https:\/\/www.deberes.net\/tesis\/wp-json\/wp\/v2\/posts\/80492\/revisions"}],"wp:attachment":[{"href":"https:\/\/www.deberes.net\/tesis\/wp-json\/wp\/v2\/media?parent=80492"}],"wp:term":[{"taxonomy":"category","embeddable":true,"href":"https:\/\/www.deberes.net\/tesis\/wp-json\/wp\/v2\/categories?post=80492"},{"taxonomy":"post_tag","embeddable":true,"href":"https:\/\/www.deberes.net\/tesis\/wp-json\/wp\/v2\/tags?post=80492"}],"curies":[{"name":"wp","href":"https:\/\/api.w.org\/{rel}","templated":true}]}}