{"id":80545,"date":"1999-03-09T00:00:00","date_gmt":"1999-03-09T00:00:00","guid":{"rendered":"https:\/\/www.deberes.net\/tesis\/sin-categoria\/la-interrelacion-sonora-visual-en-la-escultura-contemporanea-sus-implicaciones-y-poeticas\/"},"modified":"1999-03-09T00:00:00","modified_gmt":"1999-03-09T00:00:00","slug":"la-interrelacion-sonora-visual-en-la-escultura-contemporanea-sus-implicaciones-y-poeticas","status":"publish","type":"post","link":"https:\/\/www.deberes.net\/tesis\/ciencias-de-las-artes-y-las-letras\/la-interrelacion-sonora-visual-en-la-escultura-contemporanea-sus-implicaciones-y-poeticas\/","title":{"rendered":"La interrelacion sonora-visual en la escultura contemporanea: sus implicaciones y poeticas"},"content":{"rendered":"<h2>Tesis doctoral de <strong>  Arturo Garcia Susana De <\/strong><\/h2>\n<p>Se plantea una aproximaci\u00f3n al concepto integral sonoro-visual evidenciando la practica del concepto antes que su teorizaci\u00f3n, asi como fundamenta sus implicaciones expresivas y poeticas en relaci\u00f3n a su vinculaci\u00f3n con el campo escult\u00f3rico y mas concretamente con el arte sonoro. No atendiendo a definiciones sino al hecho de la dilataci\u00f3n de formas y espacios, que podrian relacionarse con las ideas de m.Rowell y r. Krauss.<\/p>\n<p>&nbsp;<\/p>\n<h3>Datos acad\u00e9micos de la tesis doctoral \u00ab<strong>La interrelacion sonora-visual en la escultura contemporanea: sus implicaciones y poeticas<\/strong>\u00ab<\/h3>\n<ul>\n<li><strong>T\u00edtulo de la tesis:<\/strong>\u00a0 La interrelacion sonora-visual en la escultura contemporanea: sus implicaciones y poeticas <\/li>\n<li><strong>Autor:<\/strong>\u00a0  Arturo Garcia Susana De <\/li>\n<li><strong>Universidad:<\/strong>\u00a0 Polit\u00e9cnica de Valencia<\/li>\n<li><strong>Fecha de lectura de la tesis:<\/strong>\u00a0 03\/09\/1999<\/li>\n<\/ul>\n<p>&nbsp;<\/p>\n<h3>Direcci\u00f3n y tribunal<\/h3>\n<ul>\n<li><strong>Director de la tesis<\/strong>\n<ul>\n<li>Miguel Molina Alarc\u00f3n<\/li>\n<\/ul>\n<\/li>\n<li><strong>Tribunal<\/strong>\n<ul>\n<li>Presidente del tribunal: Mar\u00eda  de los desamparados Carbonell tatay <\/li>\n<li>herminia Mart\u00ednez p\u00e9rez (vocal)<\/li>\n<li>bartolome Ferrando colom (vocal)<\/li>\n<li>victor Blasco marques (vocal)<\/li>\n<\/ul>\n<\/li>\n<\/ul>\n<p>&nbsp;<\/p>\n","protected":false},"excerpt":{"rendered":"<p>Tesis doctoral de Arturo Garcia Susana De Se plantea una aproximaci\u00f3n al concepto integral sonoro-visual evidenciando la practica del concepto [&hellip;]<\/p>\n","protected":false},"author":1,"featured_media":0,"comment_status":"open","ping_status":"open","sticky":false,"template":"","format":"standard","meta":{"site-sidebar-layout":"default","site-content-layout":"","ast-site-content-layout":"","site-content-style":"default","site-sidebar-style":"default","ast-global-header-display":"","ast-banner-title-visibility":"","ast-main-header-display":"","ast-hfb-above-header-display":"","ast-hfb-below-header-display":"","ast-hfb-mobile-header-display":"","site-post-title":"","ast-breadcrumbs-content":"","ast-featured-img":"","footer-sml-layout":"","theme-transparent-header-meta":"","adv-header-id-meta":"","stick-header-meta":"","header-above-stick-meta":"","header-main-stick-meta":"","header-below-stick-meta":"","astra-migrate-meta-layouts":"default","ast-page-background-enabled":"default","ast-page-background-meta":{"desktop":{"background-color":"var(--ast-global-color-4)","background-image":"","background-repeat":"repeat","background-position":"center center","background-size":"auto","background-attachment":"scroll","background-type":"","background-media":"","overlay-type":"","overlay-color":"","overlay-gradient":""},"tablet":{"background-color":"","background-image":"","background-repeat":"repeat","background-position":"center center","background-size":"auto","background-attachment":"scroll","background-type":"","background-media":"","overlay-type":"","overlay-color":"","overlay-gradient":""},"mobile":{"background-color":"","background-image":"","background-repeat":"repeat","background-position":"center center","background-size":"auto","background-attachment":"scroll","background-type":"","background-media":"","overlay-type":"","overlay-color":"","overlay-gradient":""}},"ast-content-background-meta":{"desktop":{"background-color":"var(--ast-global-color-5)","background-image":"","background-repeat":"repeat","background-position":"center center","background-size":"auto","background-attachment":"scroll","background-type":"","background-media":"","overlay-type":"","overlay-color":"","overlay-gradient":""},"tablet":{"background-color":"var(--ast-global-color-5)","background-image":"","background-repeat":"repeat","background-position":"center center","background-size":"auto","background-attachment":"scroll","background-type":"","background-media":"","overlay-type":"","overlay-color":"","overlay-gradient":""},"mobile":{"background-color":"var(--ast-global-color-5)","background-image":"","background-repeat":"repeat","background-position":"center center","background-size":"auto","background-attachment":"scroll","background-type":"","background-media":"","overlay-type":"","overlay-color":"","overlay-gradient":""}},"footnotes":""},"categories":[147,4363,16820,1111],"tags":[172406,65000,18458,11165,31322,79623],"class_list":["post-80545","post","type-post","status-publish","format-standard","hentry","category-ciencias-de-las-artes-y-las-letras","category-escultura","category-politecnica-de-valencia","category-teoria-analisis-y-critica-de-las-bellas-artes","tag-arturo-garcia-susana-de","tag-bartolome-ferrando-colom","tag-herminia-Martinez-perez","tag-maria-de-los-desamparados-carbonell-tatay","tag-miguel-molina-alarcon","tag-victor-blasco-marques"],"_links":{"self":[{"href":"https:\/\/www.deberes.net\/tesis\/wp-json\/wp\/v2\/posts\/80545","targetHints":{"allow":["GET"]}}],"collection":[{"href":"https:\/\/www.deberes.net\/tesis\/wp-json\/wp\/v2\/posts"}],"about":[{"href":"https:\/\/www.deberes.net\/tesis\/wp-json\/wp\/v2\/types\/post"}],"author":[{"embeddable":true,"href":"https:\/\/www.deberes.net\/tesis\/wp-json\/wp\/v2\/users\/1"}],"replies":[{"embeddable":true,"href":"https:\/\/www.deberes.net\/tesis\/wp-json\/wp\/v2\/comments?post=80545"}],"version-history":[{"count":0,"href":"https:\/\/www.deberes.net\/tesis\/wp-json\/wp\/v2\/posts\/80545\/revisions"}],"wp:attachment":[{"href":"https:\/\/www.deberes.net\/tesis\/wp-json\/wp\/v2\/media?parent=80545"}],"wp:term":[{"taxonomy":"category","embeddable":true,"href":"https:\/\/www.deberes.net\/tesis\/wp-json\/wp\/v2\/categories?post=80545"},{"taxonomy":"post_tag","embeddable":true,"href":"https:\/\/www.deberes.net\/tesis\/wp-json\/wp\/v2\/tags?post=80545"}],"curies":[{"name":"wp","href":"https:\/\/api.w.org\/{rel}","templated":true}]}}