{"id":80547,"date":"1999-06-09T00:00:00","date_gmt":"1999-06-09T00:00:00","guid":{"rendered":"https:\/\/www.deberes.net\/tesis\/sin-categoria\/policia-terrorismo-y-cambio-politico-en-espana-1976-1996\/"},"modified":"1999-06-09T00:00:00","modified_gmt":"1999-06-09T00:00:00","slug":"policia-terrorismo-y-cambio-politico-en-espana-1976-1996","status":"publish","type":"post","link":"https:\/\/www.deberes.net\/tesis\/sociologia\/policia-terrorismo-y-cambio-politico-en-espana-1976-1996\/","title":{"rendered":"\u00abpolicia, terrorismo y cambio politico en espa\u00f1a (1976-1996)\u00bb"},"content":{"rendered":"<h2>Tesis doctoral de <strong> Oscar Jaime Jimenez <\/strong><\/h2>\n<p>El presente estudio tiene como objetivo fundamental el analisis de la respuesta policial al terrorismo en espa\u00f1a durante el periodo comprendido entre 1976 y 1996, con particular referencia a las fases de la transici\u00f3n y consolidaci\u00f3n democr\u00e1ticas. El punto de partida lo constituyen la adopci\u00f3n de cuatro variables principales, como son el consenso pol\u00edtico, la estructuraci\u00f3n policial, la legislaci\u00f3n antiterrorista y la cooperaci\u00f3n internacional, cuya interrelaci\u00f3n a muy diferentes niveles nos permite acceder a una perspectiva general de la respuesta policial al terrorismo. La conclusi\u00f3n principal es que el consenso pol\u00edtico ha ejercido una influencia prevalente sobre todas las dem\u00e1s, y estas a su vez han desarrollado una serie de relaciones entre si de muy diferentes car\u00e1cter. Si bien el modelo general resultante es susceptible de ser aplicado a cualquier respuesta policial al terrorismo en un estado democr\u00e1tico, el caso espa\u00f1ol muestra una serie de peculiaridades resultado en gran medida de la particular evoluci\u00f3n hist\u00f3rica y pol\u00edtica por las que ha atravesado espa\u00f1a en relaci\u00f3n al resto de europa a lo largo del presente siglo.<\/p>\n<p>&nbsp;<\/p>\n<h3>Datos acad\u00e9micos de la tesis doctoral \u00ab<strong>\u00abpolicia, terrorismo y cambio politico en espa\u00f1a (1976-1996)\u00bb<\/strong>\u00ab<\/h3>\n<ul>\n<li><strong>T\u00edtulo de la tesis:<\/strong>\u00a0 \u00abpolicia, terrorismo y cambio politico en espa\u00f1a (1976-1996)\u00bb <\/li>\n<li><strong>Autor:<\/strong>\u00a0 Oscar Jaime Jimenez <\/li>\n<li><strong>Universidad:<\/strong>\u00a0 Salamanca<\/li>\n<li><strong>Fecha de lectura de la tesis:<\/strong>\u00a0 06\/09\/1999<\/li>\n<\/ul>\n<p>&nbsp;<\/p>\n<h3>Direcci\u00f3n y tribunal<\/h3>\n<ul>\n<li><strong>Director de la tesis<\/strong>\n<ul>\n<li>Fernando Reinares Nestares<\/li>\n<\/ul>\n<\/li>\n<li><strong>Tribunal<\/strong>\n<ul>\n<li>Presidente del tribunal: manuel Alcantara saez <\/li>\n<li>ram\u00f3n M\u00e1iz su\u00e1rez (vocal)<\/li>\n<li>joan Subirats humet (vocal)<\/li>\n<li> Ruiz de azua anton Miguel angel (vocal)<\/li>\n<\/ul>\n<\/li>\n<\/ul>\n<p>&nbsp;<\/p>\n","protected":false},"excerpt":{"rendered":"<p>Tesis doctoral de Oscar Jaime Jimenez El presente estudio tiene como objetivo fundamental el analisis de la respuesta policial al [&hellip;]<\/p>\n","protected":false},"author":1,"featured_media":0,"comment_status":"open","ping_status":"open","sticky":false,"template":"","format":"standard","meta":{"site-sidebar-layout":"default","site-content-layout":"","ast-site-content-layout":"","site-content-style":"default","site-sidebar-style":"default","ast-global-header-display":"","ast-banner-title-visibility":"","ast-main-header-display":"","ast-hfb-above-header-display":"","ast-hfb-below-header-display":"","ast-hfb-mobile-header-display":"","site-post-title":"","ast-breadcrumbs-content":"","ast-featured-img":"","footer-sml-layout":"","theme-transparent-header-meta":"","adv-header-id-meta":"","stick-header-meta":"","header-above-stick-meta":"","header-main-stick-meta":"","header-below-stick-meta":"","astra-migrate-meta-layouts":"default","ast-page-background-enabled":"default","ast-page-background-meta":{"desktop":{"background-color":"var(--ast-global-color-4)","background-image":"","background-repeat":"repeat","background-position":"center center","background-size":"auto","background-attachment":"scroll","background-type":"","background-media":"","overlay-type":"","overlay-color":"","overlay-gradient":""},"tablet":{"background-color":"","background-image":"","background-repeat":"repeat","background-position":"center center","background-size":"auto","background-attachment":"scroll","background-type":"","background-media":"","overlay-type":"","overlay-color":"","overlay-gradient":""},"mobile":{"background-color":"","background-image":"","background-repeat":"repeat","background-position":"center center","background-size":"auto","background-attachment":"scroll","background-type":"","background-media":"","overlay-type":"","overlay-color":"","overlay-gradient":""}},"ast-content-background-meta":{"desktop":{"background-color":"var(--ast-global-color-5)","background-image":"","background-repeat":"repeat","background-position":"center center","background-size":"auto","background-attachment":"scroll","background-type":"","background-media":"","overlay-type":"","overlay-color":"","overlay-gradient":""},"tablet":{"background-color":"var(--ast-global-color-5)","background-image":"","background-repeat":"repeat","background-position":"center center","background-size":"auto","background-attachment":"scroll","background-type":"","background-media":"","overlay-type":"","overlay-color":"","overlay-gradient":""},"mobile":{"background-color":"var(--ast-global-color-5)","background-image":"","background-repeat":"repeat","background-position":"center center","background-size":"auto","background-attachment":"scroll","background-type":"","background-media":"","overlay-type":"","overlay-color":"","overlay-gradient":""}},"footnotes":""},"categories":[838,1295,9386,7374,269,48665,993],"tags":[7377,4177,3990,130663,4976,6459],"class_list":["post-80547","post","type-post","status-publish","format-standard","hentry","category-ciencia-politica","category-problemas-y-conflictos-sociales","category-salamanca","category-sistemas-politicos","category-sociologia","category-terrorismo","category-vida-politica","tag-fernando-reinares-nestares","tag-joan-subirats-humet","tag-manuel-alcantara-saez","tag-oscar-jaime-jimenez","tag-ramon-maiz-suarez","tag-ruiz-de-azua-anton-miguel-angel"],"_links":{"self":[{"href":"https:\/\/www.deberes.net\/tesis\/wp-json\/wp\/v2\/posts\/80547","targetHints":{"allow":["GET"]}}],"collection":[{"href":"https:\/\/www.deberes.net\/tesis\/wp-json\/wp\/v2\/posts"}],"about":[{"href":"https:\/\/www.deberes.net\/tesis\/wp-json\/wp\/v2\/types\/post"}],"author":[{"embeddable":true,"href":"https:\/\/www.deberes.net\/tesis\/wp-json\/wp\/v2\/users\/1"}],"replies":[{"embeddable":true,"href":"https:\/\/www.deberes.net\/tesis\/wp-json\/wp\/v2\/comments?post=80547"}],"version-history":[{"count":0,"href":"https:\/\/www.deberes.net\/tesis\/wp-json\/wp\/v2\/posts\/80547\/revisions"}],"wp:attachment":[{"href":"https:\/\/www.deberes.net\/tesis\/wp-json\/wp\/v2\/media?parent=80547"}],"wp:term":[{"taxonomy":"category","embeddable":true,"href":"https:\/\/www.deberes.net\/tesis\/wp-json\/wp\/v2\/categories?post=80547"},{"taxonomy":"post_tag","embeddable":true,"href":"https:\/\/www.deberes.net\/tesis\/wp-json\/wp\/v2\/tags?post=80547"}],"curies":[{"name":"wp","href":"https:\/\/api.w.org\/{rel}","templated":true}]}}