{"id":80606,"date":"2018-03-10T00:04:19","date_gmt":"2018-03-10T00:04:19","guid":{"rendered":"https:\/\/www.deberes.net\/tesis\/sin-categoria\/la-teoria-sociocultural-aplicada-al-estudio-de-la-television-en-el-ambito-de-la-educacion-de-personas-adultas\/"},"modified":"2018-03-10T00:04:19","modified_gmt":"2018-03-10T00:04:19","slug":"la-teoria-sociocultural-aplicada-al-estudio-de-la-television-en-el-ambito-de-la-educacion-de-personas-adultas","status":"publish","type":"post","link":"https:\/\/www.deberes.net\/tesis\/pedagogia\/la-teoria-sociocultural-aplicada-al-estudio-de-la-television-en-el-ambito-de-la-educacion-de-personas-adultas\/","title":{"rendered":"\u00abla teoria sociocultural aplicada al estudio de la television en el ambito de la educacion de personas adultas\u00bb"},"content":{"rendered":"<h2>Tesis doctoral de <strong> Mar\u00eda  Angeles Rebollo Catalan <\/strong><\/h2>\n<p>Partiendo del marco te\u00f3rico proporcionado por el enfoque sociocultural y m\u00e1s especificamente de las aportaciones de l.S. Vygotski y m.Baytin, con este trabajo se plante\u00f3 explorar las formas de mediaci\u00f3n apoyadas por la televisi\u00f3n en la construci\u00f3n del discurso escolar, en el ambito de la educaci\u00f3n de personas adultos.  en concreto el foco de interes de este trabajo se centra en conocer los rasgos: del discurso escolar y descubrir las diferentes formas de uso de la televisi\u00f3n en el marco del mismo, identificando modalidades de discurso, que pueden caracterizar generos discursivos escolares.  el dise\u00f1o de investigaci\u00f3n se ha concretado en la aplicaci\u00f3n de la t\u00e9cnica de grupo de discusi\u00f3n sobre cuatro cosas seleccionados en funci\u00f3n del nivel de alfabetizaci\u00f3n. Dentro de una metodolog\u00eda cualitativa, se han utilizado de forma combinada tecnicas estad\u00edstias y tecnicas cualitativas de analisis de datos.  respecto a los resultados se han constatado que el estilo y estructura discursiva son las principales dimensiones caracterizadoras del discurso escolar. A partir de estas dimensiones, se ha observado la existencia de una gran diversidad de discursos que configura el contexto escolar de la educaci\u00f3n de personas adultas, mostrando un perfil heterog\u00e9neo y diversificado.  adem\u00e1s, se ha observado una estrecha relaci\u00f3n entre los tipos de discursos que emplean los sujetos y la percepci\u00f3n que \u00e9stos tienen del contexto de tal modo que se observa la adaptaci\u00f3n del lenguaje empleado en funci\u00f3n de esta percepci\u00f3n.  asimismo, se han constatado diferentes formas de uso o aproximaci\u00f3n a la televisi\u00f3n en funci\u00f3n del grado de descontextualizaci\u00f3n empleado. la aproximacion m\u00e1s abtractas a este medio se asocia a funciones argumentativas y ret\u00f3ricas del lenguaje, revelando conceptos y fenomenos propiciados por este medio.<\/p>\n<p>&nbsp;<\/p>\n<h3>Datos acad\u00e9micos de la tesis doctoral \u00ab<strong>\u00abla teoria sociocultural aplicada al estudio de la television en el ambito de la educacion de personas adultas\u00bb<\/strong>\u00ab<\/h3>\n<ul>\n<li><strong>T\u00edtulo de la tesis:<\/strong>\u00a0 \u00abla teoria sociocultural aplicada al estudio de la television en el ambito de la educacion de personas adultas\u00bb <\/li>\n<li><strong>Autor:<\/strong>\u00a0 Mar\u00eda  Angeles Rebollo Catalan <\/li>\n<li><strong>Universidad:<\/strong>\u00a0 Sevilla<\/li>\n<li><strong>Fecha de lectura de la tesis:<\/strong>\u00a0 15\/09\/1999<\/li>\n<\/ul>\n<p>&nbsp;<\/p>\n<h3>Direcci\u00f3n y tribunal<\/h3>\n<ul>\n<li><strong>Director de la tesis<\/strong>\n<ul>\n<li> Colas Bravo M. Pilar<\/li>\n<\/ul>\n<\/li>\n<li><strong>Tribunal<\/strong>\n<ul>\n<li>Presidente del tribunal: leonor Buendia eisran <\/li>\n<li>feli Etxebarria sagasture (vocal)<\/li>\n<li>Juan  daniel Ram\u00edrez garrido (vocal)<\/li>\n<li> Espin lopez julia v. (vocal)<\/li>\n<\/ul>\n<\/li>\n<\/ul>\n<p>&nbsp;<\/p>\n","protected":false},"excerpt":{"rendered":"<p>Tesis doctoral de Mar\u00eda Angeles Rebollo Catalan Partiendo del marco te\u00f3rico proporcionado por el enfoque sociocultural y m\u00e1s especificamente de [&hellip;]<\/p>\n","protected":false},"author":1,"featured_media":0,"comment_status":"open","ping_status":"open","sticky":false,"template":"","format":"standard","meta":{"site-sidebar-layout":"default","site-content-layout":"","ast-site-content-layout":"","site-content-style":"default","site-sidebar-style":"default","ast-global-header-display":"","ast-banner-title-visibility":"","ast-main-header-display":"","ast-hfb-above-header-display":"","ast-hfb-below-header-display":"","ast-hfb-mobile-header-display":"","site-post-title":"","ast-breadcrumbs-content":"","ast-featured-img":"","footer-sml-layout":"","theme-transparent-header-meta":"","adv-header-id-meta":"","stick-header-meta":"","header-above-stick-meta":"","header-main-stick-meta":"","header-below-stick-meta":"","astra-migrate-meta-layouts":"default","ast-page-background-enabled":"default","ast-page-background-meta":{"desktop":{"background-color":"var(--ast-global-color-4)","background-image":"","background-repeat":"repeat","background-position":"center center","background-size":"auto","background-attachment":"scroll","background-type":"","background-media":"","overlay-type":"","overlay-color":"","overlay-gradient":""},"tablet":{"background-color":"","background-image":"","background-repeat":"repeat","background-position":"center center","background-size":"auto","background-attachment":"scroll","background-type":"","background-media":"","overlay-type":"","overlay-color":"","overlay-gradient":""},"mobile":{"background-color":"","background-image":"","background-repeat":"repeat","background-position":"center center","background-size":"auto","background-attachment":"scroll","background-type":"","background-media":"","overlay-type":"","overlay-color":"","overlay-gradient":""}},"ast-content-background-meta":{"desktop":{"background-color":"var(--ast-global-color-5)","background-image":"","background-repeat":"repeat","background-position":"center center","background-size":"auto","background-attachment":"scroll","background-type":"","background-media":"","overlay-type":"","overlay-color":"","overlay-gradient":""},"tablet":{"background-color":"var(--ast-global-color-5)","background-image":"","background-repeat":"repeat","background-position":"center center","background-size":"auto","background-attachment":"scroll","background-type":"","background-media":"","overlay-type":"","overlay-color":"","overlay-gradient":""},"mobile":{"background-color":"var(--ast-global-color-5)","background-image":"","background-repeat":"repeat","background-position":"center center","background-size":"auto","background-attachment":"scroll","background-type":"","background-media":"","overlay-type":"","overlay-color":"","overlay-gradient":""}},"footnotes":""},"categories":[13042,4907,1184,1141,2330,10715,1341],"tags":[122131,172487,172486,33911,172485,138538],"class_list":["post-80606","post","type-post","status-publish","format-standard","hentry","category-educacion-de-adultos","category-metodos-audiovisuales-en-pedagogia","category-organizacion-y-planificacion-de-la-educacion","category-pedagogia","category-pedagogia-experimental","category-sevilla","category-teoria-y-metodos-educativos","tag-colas-bravo-m-pilar","tag-espin-lopez-julia-v","tag-feli-etxebarria-sagasture","tag-juan-daniel-ramirez-garrido","tag-leonor-buendia-eisran","tag-maria-angeles-rebollo-catalan"],"_links":{"self":[{"href":"https:\/\/www.deberes.net\/tesis\/wp-json\/wp\/v2\/posts\/80606","targetHints":{"allow":["GET"]}}],"collection":[{"href":"https:\/\/www.deberes.net\/tesis\/wp-json\/wp\/v2\/posts"}],"about":[{"href":"https:\/\/www.deberes.net\/tesis\/wp-json\/wp\/v2\/types\/post"}],"author":[{"embeddable":true,"href":"https:\/\/www.deberes.net\/tesis\/wp-json\/wp\/v2\/users\/1"}],"replies":[{"embeddable":true,"href":"https:\/\/www.deberes.net\/tesis\/wp-json\/wp\/v2\/comments?post=80606"}],"version-history":[{"count":0,"href":"https:\/\/www.deberes.net\/tesis\/wp-json\/wp\/v2\/posts\/80606\/revisions"}],"wp:attachment":[{"href":"https:\/\/www.deberes.net\/tesis\/wp-json\/wp\/v2\/media?parent=80606"}],"wp:term":[{"taxonomy":"category","embeddable":true,"href":"https:\/\/www.deberes.net\/tesis\/wp-json\/wp\/v2\/categories?post=80606"},{"taxonomy":"post_tag","embeddable":true,"href":"https:\/\/www.deberes.net\/tesis\/wp-json\/wp\/v2\/tags?post=80606"}],"curies":[{"name":"wp","href":"https:\/\/api.w.org\/{rel}","templated":true}]}}