{"id":80607,"date":"2018-03-10T00:04:23","date_gmt":"2018-03-10T00:04:23","guid":{"rendered":"https:\/\/www.deberes.net\/tesis\/sin-categoria\/sucesiones-de-operadores-multiplicadoras-entre-espacios-de-funciones-vectoriales\/"},"modified":"2018-03-10T00:04:23","modified_gmt":"2018-03-10T00:04:23","slug":"sucesiones-de-operadores-multiplicadoras-entre-espacios-de-funciones-vectoriales","status":"publish","type":"post","link":"https:\/\/www.deberes.net\/tesis\/matematicas\/sucesiones-de-operadores-multiplicadoras-entre-espacios-de-funciones-vectoriales\/","title":{"rendered":"Sucesiones de operadores multiplicadoras entre espacios de funciones vectoriales."},"content":{"rendered":"<h2>Tesis doctoral de <strong>  Arregui Casaus Jos\u00e9 Luis <\/strong><\/h2>\n<p>La tesis se divide en dos partes. En ambas se estudian las sucesiones de operadores (tn) lineales y acotados entre dos espacios de banach x e y que transforman las sucesiones (xn) de e(x) en sucesiones (tn xn) de f(y), donde e(x) y f(y) son ciertos espacios de funciones vectoriales.  en la primera parte e(x) y f(y) son los espacios cl\u00e1sicos de las sucesiones de 1p(x) y 1q(y) d\u00e9bil, para ciertos \u00edndices p y q, generalizando el estudio de los operadores (p,q) sumantes.  en la segunda fase los espacios que parecen son, fundamentalmente, espacios de bergman vectoriales. Se estudian propiedades de dichos espacios, entre ellas la dualidad, y se demuestra un teorema de convoluci\u00f3n vectorial, que en una situaci\u00f3n particular permite obtener resutlados sobre sucesiones multiplicadoras cuando e(x) es une spacio de bergman vectorial.  en ambas partes se obtienen consecuencias relevantes en las teor\u00edas cl\u00e1sicas, de ideales de operadores en la primera parte y de multiplicadores escalares en la segunda.<\/p>\n<p>&nbsp;<\/p>\n<h3>Datos acad\u00e9micos de la tesis doctoral \u00ab<strong>Sucesiones de operadores multiplicadoras entre espacios de funciones vectoriales.<\/strong>\u00ab<\/h3>\n<ul>\n<li><strong>T\u00edtulo de la tesis:<\/strong>\u00a0 Sucesiones de operadores multiplicadoras entre espacios de funciones vectoriales. <\/li>\n<li><strong>Autor:<\/strong>\u00a0  Arregui Casaus Jos\u00e9 Luis <\/li>\n<li><strong>Universidad:<\/strong>\u00a0 Zaragoza<\/li>\n<li><strong>Fecha de lectura de la tesis:<\/strong>\u00a0 15\/09\/1999<\/li>\n<\/ul>\n<p>&nbsp;<\/p>\n<h3>Direcci\u00f3n y tribunal<\/h3>\n<ul>\n<li><strong>Director de la tesis<\/strong>\n<ul>\n<li>Oscar Blasco De La Cruz<\/li>\n<\/ul>\n<\/li>\n<li><strong>Tribunal<\/strong>\n<ul>\n<li>Presidente del tribunal: Jes\u00fas Bastero eleizalde <\/li>\n<li>daniel Girela alvarez (vocal)<\/li>\n<li>joan llu\u00eds Cerd\u00ed\u00a0 mart\u00edn (vocal)<\/li>\n<li>dragan Vukotic (vocal)<\/li>\n<\/ul>\n<\/li>\n<\/ul>\n<p>&nbsp;<\/p>\n","protected":false},"excerpt":{"rendered":"<p>Tesis doctoral de Arregui Casaus Jos\u00e9 Luis La tesis se divide en dos partes. En ambas se estudian las sucesiones [&hellip;]<\/p>\n","protected":false},"author":1,"featured_media":0,"comment_status":"open","ping_status":"open","sticky":false,"template":"","format":"standard","meta":{"site-sidebar-layout":"default","site-content-layout":"","ast-site-content-layout":"","site-content-style":"default","site-sidebar-style":"default","ast-global-header-display":"","ast-banner-title-visibility":"","ast-main-header-display":"","ast-hfb-above-header-display":"","ast-hfb-below-header-display":"","ast-hfb-mobile-header-display":"","site-post-title":"","ast-breadcrumbs-content":"","ast-featured-img":"","footer-sml-layout":"","theme-transparent-header-meta":"","adv-header-id-meta":"","stick-header-meta":"","header-above-stick-meta":"","header-main-stick-meta":"","header-below-stick-meta":"","astra-migrate-meta-layouts":"default","ast-page-background-enabled":"default","ast-page-background-meta":{"desktop":{"background-color":"var(--ast-global-color-4)","background-image":"","background-repeat":"repeat","background-position":"center center","background-size":"auto","background-attachment":"scroll","background-type":"","background-media":"","overlay-type":"","overlay-color":"","overlay-gradient":""},"tablet":{"background-color":"","background-image":"","background-repeat":"repeat","background-position":"center center","background-size":"auto","background-attachment":"scroll","background-type":"","background-media":"","overlay-type":"","overlay-color":"","overlay-gradient":""},"mobile":{"background-color":"","background-image":"","background-repeat":"repeat","background-position":"center center","background-size":"auto","background-attachment":"scroll","background-type":"","background-media":"","overlay-type":"","overlay-color":"","overlay-gradient":""}},"ast-content-background-meta":{"desktop":{"background-color":"var(--ast-global-color-5)","background-image":"","background-repeat":"repeat","background-position":"center center","background-size":"auto","background-attachment":"scroll","background-type":"","background-media":"","overlay-type":"","overlay-color":"","overlay-gradient":""},"tablet":{"background-color":"var(--ast-global-color-5)","background-image":"","background-repeat":"repeat","background-position":"center center","background-size":"auto","background-attachment":"scroll","background-type":"","background-media":"","overlay-type":"","overlay-color":"","overlay-gradient":""},"mobile":{"background-color":"var(--ast-global-color-5)","background-image":"","background-repeat":"repeat","background-position":"center center","background-size":"auto","background-attachment":"scroll","background-type":"","background-media":"","overlay-type":"","overlay-color":"","overlay-gradient":""}},"footnotes":""},"categories":[3564,3183,126,13610],"tags":[172488,81496,89097,28926,14917,28928],"class_list":["post-80607","post","type-post","status-publish","format-standard","hentry","category-algebras-y-espacios-de-banach","category-analisis-y-analisis-funcional","category-matematicas","category-zaragoza","tag-arregui-casaus-jose-luis","tag-daniel-girela-alvarez","tag-dragan-vukotic","tag-jesus-bastero-eleizalde","tag-joan-lluis-cerdi-martin","tag-oscar-blasco-de-la-cruz"],"_links":{"self":[{"href":"https:\/\/www.deberes.net\/tesis\/wp-json\/wp\/v2\/posts\/80607","targetHints":{"allow":["GET"]}}],"collection":[{"href":"https:\/\/www.deberes.net\/tesis\/wp-json\/wp\/v2\/posts"}],"about":[{"href":"https:\/\/www.deberes.net\/tesis\/wp-json\/wp\/v2\/types\/post"}],"author":[{"embeddable":true,"href":"https:\/\/www.deberes.net\/tesis\/wp-json\/wp\/v2\/users\/1"}],"replies":[{"embeddable":true,"href":"https:\/\/www.deberes.net\/tesis\/wp-json\/wp\/v2\/comments?post=80607"}],"version-history":[{"count":0,"href":"https:\/\/www.deberes.net\/tesis\/wp-json\/wp\/v2\/posts\/80607\/revisions"}],"wp:attachment":[{"href":"https:\/\/www.deberes.net\/tesis\/wp-json\/wp\/v2\/media?parent=80607"}],"wp:term":[{"taxonomy":"category","embeddable":true,"href":"https:\/\/www.deberes.net\/tesis\/wp-json\/wp\/v2\/categories?post=80607"},{"taxonomy":"post_tag","embeddable":true,"href":"https:\/\/www.deberes.net\/tesis\/wp-json\/wp\/v2\/tags?post=80607"}],"curies":[{"name":"wp","href":"https:\/\/api.w.org\/{rel}","templated":true}]}}