{"id":80609,"date":"2018-03-10T00:04:23","date_gmt":"2018-03-10T00:04:23","guid":{"rendered":"https:\/\/www.deberes.net\/tesis\/sin-categoria\/la-naturaleza-y-determinantes-del-comercio-intra-industrial-de-espana\/"},"modified":"2018-03-10T00:04:23","modified_gmt":"2018-03-10T00:04:23","slug":"la-naturaleza-y-determinantes-del-comercio-intra-industrial-de-espana","status":"publish","type":"post","link":"https:\/\/www.deberes.net\/tesis\/ciencias-economicas\/la-naturaleza-y-determinantes-del-comercio-intra-industrial-de-espana\/","title":{"rendered":"La naturaleza y determinantes del comercio intra-industrial de espa\u00f1a"},"content":{"rendered":"<h2>Tesis doctoral de <strong>  Blanes Crist\u00f3bal Jos\u00e9 Vicente <\/strong><\/h2>\n<p>La tesis investiga la naturaleza, verticaly horizontal, del comercio intra-industrial realizado por la econom\u00eda espa\u00f1ola durante le per\u00edodo 1988-1995 y contrasta si los determinantes del cii verticalyd el cii horizontal difieren.  la tesis aporta evidencia sobre la preponderacia del cii vertical sobre el horizontal. Adem\u00e1s, la exportaciones espa\u00f1ola, en variedades de menor caldiad es superior a las de alta calidad en su comercio con la ocde y lo contrario sucede en su comerico conlospa\u00edses no-ocde.  el desglobe del cii en vertical y horizontal mejora la estimaci\u00f3ne conom\u00e9trica de sus determinantes y resuelve algunos resultados contradictorios anteriores.Se obsrva que las determinantes del cii horizontaly del cii vertical difieren. el primero se explicaria por el modelo de competencia monoplitica, mientras que el segundo por el modelo de diferenciaci\u00f3n vertical, que en esta tesis se amplia con la consideraci\u00f3n de diferentes dotaciones relativas de capital: f\u00edsico, tecnol\u00f3gico y humano.<\/p>\n<p>&nbsp;<\/p>\n<h3>Datos acad\u00e9micos de la tesis doctoral \u00ab<strong>La naturaleza y determinantes del comercio intra-industrial de espa\u00f1a<\/strong>\u00ab<\/h3>\n<ul>\n<li><strong>T\u00edtulo de la tesis:<\/strong>\u00a0 La naturaleza y determinantes del comercio intra-industrial de espa\u00f1a <\/li>\n<li><strong>Autor:<\/strong>\u00a0  Blanes Crist\u00f3bal Jos\u00e9 Vicente <\/li>\n<li><strong>Universidad:<\/strong>\u00a0 Aut\u00f3noma de barcelona<\/li>\n<li><strong>Fecha de lectura de la tesis:<\/strong>\u00a0 15\/09\/1999<\/li>\n<\/ul>\n<p>&nbsp;<\/p>\n<h3>Direcci\u00f3n y tribunal<\/h3>\n<ul>\n<li><strong>Director de la tesis<\/strong>\n<ul>\n<li>Carmela Mart\u00edn Gonz\u00e1lez<\/li>\n<\/ul>\n<\/li>\n<li><strong>Tribunal<\/strong>\n<ul>\n<li>Presidente del tribunal: joan Tugores ques <\/li>\n<li>cecilio ricardo Tamarit escalona (vocal)<\/li>\n<li>candido Mu\u00f1oz cidad (vocal)<\/li>\n<li>Jos\u00e9 Luis Raymond bara (vocal)<\/li>\n<\/ul>\n<\/li>\n<\/ul>\n<p>&nbsp;<\/p>\n","protected":false},"excerpt":{"rendered":"<p>Tesis doctoral de Blanes Crist\u00f3bal Jos\u00e9 Vicente La tesis investiga la naturaleza, verticaly horizontal, del comercio intra-industrial realizado por la [&hellip;]<\/p>\n","protected":false},"author":1,"featured_media":0,"comment_status":"open","ping_status":"open","sticky":false,"template":"","format":"standard","meta":{"site-sidebar-layout":"default","site-content-layout":"","ast-site-content-layout":"","site-content-style":"default","site-sidebar-style":"default","ast-global-header-display":"","ast-banner-title-visibility":"","ast-main-header-display":"","ast-hfb-above-header-display":"","ast-hfb-below-header-display":"","ast-hfb-mobile-header-display":"","site-post-title":"","ast-breadcrumbs-content":"","ast-featured-img":"","footer-sml-layout":"","theme-transparent-header-meta":"","adv-header-id-meta":"","stick-header-meta":"","header-above-stick-meta":"","header-main-stick-meta":"","header-below-stick-meta":"","astra-migrate-meta-layouts":"default","ast-page-background-enabled":"default","ast-page-background-meta":{"desktop":{"background-color":"var(--ast-global-color-4)","background-image":"","background-repeat":"repeat","background-position":"center center","background-size":"auto","background-attachment":"scroll","background-type":"","background-media":"","overlay-type":"","overlay-color":"","overlay-gradient":""},"tablet":{"background-color":"","background-image":"","background-repeat":"repeat","background-position":"center center","background-size":"auto","background-attachment":"scroll","background-type":"","background-media":"","overlay-type":"","overlay-color":"","overlay-gradient":""},"mobile":{"background-color":"","background-image":"","background-repeat":"repeat","background-position":"center center","background-size":"auto","background-attachment":"scroll","background-type":"","background-media":"","overlay-type":"","overlay-color":"","overlay-gradient":""}},"ast-content-background-meta":{"desktop":{"background-color":"var(--ast-global-color-5)","background-image":"","background-repeat":"repeat","background-position":"center center","background-size":"auto","background-attachment":"scroll","background-type":"","background-media":"","overlay-type":"","overlay-color":"","overlay-gradient":""},"tablet":{"background-color":"var(--ast-global-color-5)","background-image":"","background-repeat":"repeat","background-position":"center center","background-size":"auto","background-attachment":"scroll","background-type":"","background-media":"","overlay-type":"","overlay-color":"","overlay-gradient":""},"mobile":{"background-color":"var(--ast-global-color-5)","background-image":"","background-repeat":"repeat","background-position":"center center","background-size":"auto","background-attachment":"scroll","background-type":"","background-media":"","overlay-type":"","overlay-color":"","overlay-gradient":""}},"footnotes":""},"categories":[772,82,994,974,9310,13381,2825,6830,737],"tags":[172489,8574,6832,78656,10285,11538],"class_list":["post-80609","post","type-post","status-publish","format-standard","hentry","category-actividad-economica","category-ciencias-economicas","category-comercio-exterior","category-econometria","category-indicadores-economicos","category-integracion-economica","category-organizacion-industrial-y-sector-publico","category-teoria-del-comercio-internacional","category-teoria-economica","tag-blanes-cristobal-jose-vicente","tag-candido-munoz-cidad","tag-carmela-martin-gonzalez","tag-cecilio-ricardo-tamarit-escalona","tag-joan-tugores-ques","tag-jose-luis-raymond-bara"],"_links":{"self":[{"href":"https:\/\/www.deberes.net\/tesis\/wp-json\/wp\/v2\/posts\/80609","targetHints":{"allow":["GET"]}}],"collection":[{"href":"https:\/\/www.deberes.net\/tesis\/wp-json\/wp\/v2\/posts"}],"about":[{"href":"https:\/\/www.deberes.net\/tesis\/wp-json\/wp\/v2\/types\/post"}],"author":[{"embeddable":true,"href":"https:\/\/www.deberes.net\/tesis\/wp-json\/wp\/v2\/users\/1"}],"replies":[{"embeddable":true,"href":"https:\/\/www.deberes.net\/tesis\/wp-json\/wp\/v2\/comments?post=80609"}],"version-history":[{"count":0,"href":"https:\/\/www.deberes.net\/tesis\/wp-json\/wp\/v2\/posts\/80609\/revisions"}],"wp:attachment":[{"href":"https:\/\/www.deberes.net\/tesis\/wp-json\/wp\/v2\/media?parent=80609"}],"wp:term":[{"taxonomy":"category","embeddable":true,"href":"https:\/\/www.deberes.net\/tesis\/wp-json\/wp\/v2\/categories?post=80609"},{"taxonomy":"post_tag","embeddable":true,"href":"https:\/\/www.deberes.net\/tesis\/wp-json\/wp\/v2\/tags?post=80609"}],"curies":[{"name":"wp","href":"https:\/\/api.w.org\/{rel}","templated":true}]}}