{"id":80667,"date":"2018-03-10T00:04:27","date_gmt":"2018-03-10T00:04:27","guid":{"rendered":"https:\/\/www.deberes.net\/tesis\/sin-categoria\/modalidades-de-tutela-paterna-y-efectos-en-el-desarrollo-cognitivo-del-hijo\/"},"modified":"2018-03-10T00:04:27","modified_gmt":"2018-03-10T00:04:27","slug":"modalidades-de-tutela-paterna-y-efectos-en-el-desarrollo-cognitivo-del-hijo","status":"publish","type":"post","link":"https:\/\/www.deberes.net\/tesis\/psicologia\/modalidades-de-tutela-paterna-y-efectos-en-el-desarrollo-cognitivo-del-hijo\/","title":{"rendered":"Modalidades de tutela paterna y efectos en el desarrollo. cognitivo del hijo."},"content":{"rendered":"<h2>Tesis doctoral de <strong> Laura Villares Bermejo <\/strong><\/h2>\n<p>La investigaci\u00f3n se centra en el analisis de las modalidades de tutela del padre y su incidencia en el progreso cognitivo del ni\u00f1o durante el segundo a\u00f1o de vida (1;0-2;0 a).  para ello, se analiza como transcurre la actividad en la din\u00e1mica interactiva, observado las intervenciones y actuaciones propias de cada uno de los miembros que componen la diada y estudiando con atenci\u00f3n los efectos de la intervencion del padre entre la actividad en curso del peque\u00f1o en tres momentos cronol\u00f3gicos distintos: 1;0 a-1;6 a- 2, 0a.<\/p>\n<p>&nbsp;<\/p>\n<h3>Datos acad\u00e9micos de la tesis doctoral \u00ab<strong>Modalidades de tutela paterna y efectos en el desarrollo. cognitivo del hijo.<\/strong>\u00ab<\/h3>\n<ul>\n<li><strong>T\u00edtulo de la tesis:<\/strong>\u00a0 Modalidades de tutela paterna y efectos en el desarrollo. cognitivo del hijo. <\/li>\n<li><strong>Autor:<\/strong>\u00a0 Laura Villares Bermejo <\/li>\n<li><strong>Universidad:<\/strong>\u00a0 Rovira i virgili<\/li>\n<li><strong>Fecha de lectura de la tesis:<\/strong>\u00a0 20\/09\/1999<\/li>\n<\/ul>\n<p>&nbsp;<\/p>\n<h3>Direcci\u00f3n y tribunal<\/h3>\n<ul>\n<li><strong>Director de la tesis<\/strong>\n<ul>\n<li>Sylvia Sastre I Riba<\/li>\n<\/ul>\n<\/li>\n<li><strong>Tribunal<\/strong>\n<ul>\n<li>Presidente del tribunal: estanislao Pastor mallol <\/li>\n<li>Mar\u00eda teresa Anguera argilaga (vocal)<\/li>\n<li>jaume Sanvy burges (vocal)<\/li>\n<li>  (vocal)<\/li>\n<\/ul>\n<\/li>\n<\/ul>\n<p>&nbsp;<\/p>\n","protected":false},"excerpt":{"rendered":"<p>Tesis doctoral de Laura Villares Bermejo La investigaci\u00f3n se centra en el analisis de las modalidades de tutela del padre [&hellip;]<\/p>\n","protected":false},"author":1,"featured_media":0,"comment_status":"open","ping_status":"open","sticky":false,"template":"","format":"standard","meta":{"site-sidebar-layout":"default","site-content-layout":"","ast-site-content-layout":"","site-content-style":"default","site-sidebar-style":"default","ast-global-header-display":"","ast-banner-title-visibility":"","ast-main-header-display":"","ast-hfb-above-header-display":"","ast-hfb-below-header-display":"","ast-hfb-mobile-header-display":"","site-post-title":"","ast-breadcrumbs-content":"","ast-featured-img":"","footer-sml-layout":"","theme-transparent-header-meta":"","adv-header-id-meta":"","stick-header-meta":"","header-above-stick-meta":"","header-main-stick-meta":"","header-below-stick-meta":"","astra-migrate-meta-layouts":"default","ast-page-background-enabled":"default","ast-page-background-meta":{"desktop":{"background-color":"var(--ast-global-color-4)","background-image":"","background-repeat":"repeat","background-position":"center center","background-size":"auto","background-attachment":"scroll","background-type":"","background-media":"","overlay-type":"","overlay-color":"","overlay-gradient":""},"tablet":{"background-color":"","background-image":"","background-repeat":"repeat","background-position":"center center","background-size":"auto","background-attachment":"scroll","background-type":"","background-media":"","overlay-type":"","overlay-color":"","overlay-gradient":""},"mobile":{"background-color":"","background-image":"","background-repeat":"repeat","background-position":"center center","background-size":"auto","background-attachment":"scroll","background-type":"","background-media":"","overlay-type":"","overlay-color":"","overlay-gradient":""}},"ast-content-background-meta":{"desktop":{"background-color":"var(--ast-global-color-5)","background-image":"","background-repeat":"repeat","background-position":"center center","background-size":"auto","background-attachment":"scroll","background-type":"","background-media":"","overlay-type":"","overlay-color":"","overlay-gradient":""},"tablet":{"background-color":"var(--ast-global-color-5)","background-image":"","background-repeat":"repeat","background-position":"center center","background-size":"auto","background-attachment":"scroll","background-type":"","background-media":"","overlay-type":"","overlay-color":"","overlay-gradient":""},"mobile":{"background-color":"var(--ast-global-color-5)","background-image":"","background-repeat":"repeat","background-position":"center center","background-size":"auto","background-attachment":"scroll","background-type":"","background-media":"","overlay-type":"","overlay-color":"","overlay-gradient":""}},"footnotes":""},"categories":[7302,324,970,2758,5174,18759],"tags":[3227,172574,172573,1179,14818],"class_list":["post-80667","post","type-post","status-publish","format-standard","hentry","category-procesos-cognitivos","category-psicologia","category-psicologia-del-nino-y-del-adolescente","category-psicologia-evolutiva","category-psicopedagogia","category-rovira-i-virgili","tag-estanislao-pastor-mallol","tag-jaume-sanvy-burges","tag-laura-villares-bermejo","tag-maria-teresa-anguera-argilaga","tag-sylvia-sastre-i-riba"],"_links":{"self":[{"href":"https:\/\/www.deberes.net\/tesis\/wp-json\/wp\/v2\/posts\/80667","targetHints":{"allow":["GET"]}}],"collection":[{"href":"https:\/\/www.deberes.net\/tesis\/wp-json\/wp\/v2\/posts"}],"about":[{"href":"https:\/\/www.deberes.net\/tesis\/wp-json\/wp\/v2\/types\/post"}],"author":[{"embeddable":true,"href":"https:\/\/www.deberes.net\/tesis\/wp-json\/wp\/v2\/users\/1"}],"replies":[{"embeddable":true,"href":"https:\/\/www.deberes.net\/tesis\/wp-json\/wp\/v2\/comments?post=80667"}],"version-history":[{"count":0,"href":"https:\/\/www.deberes.net\/tesis\/wp-json\/wp\/v2\/posts\/80667\/revisions"}],"wp:attachment":[{"href":"https:\/\/www.deberes.net\/tesis\/wp-json\/wp\/v2\/media?parent=80667"}],"wp:term":[{"taxonomy":"category","embeddable":true,"href":"https:\/\/www.deberes.net\/tesis\/wp-json\/wp\/v2\/categories?post=80667"},{"taxonomy":"post_tag","embeddable":true,"href":"https:\/\/www.deberes.net\/tesis\/wp-json\/wp\/v2\/tags?post=80667"}],"curies":[{"name":"wp","href":"https:\/\/api.w.org\/{rel}","templated":true}]}}