{"id":80680,"date":"2018-03-10T00:04:27","date_gmt":"2018-03-10T00:04:27","guid":{"rendered":"https:\/\/www.deberes.net\/tesis\/sin-categoria\/el-movimiento-de-la-escuela-moderna-portuguesa\/"},"modified":"2018-03-10T00:04:27","modified_gmt":"2018-03-10T00:04:27","slug":"el-movimiento-de-la-escuela-moderna-portuguesa","status":"publish","type":"post","link":"https:\/\/www.deberes.net\/tesis\/historia\/el-movimiento-de-la-escuela-moderna-portuguesa\/","title":{"rendered":"\u00abel movimiento de la escuela moderna portuguesa\u00bb"},"content":{"rendered":"<h2>Tesis doctoral de <strong> Francisco Gonzalez Pedro <\/strong><\/h2>\n<p>Con la realizaci\u00f3n de este trabajo de investigaci\u00f3n se pretende caracterizar el movimiento de la escuela moderna portuguesa desde la perspectiva de sus miembros. Al mismo tiempo nos propusimos analizar las aportaciones de este movimiento en el terreno de la pedagog\u00eda y de la formaci\u00f3n de profesores.  la dimensi\u00f3n etnogr\u00e1fica que adoptamos para llevar a cabo esta investigaci\u00f3n se fundamenta en la perspectiva en que es abordado el objetivo de estudio(la caracterizaci\u00f3n es realizada desde la perspectiva de sus miembros), y en las fuentes de informaci\u00f3n utilizadas(nos apoyamos, fundamentalmente, en la tradici\u00f3n predominantemente oral de los integrantes de este movimiento de renovaci\u00f3n.  el mem se revela como una estructura pedag\u00f3gica, con una cultura propia, basada en valores sociales y humanos que lleg\u00f3 a un punto consistente de desarrollo. Sus caracter\u00edsticas de flexibilidad (alimentada por la reflexi\u00f3n autocr\u00edtica) evidencian una dimensi\u00f3n de crecimiento y actualizaci\u00f3n continua.<\/p>\n<p>&nbsp;<\/p>\n<h3>Datos acad\u00e9micos de la tesis doctoral \u00ab<strong>\u00abel movimiento de la escuela moderna portuguesa\u00bb<\/strong>\u00ab<\/h3>\n<ul>\n<li><strong>T\u00edtulo de la tesis:<\/strong>\u00a0 \u00abel movimiento de la escuela moderna portuguesa\u00bb <\/li>\n<li><strong>Autor:<\/strong>\u00a0 Francisco Gonzalez Pedro <\/li>\n<li><strong>Universidad:<\/strong>\u00a0 Salamanca<\/li>\n<li><strong>Fecha de lectura de la tesis:<\/strong>\u00a0 22\/09\/1999<\/li>\n<\/ul>\n<p>&nbsp;<\/p>\n<h3>Direcci\u00f3n y tribunal<\/h3>\n<ul>\n<li><strong>Director de la tesis<\/strong>\n<ul>\n<li>Jos\u00e9 Mar\u00eda Hernandez Diaz<\/li>\n<\/ul>\n<\/li>\n<li><strong>Tribunal<\/strong>\n<ul>\n<li>Presidente del tribunal: agust\u00edn Escolano benito <\/li>\n<li>rogerio Fernandez (vocal)<\/li>\n<li>gabriela Ossenbach sauter (vocal)<\/li>\n<li>clementina Garc\u00eda crespo (vocal)<\/li>\n<\/ul>\n<\/li>\n<\/ul>\n<p>&nbsp;<\/p>\n","protected":false},"excerpt":{"rendered":"<p>Tesis doctoral de Francisco Gonzalez Pedro Con la realizaci\u00f3n de este trabajo de investigaci\u00f3n se pretende caracterizar el movimiento de [&hellip;]<\/p>\n","protected":false},"author":1,"featured_media":0,"comment_status":"open","ping_status":"open","sticky":false,"template":"","format":"standard","meta":{"site-sidebar-layout":"default","site-content-layout":"","ast-site-content-layout":"","site-content-style":"default","site-sidebar-style":"default","ast-global-header-display":"","ast-banner-title-visibility":"","ast-main-header-display":"","ast-hfb-above-header-display":"","ast-hfb-below-header-display":"","ast-hfb-mobile-header-display":"","site-post-title":"","ast-breadcrumbs-content":"","ast-featured-img":"","footer-sml-layout":"","theme-transparent-header-meta":"","adv-header-id-meta":"","stick-header-meta":"","header-above-stick-meta":"","header-main-stick-meta":"","header-below-stick-meta":"","astra-migrate-meta-layouts":"default","ast-page-background-enabled":"default","ast-page-background-meta":{"desktop":{"background-color":"var(--ast-global-color-4)","background-image":"","background-repeat":"repeat","background-position":"center center","background-size":"auto","background-attachment":"scroll","background-type":"","background-media":"","overlay-type":"","overlay-color":"","overlay-gradient":""},"tablet":{"background-color":"","background-image":"","background-repeat":"repeat","background-position":"center center","background-size":"auto","background-attachment":"scroll","background-type":"","background-media":"","overlay-type":"","overlay-color":"","overlay-gradient":""},"mobile":{"background-color":"","background-image":"","background-repeat":"repeat","background-position":"center center","background-size":"auto","background-attachment":"scroll","background-type":"","background-media":"","overlay-type":"","overlay-color":"","overlay-gradient":""}},"ast-content-background-meta":{"desktop":{"background-color":"var(--ast-global-color-5)","background-image":"","background-repeat":"repeat","background-position":"center center","background-size":"auto","background-attachment":"scroll","background-type":"","background-media":"","overlay-type":"","overlay-color":"","overlay-gradient":""},"tablet":{"background-color":"var(--ast-global-color-5)","background-image":"","background-repeat":"repeat","background-position":"center center","background-size":"auto","background-attachment":"scroll","background-type":"","background-media":"","overlay-type":"","overlay-color":"","overlay-gradient":""},"mobile":{"background-color":"var(--ast-global-color-5)","background-image":"","background-repeat":"repeat","background-position":"center center","background-size":"auto","background-attachment":"scroll","background-type":"","background-media":"","overlay-type":"","overlay-color":"","overlay-gradient":""}},"footnotes":""},"categories":[1140,104,311,222,1141,1288,9386],"tags":[8656,46167,172600,39507,9516,172601],"class_list":["post-80680","post","type-post","status-publish","format-standard","hentry","category-formacion-y-empleo-de-profesores","category-historia","category-historia-de-la-educacion","category-historias-especializadas","category-pedagogia","category-preparacion-de-profesores","category-salamanca","tag-agustin-escolano-benito","tag-clementina-garcia-crespo","tag-francisco-gonzalez-pedro","tag-gabriela-ossenbach-sauter","tag-jose-maria-hernandez-diaz","tag-rogerio-fernandez"],"_links":{"self":[{"href":"https:\/\/www.deberes.net\/tesis\/wp-json\/wp\/v2\/posts\/80680","targetHints":{"allow":["GET"]}}],"collection":[{"href":"https:\/\/www.deberes.net\/tesis\/wp-json\/wp\/v2\/posts"}],"about":[{"href":"https:\/\/www.deberes.net\/tesis\/wp-json\/wp\/v2\/types\/post"}],"author":[{"embeddable":true,"href":"https:\/\/www.deberes.net\/tesis\/wp-json\/wp\/v2\/users\/1"}],"replies":[{"embeddable":true,"href":"https:\/\/www.deberes.net\/tesis\/wp-json\/wp\/v2\/comments?post=80680"}],"version-history":[{"count":0,"href":"https:\/\/www.deberes.net\/tesis\/wp-json\/wp\/v2\/posts\/80680\/revisions"}],"wp:attachment":[{"href":"https:\/\/www.deberes.net\/tesis\/wp-json\/wp\/v2\/media?parent=80680"}],"wp:term":[{"taxonomy":"category","embeddable":true,"href":"https:\/\/www.deberes.net\/tesis\/wp-json\/wp\/v2\/categories?post=80680"},{"taxonomy":"post_tag","embeddable":true,"href":"https:\/\/www.deberes.net\/tesis\/wp-json\/wp\/v2\/tags?post=80680"}],"curies":[{"name":"wp","href":"https:\/\/api.w.org\/{rel}","templated":true}]}}