{"id":80685,"date":"2018-03-10T00:04:27","date_gmt":"2018-03-10T00:04:27","guid":{"rendered":"https:\/\/www.deberes.net\/tesis\/sin-categoria\/la-biblioteca-de-los-mendoza-en-guadalajara-siglos-xv-xvi\/"},"modified":"2018-03-10T00:04:27","modified_gmt":"2018-03-10T00:04:27","slug":"la-biblioteca-de-los-mendoza-en-guadalajara-siglos-xv-xvi","status":"publish","type":"post","link":"https:\/\/www.deberes.net\/tesis\/linguistica\/la-biblioteca-de-los-mendoza-en-guadalajara-siglos-xv-xvi\/","title":{"rendered":"La biblioteca de los mendoza en guadalajara (siglos xv-xvi)"},"content":{"rendered":"<h2>Tesis doctoral de <strong>  Gonz\u00e1lez Pascual Marcelino Alfonso <\/strong><\/h2>\n<p>El objetivo de la biblioteca de los mendoza en guadalajara (siglos xv-xvi) no es otro que el de elucidar, para el periodo se\u00f1alado en el t\u00edtulo y con la mayor precisi\u00f3n posible, la composici\u00f3n de esta biblioteca nobiliaria gudalajare\u00f1a, vinculada al patrimonio del ducado del infantado desde finales del siglo xv, y recomponer, en la medida que la documentaci\u00f3n lo ha permitido, sus abatares desde su periodo fundacional (siglo xv), hasta su ingreso al patrimonio nacional, acompa\u00f1ando al fondo osuna, a finales del siglo xix. Llevar a t\u00e9rmino satisfactorio tal objetivo ha sido posible, principalmente, gracias a la explotaci\u00f3n de un inventario de librer\u00eda datado en gaudalajara en 1575 existente en el archivo hist\u00f3rico nacional, en el que se nos revela una riqu\u00edsima bilbioteca, no s\u00f3lo por el elevado n\u00famero de vol\u00famnes que la compon\u00edan, si no por la variedad de t\u00edtulos, de lenguas y modos de factura. tal documento, siendo el m\u00e1s importante de los utilizados, no es el \u00fanico explotado: para recomponer la historia de la colecci\u00f3n se ha recurrido a noticias directas e indirectas, publicadas o no, de tipo documental y\/o codicol\u00f3gicas o bibliol\u00f3gicas que van desde notas marginales o dedicatorias en mss. Del siglo xv, hasta documentaci\u00f3n del siglo xix, pasando por todo tipo de menciones a la bilbioteca en obras literarias, de erudici\u00f3 no bibliogr\u00e1ficas del marqu\u00e9s de santillana-embri\u00f3n de la biblioteca de los mendoza que le suceden, duques del infantado-, realizaron en el siglo xix jos\u00e9 amador de los r\u00edos y mario schiff, obras cuya presentaci\u00f3n y cr\u00edtica ha proporcionado gran seguridad a la hora de interpretar los asientos dedicados a los libros manuscritos existentes en el inventario de la biblioteca.  sobre los impresos, pr\u00e1cticamente el 60% de los libros que nos revela el inventario de 1575, no existen trabajos monogr\u00e1ficos, pues tal documento s\u00f3lo ha sido estudiado una vez pero s\u00f3lo la parte de los libros que don d<\/p>\n<p>&nbsp;<\/p>\n<h3>Datos acad\u00e9micos de la tesis doctoral \u00ab<strong>La biblioteca de los mendoza en guadalajara (siglos xv-xvi)<\/strong>\u00ab<\/h3>\n<ul>\n<li><strong>T\u00edtulo de la tesis:<\/strong>\u00a0 La biblioteca de los mendoza en guadalajara (siglos xv-xvi) <\/li>\n<li><strong>Autor:<\/strong>\u00a0  Gonz\u00e1lez Pascual Marcelino Alfonso <\/li>\n<li><strong>Universidad:<\/strong>\u00a0 Deusto<\/li>\n<li><strong>Fecha de lectura de la tesis:<\/strong>\u00a0 22\/09\/1999<\/li>\n<\/ul>\n<p>&nbsp;<\/p>\n<h3>Direcci\u00f3n y tribunal<\/h3>\n<ul>\n<li><strong>Director de la tesis<\/strong>\n<ul>\n<li>Angel Mar\u00eda Ormaechea  Hernaiz<\/li>\n<\/ul>\n<\/li>\n<li><strong>Tribunal<\/strong>\n<ul>\n<li>Presidente del tribunal:  Fortea perez Jos\u00e9 ignacio <\/li>\n<li>Fernando Jes\u00fas Bouza alvarez (vocal)<\/li>\n<li>jean-michel Lasperas (vocal)<\/li>\n<li> Villar Garc\u00eda Luis Miguel (vocal)<\/li>\n<\/ul>\n<\/li>\n<\/ul>\n<p>&nbsp;<\/p>\n","protected":false},"excerpt":{"rendered":"<p>Tesis doctoral de Gonz\u00e1lez Pascual Marcelino Alfonso El objetivo de la biblioteca de los mendoza en guadalajara (siglos xv-xvi) no [&hellip;]<\/p>\n","protected":false},"author":1,"featured_media":0,"comment_status":"open","ping_status":"open","sticky":false,"template":"","format":"standard","meta":{"site-sidebar-layout":"default","site-content-layout":"","ast-site-content-layout":"","site-content-style":"default","site-sidebar-style":"default","ast-global-header-display":"","ast-banner-title-visibility":"","ast-main-header-display":"","ast-hfb-above-header-display":"","ast-hfb-below-header-display":"","ast-hfb-mobile-header-display":"","site-post-title":"","ast-breadcrumbs-content":"","ast-featured-img":"","footer-sml-layout":"","theme-transparent-header-meta":"","adv-header-id-meta":"","stick-header-meta":"","header-above-stick-meta":"","header-main-stick-meta":"","header-below-stick-meta":"","astra-migrate-meta-layouts":"default","ast-page-background-enabled":"default","ast-page-background-meta":{"desktop":{"background-color":"var(--ast-global-color-4)","background-image":"","background-repeat":"repeat","background-position":"center center","background-size":"auto","background-attachment":"scroll","background-type":"","background-media":"","overlay-type":"","overlay-color":"","overlay-gradient":""},"tablet":{"background-color":"","background-image":"","background-repeat":"repeat","background-position":"center center","background-size":"auto","background-attachment":"scroll","background-type":"","background-media":"","overlay-type":"","overlay-color":"","overlay-gradient":""},"mobile":{"background-color":"","background-image":"","background-repeat":"repeat","background-position":"center center","background-size":"auto","background-attachment":"scroll","background-type":"","background-media":"","overlay-type":"","overlay-color":"","overlay-gradient":""}},"ast-content-background-meta":{"desktop":{"background-color":"var(--ast-global-color-5)","background-image":"","background-repeat":"repeat","background-position":"center center","background-size":"auto","background-attachment":"scroll","background-type":"","background-media":"","overlay-type":"","overlay-color":"","overlay-gradient":""},"tablet":{"background-color":"var(--ast-global-color-5)","background-image":"","background-repeat":"repeat","background-position":"center center","background-size":"auto","background-attachment":"scroll","background-type":"","background-media":"","overlay-type":"","overlay-color":"","overlay-gradient":""},"mobile":{"background-color":"var(--ast-global-color-5)","background-image":"","background-repeat":"repeat","background-position":"center center","background-size":"auto","background-attachment":"scroll","background-type":"","background-media":"","overlay-type":"","overlay-color":"","overlay-gradient":""}},"footnotes":""},"categories":[1624,147,31910,5526,104,59,60,4587,1111],"tags":[31946,36571,10635,172609,172610,41995],"class_list":["post-80685","post","type-post","status-publish","format-standard","hentry","category-ciencias-auxiliares-de-la-historia","category-ciencias-de-las-artes-y-las-letras","category-deusto","category-documentacion","category-historia","category-linguistica","category-linguistica-aplicada","category-paleografia","category-teoria-analisis-y-critica-de-las-bellas-artes","tag-angel-maria-ormaechea-hernaiz","tag-fernando-jesus-bouza-alvarez","tag-fortea-perez-jose-ignacio","tag-gonzalez-pascual-marcelino-alfonso","tag-jean-michel-lasperas","tag-villar-garcia-luis-miguel"],"_links":{"self":[{"href":"https:\/\/www.deberes.net\/tesis\/wp-json\/wp\/v2\/posts\/80685","targetHints":{"allow":["GET"]}}],"collection":[{"href":"https:\/\/www.deberes.net\/tesis\/wp-json\/wp\/v2\/posts"}],"about":[{"href":"https:\/\/www.deberes.net\/tesis\/wp-json\/wp\/v2\/types\/post"}],"author":[{"embeddable":true,"href":"https:\/\/www.deberes.net\/tesis\/wp-json\/wp\/v2\/users\/1"}],"replies":[{"embeddable":true,"href":"https:\/\/www.deberes.net\/tesis\/wp-json\/wp\/v2\/comments?post=80685"}],"version-history":[{"count":0,"href":"https:\/\/www.deberes.net\/tesis\/wp-json\/wp\/v2\/posts\/80685\/revisions"}],"wp:attachment":[{"href":"https:\/\/www.deberes.net\/tesis\/wp-json\/wp\/v2\/media?parent=80685"}],"wp:term":[{"taxonomy":"category","embeddable":true,"href":"https:\/\/www.deberes.net\/tesis\/wp-json\/wp\/v2\/categories?post=80685"},{"taxonomy":"post_tag","embeddable":true,"href":"https:\/\/www.deberes.net\/tesis\/wp-json\/wp\/v2\/tags?post=80685"}],"curies":[{"name":"wp","href":"https:\/\/api.w.org\/{rel}","templated":true}]}}