{"id":80748,"date":"2018-03-10T00:04:32","date_gmt":"2018-03-10T00:04:32","guid":{"rendered":"https:\/\/www.deberes.net\/tesis\/sin-categoria\/operadores-diferenciales-y-desarrollos-asintoticos-en-espacios-analiticos\/"},"modified":"2018-03-10T00:04:32","modified_gmt":"2018-03-10T00:04:32","slug":"operadores-diferenciales-y-desarrollos-asintoticos-en-espacios-analiticos","status":"publish","type":"post","link":"https:\/\/www.deberes.net\/tesis\/matematicas\/operadores-diferenciales-y-desarrollos-asintoticos-en-espacios-analiticos\/","title":{"rendered":"Operadores diferenciales y desarrollos asintoticos en espacios analiticos."},"content":{"rendered":"<h2>Tesis doctoral de <strong> Jorge Jimenez Meana <\/strong><\/h2>\n<p>Esta memoria aborda el problema de las ecuaciones diferenciales con coeficientes funciones definidas sobre espacios anal\u00edticos, as\u00ed como la definici\u00f3n de funciones n veces diferenciables. se estudia tambi\u00e9n como se trasladan a trav\u00e9s de explosiones complejas con vistas a resolverlas sobre el explotado del espacio anal\u00edtico.  por otra parte, para caracterizar las soluciones de estos tipos de ecuaciones se introduce el concepto que desarrollo asint\u00f3tico el cual generaliza y unifica las dos definiciones existentes. Por \u00faltimo, se caracteriza la convergencia de las s\u00e9ries de n variables a partir de la convergencia de las series de una variable y de este modo se puede hablar de series convergentes en espacios anal\u00edticos.<\/p>\n<p>&nbsp;<\/p>\n<h3>Datos acad\u00e9micos de la tesis doctoral \u00ab<strong>Operadores diferenciales y desarrollos asintoticos en espacios analiticos.<\/strong>\u00ab<\/h3>\n<ul>\n<li><strong>T\u00edtulo de la tesis:<\/strong>\u00a0 Operadores diferenciales y desarrollos asintoticos en espacios analiticos. <\/li>\n<li><strong>Autor:<\/strong>\u00a0 Jorge Jimenez Meana <\/li>\n<li><strong>Universidad:<\/strong>\u00a0 Valladolid<\/li>\n<li><strong>Fecha de lectura de la tesis:<\/strong>\u00a0 28\/09\/1999<\/li>\n<\/ul>\n<p>&nbsp;<\/p>\n<h3>Direcci\u00f3n y tribunal<\/h3>\n<ul>\n<li><strong>Director de la tesis<\/strong>\n<ul>\n<li>Jos\u00e9 Manuel Aroca Hernandez Ros<\/li>\n<\/ul>\n<\/li>\n<li><strong>Tribunal<\/strong>\n<ul>\n<li>Presidente del tribunal: felipe Cano torres <\/li>\n<li>orlando Neto (vocal)<\/li>\n<li>santos Gonzalez jimenez (vocal)<\/li>\n<li>benjamin Dugnol alvarez (vocal)<\/li>\n<\/ul>\n<\/li>\n<\/ul>\n<p>&nbsp;<\/p>\n","protected":false},"excerpt":{"rendered":"<p>Tesis doctoral de Jorge Jimenez Meana Esta memoria aborda el problema de las ecuaciones diferenciales con coeficientes funciones definidas sobre [&hellip;]<\/p>\n","protected":false},"author":1,"featured_media":0,"comment_status":"open","ping_status":"open","sticky":false,"template":"","format":"standard","meta":{"site-sidebar-layout":"default","site-content-layout":"","ast-site-content-layout":"","site-content-style":"default","site-sidebar-style":"default","ast-global-header-display":"","ast-banner-title-visibility":"","ast-main-header-display":"","ast-hfb-above-header-display":"","ast-hfb-below-header-display":"","ast-hfb-mobile-header-display":"","site-post-title":"","ast-breadcrumbs-content":"","ast-featured-img":"","footer-sml-layout":"","theme-transparent-header-meta":"","adv-header-id-meta":"","stick-header-meta":"","header-above-stick-meta":"","header-main-stick-meta":"","header-below-stick-meta":"","astra-migrate-meta-layouts":"default","ast-page-background-enabled":"default","ast-page-background-meta":{"desktop":{"background-color":"var(--ast-global-color-4)","background-image":"","background-repeat":"repeat","background-position":"center center","background-size":"auto","background-attachment":"scroll","background-type":"","background-media":"","overlay-type":"","overlay-color":"","overlay-gradient":""},"tablet":{"background-color":"","background-image":"","background-repeat":"repeat","background-position":"center center","background-size":"auto","background-attachment":"scroll","background-type":"","background-media":"","overlay-type":"","overlay-color":"","overlay-gradient":""},"mobile":{"background-color":"","background-image":"","background-repeat":"repeat","background-position":"center center","background-size":"auto","background-attachment":"scroll","background-type":"","background-media":"","overlay-type":"","overlay-color":"","overlay-gradient":""}},"ast-content-background-meta":{"desktop":{"background-color":"var(--ast-global-color-5)","background-image":"","background-repeat":"repeat","background-position":"center center","background-size":"auto","background-attachment":"scroll","background-type":"","background-media":"","overlay-type":"","overlay-color":"","overlay-gradient":""},"tablet":{"background-color":"var(--ast-global-color-5)","background-image":"","background-repeat":"repeat","background-position":"center center","background-size":"auto","background-attachment":"scroll","background-type":"","background-media":"","overlay-type":"","overlay-color":"","overlay-gradient":""},"mobile":{"background-color":"var(--ast-global-color-5)","background-image":"","background-repeat":"repeat","background-position":"center center","background-size":"auto","background-attachment":"scroll","background-type":"","background-media":"","overlay-type":"","overlay-color":"","overlay-gradient":""}},"footnotes":""},"categories":[3183,42946,583,127,126,12451],"tags":[17381,12589,172701,12587,172702,25403],"class_list":["post-80748","post","type-post","status-publish","format-standard","hentry","category-analisis-y-analisis-funcional","category-calculo-de-variaciones","category-geometria","category-geometria-de-riemann","category-matematicas","category-valladolid","tag-benjamin-dugnol-alvarez","tag-felipe-cano-torres","tag-jorge-jimenez-meana","tag-jose-manuel-aroca-hernandez-ros","tag-orlando-neto","tag-santos-gonzalez-jimenez"],"_links":{"self":[{"href":"https:\/\/www.deberes.net\/tesis\/wp-json\/wp\/v2\/posts\/80748","targetHints":{"allow":["GET"]}}],"collection":[{"href":"https:\/\/www.deberes.net\/tesis\/wp-json\/wp\/v2\/posts"}],"about":[{"href":"https:\/\/www.deberes.net\/tesis\/wp-json\/wp\/v2\/types\/post"}],"author":[{"embeddable":true,"href":"https:\/\/www.deberes.net\/tesis\/wp-json\/wp\/v2\/users\/1"}],"replies":[{"embeddable":true,"href":"https:\/\/www.deberes.net\/tesis\/wp-json\/wp\/v2\/comments?post=80748"}],"version-history":[{"count":0,"href":"https:\/\/www.deberes.net\/tesis\/wp-json\/wp\/v2\/posts\/80748\/revisions"}],"wp:attachment":[{"href":"https:\/\/www.deberes.net\/tesis\/wp-json\/wp\/v2\/media?parent=80748"}],"wp:term":[{"taxonomy":"category","embeddable":true,"href":"https:\/\/www.deberes.net\/tesis\/wp-json\/wp\/v2\/categories?post=80748"},{"taxonomy":"post_tag","embeddable":true,"href":"https:\/\/www.deberes.net\/tesis\/wp-json\/wp\/v2\/tags?post=80748"}],"curies":[{"name":"wp","href":"https:\/\/api.w.org\/{rel}","templated":true}]}}