{"id":80751,"date":"2018-03-10T00:04:32","date_gmt":"2018-03-10T00:04:32","guid":{"rendered":"https:\/\/www.deberes.net\/tesis\/sin-categoria\/el-reformismo-social-en-galicia-la-actuacion-del-instituto-de-reformas-sociales-1904-1924\/"},"modified":"2018-03-10T00:04:32","modified_gmt":"2018-03-10T00:04:32","slug":"el-reformismo-social-en-galicia-la-actuacion-del-instituto-de-reformas-sociales-1904-1924","status":"publish","type":"post","link":"https:\/\/www.deberes.net\/tesis\/historia\/el-reformismo-social-en-galicia-la-actuacion-del-instituto-de-reformas-sociales-1904-1924\/","title":{"rendered":"\u00bb el reformismo social en galicia. la actuaci\u00f3n del instituto de reformas sociales 1904-1924&#8243;"},"content":{"rendered":"<h2>Tesis doctoral de <strong> Alfonso Gomis Rodriguez <\/strong><\/h2>\n<p>La tesis analiza la actuaci\u00f3n de las instituciones de reforma social en galicia durante los a\u00f1os de existencia del instituto de reformas sociales (1904-1924), a trav\u00e9s del estudio de las juntas locales de reformas sociales que funcionaron en las principales ciudades, de la inspeccion de trabajo y del propio instituto; asi como de las consecuencias que tuvo en galicia la aplicaci\u00f3n de la legislaci\u00f3n laboral. Utilizando la documentaci\u00f3n elaborada por el instituto, asi como la de algunas juntas, el estudio se divide en cuatro partes.  en la primera parte se hace una aproximaci\u00f3n a la sociedad gallega del periodo estudiando la poblacion, los principales sectores economicos y el nivel de vida de la clase obrera. En la segunda parte se estudia el asociacionismo, obrero y patronal, y la conflictividad laboral y social, con el proposito de tratar de conocer el grado de organizaci\u00f3n de los dos grupos sociales en pugna y la problem\u00e1tica que afectaba a la poblaci\u00f3n trabajadora gallega en estos a\u00f1os.  la tercera y la cuarta parte constituyen el contenido principal de la investigaci\u00f3n. En la tercera parte se estudian las juntas locales: su funcionamiento, su n\u00famero, el modo de elecci\u00f3n de los vocales, sus integrantes, sus actividades, etc., Y tambi\u00e9n se estudia la positiva actuaci\u00f3n de la inspecci\u00f3n de trabajo.  en la cuarta parte se analiza la aplicaci\u00f3n de la legislaci\u00f3n laboral surgida en esos a\u00f1os, a trav\u00e9s de cinco apartados: el trabajo de mujeres y de ni\u00f1os, el descanso dominical, la jornada laboral, la seguridad y los accidentes en el trabajo, y las formas de conciliaci\u00f3n y arbitraje.  el autor considera que las instituciones de reforma social fracasaron en sus principales objetivos: las juntas no funcionaron o cuando lo hicieron no cumplieron su misi\u00f3n de vigilar el cumplimiento de la legislaci\u00f3n. De la misma forma, a pesar de que en la aplicaci\u00f3n de esa legislaci\u00f3n se apreciaron progresos en el transcurso del tie<\/p>\n<p>&nbsp;<\/p>\n<h3>Datos acad\u00e9micos de la tesis doctoral \u00ab<strong>\u00bb el reformismo social en galicia. la actuaci\u00f3n del instituto de reformas sociales 1904-1924&#8243;<\/strong>\u00ab<\/h3>\n<ul>\n<li><strong>T\u00edtulo de la tesis:<\/strong>\u00a0 \u00bb el reformismo social en galicia. la actuaci\u00f3n del instituto de reformas sociales 1904-1924&#8243; <\/li>\n<li><strong>Autor:<\/strong>\u00a0 Alfonso Gomis Rodriguez <\/li>\n<li><strong>Universidad:<\/strong>\u00a0 Nacional de educaci\u00f3n a distancia<\/li>\n<li><strong>Fecha de lectura de la tesis:<\/strong>\u00a0 28\/09\/1999<\/li>\n<\/ul>\n<p>&nbsp;<\/p>\n<h3>Direcci\u00f3n y tribunal<\/h3>\n<ul>\n<li><strong>Director de la tesis<\/strong>\n<ul>\n<li>Feliciano Montero Garcia<\/li>\n<\/ul>\n<\/li>\n<li><strong>Tribunal<\/strong>\n<ul>\n<li>Presidente del tribunal: javier Tusell g\u00f3mez <\/li>\n<li> Palacio morena Juan  ignacio (vocal)<\/li>\n<li>Jos\u00e9 ram\u00f3n Barreiro fern\u00e1ndez (vocal)<\/li>\n<li> Del rey reguillo Fernando (vocal)<\/li>\n<\/ul>\n<\/li>\n<\/ul>\n<p>&nbsp;<\/p>\n","protected":false},"excerpt":{"rendered":"<p>Tesis doctoral de Alfonso Gomis Rodriguez La tesis analiza la actuaci\u00f3n de las instituciones de reforma social en galicia durante [&hellip;]<\/p>\n","protected":false},"author":1,"featured_media":0,"comment_status":"open","ping_status":"open","sticky":false,"template":"","format":"standard","meta":{"site-sidebar-layout":"default","site-content-layout":"","ast-site-content-layout":"","site-content-style":"default","site-sidebar-style":"default","ast-global-header-display":"","ast-banner-title-visibility":"","ast-main-header-display":"","ast-hfb-above-header-display":"","ast-hfb-below-header-display":"","ast-hfb-mobile-header-display":"","site-post-title":"","ast-breadcrumbs-content":"","ast-featured-img":"","footer-sml-layout":"","theme-transparent-header-meta":"","adv-header-id-meta":"","stick-header-meta":"","header-above-stick-meta":"","header-main-stick-meta":"","header-below-stick-meta":"","astra-migrate-meta-layouts":"default","ast-page-background-enabled":"default","ast-page-background-meta":{"desktop":{"background-color":"var(--ast-global-color-4)","background-image":"","background-repeat":"repeat","background-position":"center center","background-size":"auto","background-attachment":"scroll","background-type":"","background-media":"","overlay-type":"","overlay-color":"","overlay-gradient":""},"tablet":{"background-color":"","background-image":"","background-repeat":"repeat","background-position":"center center","background-size":"auto","background-attachment":"scroll","background-type":"","background-media":"","overlay-type":"","overlay-color":"","overlay-gradient":""},"mobile":{"background-color":"","background-image":"","background-repeat":"repeat","background-position":"center center","background-size":"auto","background-attachment":"scroll","background-type":"","background-media":"","overlay-type":"","overlay-color":"","overlay-gradient":""}},"ast-content-background-meta":{"desktop":{"background-color":"var(--ast-global-color-5)","background-image":"","background-repeat":"repeat","background-position":"center center","background-size":"auto","background-attachment":"scroll","background-type":"","background-media":"","overlay-type":"","overlay-color":"","overlay-gradient":""},"tablet":{"background-color":"var(--ast-global-color-5)","background-image":"","background-repeat":"repeat","background-position":"center center","background-size":"auto","background-attachment":"scroll","background-type":"","background-media":"","overlay-type":"","overlay-color":"","overlay-gradient":""},"mobile":{"background-color":"var(--ast-global-color-5)","background-image":"","background-repeat":"repeat","background-position":"center center","background-size":"auto","background-attachment":"scroll","background-type":"","background-media":"","overlay-type":"","overlay-color":"","overlay-gradient":""}},"footnotes":""},"categories":[104,1816,639,220,981,17070],"tags":[172704,89624,6390,15559,7088,32483],"class_list":["post-80751","post","type-post","status-publish","format-standard","hentry","category-historia","category-historia-contemporanea","category-historia-de-paises","category-historia-por-epocas","category-historia-regional","category-nacional-de-educacion-a-distancia","tag-alfonso-gomis-rodriguez","tag-del-rey-reguillo-fernando","tag-feliciano-montero-garcia","tag-javier-tusell-gomez","tag-jose-ramon-barreiro-fernandez","tag-palacio-morena-juan-ignacio"],"_links":{"self":[{"href":"https:\/\/www.deberes.net\/tesis\/wp-json\/wp\/v2\/posts\/80751","targetHints":{"allow":["GET"]}}],"collection":[{"href":"https:\/\/www.deberes.net\/tesis\/wp-json\/wp\/v2\/posts"}],"about":[{"href":"https:\/\/www.deberes.net\/tesis\/wp-json\/wp\/v2\/types\/post"}],"author":[{"embeddable":true,"href":"https:\/\/www.deberes.net\/tesis\/wp-json\/wp\/v2\/users\/1"}],"replies":[{"embeddable":true,"href":"https:\/\/www.deberes.net\/tesis\/wp-json\/wp\/v2\/comments?post=80751"}],"version-history":[{"count":0,"href":"https:\/\/www.deberes.net\/tesis\/wp-json\/wp\/v2\/posts\/80751\/revisions"}],"wp:attachment":[{"href":"https:\/\/www.deberes.net\/tesis\/wp-json\/wp\/v2\/media?parent=80751"}],"wp:term":[{"taxonomy":"category","embeddable":true,"href":"https:\/\/www.deberes.net\/tesis\/wp-json\/wp\/v2\/categories?post=80751"},{"taxonomy":"post_tag","embeddable":true,"href":"https:\/\/www.deberes.net\/tesis\/wp-json\/wp\/v2\/tags?post=80751"}],"curies":[{"name":"wp","href":"https:\/\/api.w.org\/{rel}","templated":true}]}}