{"id":80763,"date":"2018-03-10T00:04:32","date_gmt":"2018-03-10T00:04:32","guid":{"rendered":"https:\/\/www.deberes.net\/tesis\/sin-categoria\/variacion-espacio-temporal-de-emision-de-222rn-en-una-zona-volcanica-activa-tenerife-islas-canarias\/"},"modified":"2018-03-10T00:04:32","modified_gmt":"2018-03-10T00:04:32","slug":"variacion-espacio-temporal-de-emision-de-222rn-en-una-zona-volcanica-activa-tenerife-islas-canarias","status":"publish","type":"post","link":"https:\/\/www.deberes.net\/tesis\/ciencias-de-la-tierra-y-del-espacio\/variacion-espacio-temporal-de-emision-de-222rn-en-una-zona-volcanica-activa-tenerife-islas-canarias\/","title":{"rendered":"Variaci\u00f3n espacio-temporal de emisi\u00f3n de 222rn en una zona volc\u00e1nica activa: tenerife (islas canarias)"},"content":{"rendered":"<h2>Tesis doctoral de <strong>  Martin Luis M. Candelaria <\/strong><\/h2>\n<p>En tenerife han sido detectadas amplias zonas con intensas anomal\u00edas en rad\u00f3n(&gt;1000pci\/1), cuya distribuci\u00f3n parecer estar relacionada con la estructura volcano-tect\u00f3nica de la isla y con manifestaciones de actividad volc\u00e1nica residual. Estas anomalias, para las cuales no se ha posido determinar con seguridad un origen o roca fuente, han sido delimitadas tanto en superficie como en el subsuelo.  la expresi\u00f3n superficial de dichas anomal\u00edas ocupa algunas \u00e1reas del interior de la caldera de las ca\u00f1adas(p.E. En la zona de fumarolas del teide y base de la pared de la caldera), y m\u00e1s ampliamente, el exterior de la misma, cubriendo una superficie total de unos 4 km2, con una distribuci\u00f3n grosso modo conc\u00e9ntrica con el borde de pared.  en el subsuelo(galer\u00edas) las anomal\u00edas son de mayor extensi\u00f3n e intensidad que en superficie. El incremento del nivel de rad\u00f3n se produce en zonas de intensa fracturaci\u00f3n e inyecci\u00f3n filoniana(dorsales) y en \u00e1reas con emisiones de co2, coincidentes a su vez con las zonas de vulcanismo reciente.  el estudio de la variaci\u00f3n temporal de los niveles de rad\u00f3n realizado durante unos 3 a\u00f1os, con resoluciones de 1 mes a 2-4 d\u00edas, muestra fluctuaciones de largo(anuales) y corto periodo(meses o d\u00eds). A \u00e9stas \u00faltimas se les ha denominado \u00abeventos\u00bb. En las variaciones de largo periodo(a\u00f1os) se observan distintos tipos de comportamiento o pautas, tanto en superficie como en el subsuelo, algunas de las cuales parecen estar condiciones por variaciones atmosf\u00e9ricas. En las fluctuaciones de corto periodo, la coincidencia de eventos en la emisi\u00f3n del gas, en ocasiones en m\u00e1s del 50% de las estaciones, sin relaci\u00f3n con variables atmosf\u00e9ricas, sugieren que dichas fluctuaciones pueden ser debidas a procesos de origen interno.  el estado actual de conocimientos parece indicar que el rad\u00f3n es transportado desde zonas profundas, y que su transporte est\u00e1 regulado por procesos geofisicos posiblemente<\/p>\n<p>&nbsp;<\/p>\n<h3>Datos acad\u00e9micos de la tesis doctoral \u00ab<strong>Variaci\u00f3n espacio-temporal de emisi\u00f3n de 222rn en una zona volc\u00e1nica activa: tenerife (islas canarias)<\/strong>\u00ab<\/h3>\n<ul>\n<li><strong>T\u00edtulo de la tesis:<\/strong>\u00a0 Variaci\u00f3n espacio-temporal de emisi\u00f3n de 222rn en una zona volc\u00e1nica activa: tenerife (islas canarias) <\/li>\n<li><strong>Autor:<\/strong>\u00a0  Martin Luis M. Candelaria <\/li>\n<li><strong>Universidad:<\/strong>\u00a0 La laguna<\/li>\n<li><strong>Fecha de lectura de la tesis:<\/strong>\u00a0 29\/09\/1999<\/li>\n<\/ul>\n<p>&nbsp;<\/p>\n<h3>Direcci\u00f3n y tribunal<\/h3>\n<ul>\n<li><strong>Director de la tesis<\/strong>\n<ul>\n<li> Nuez Pestana Julio De La<\/li>\n<\/ul>\n<\/li>\n<li><strong>Tribunal<\/strong>\n<ul>\n<li>Presidente del tribunal: Juan Coello armenta <\/li>\n<li> Carracedo gomez Juan  Carlos (vocal)<\/li>\n<li>gideon Steinitz (vocal)<\/li>\n<li>vicente Soler javaloyes (vocal)<\/li>\n<\/ul>\n<\/li>\n<\/ul>\n<p>&nbsp;<\/p>\n","protected":false},"excerpt":{"rendered":"<p>Tesis doctoral de Martin Luis M. Candelaria En tenerife han sido detectadas amplias zonas con intensas anomal\u00edas en rad\u00f3n(&gt;1000pci\/1), cuya [&hellip;]<\/p>\n","protected":false},"author":1,"featured_media":0,"comment_status":"open","ping_status":"open","sticky":false,"template":"","format":"standard","meta":{"site-sidebar-layout":"default","site-content-layout":"","ast-site-content-layout":"","site-content-style":"default","site-sidebar-style":"default","ast-global-header-display":"","ast-banner-title-visibility":"","ast-main-header-display":"","ast-hfb-above-header-display":"","ast-hfb-below-header-display":"","ast-hfb-mobile-header-display":"","site-post-title":"","ast-breadcrumbs-content":"","ast-featured-img":"","footer-sml-layout":"","theme-transparent-header-meta":"","adv-header-id-meta":"","stick-header-meta":"","header-above-stick-meta":"","header-main-stick-meta":"","header-below-stick-meta":"","astra-migrate-meta-layouts":"default","ast-page-background-enabled":"default","ast-page-background-meta":{"desktop":{"background-color":"var(--ast-global-color-4)","background-image":"","background-repeat":"repeat","background-position":"center center","background-size":"auto","background-attachment":"scroll","background-type":"","background-media":"","overlay-type":"","overlay-color":"","overlay-gradient":""},"tablet":{"background-color":"","background-image":"","background-repeat":"repeat","background-position":"center center","background-size":"auto","background-attachment":"scroll","background-type":"","background-media":"","overlay-type":"","overlay-color":"","overlay-gradient":""},"mobile":{"background-color":"","background-image":"","background-repeat":"repeat","background-position":"center center","background-size":"auto","background-attachment":"scroll","background-type":"","background-media":"","overlay-type":"","overlay-color":"","overlay-gradient":""}},"ast-content-background-meta":{"desktop":{"background-color":"var(--ast-global-color-5)","background-image":"","background-repeat":"repeat","background-position":"center center","background-size":"auto","background-attachment":"scroll","background-type":"","background-media":"","overlay-type":"","overlay-color":"","overlay-gradient":""},"tablet":{"background-color":"var(--ast-global-color-5)","background-image":"","background-repeat":"repeat","background-position":"center center","background-size":"auto","background-attachment":"scroll","background-type":"","background-media":"","overlay-type":"","overlay-color":"","overlay-gradient":""},"mobile":{"background-color":"var(--ast-global-color-5)","background-image":"","background-repeat":"repeat","background-position":"center center","background-size":"auto","background-attachment":"scroll","background-type":"","background-media":"","overlay-type":"","overlay-color":"","overlay-gradient":""}},"footnotes":""},"categories":[27,953,9915,42367],"tags":[25681,172729,102139,172728,115076,96361],"class_list":["post-80763","post","type-post","status-publish","format-standard","hentry","category-ciencias-de-la-tierra-y-del-espacio","category-geologia","category-la-laguna","category-vulcanologia","tag-carracedo-gomez-juan-carlos","tag-gideon-steinitz","tag-juan-coello-armenta","tag-martin-luis-m-candelaria","tag-nuez-pestana-julio-de-la","tag-vicente-soler-javaloyes"],"_links":{"self":[{"href":"https:\/\/www.deberes.net\/tesis\/wp-json\/wp\/v2\/posts\/80763","targetHints":{"allow":["GET"]}}],"collection":[{"href":"https:\/\/www.deberes.net\/tesis\/wp-json\/wp\/v2\/posts"}],"about":[{"href":"https:\/\/www.deberes.net\/tesis\/wp-json\/wp\/v2\/types\/post"}],"author":[{"embeddable":true,"href":"https:\/\/www.deberes.net\/tesis\/wp-json\/wp\/v2\/users\/1"}],"replies":[{"embeddable":true,"href":"https:\/\/www.deberes.net\/tesis\/wp-json\/wp\/v2\/comments?post=80763"}],"version-history":[{"count":0,"href":"https:\/\/www.deberes.net\/tesis\/wp-json\/wp\/v2\/posts\/80763\/revisions"}],"wp:attachment":[{"href":"https:\/\/www.deberes.net\/tesis\/wp-json\/wp\/v2\/media?parent=80763"}],"wp:term":[{"taxonomy":"category","embeddable":true,"href":"https:\/\/www.deberes.net\/tesis\/wp-json\/wp\/v2\/categories?post=80763"},{"taxonomy":"post_tag","embeddable":true,"href":"https:\/\/www.deberes.net\/tesis\/wp-json\/wp\/v2\/tags?post=80763"}],"curies":[{"name":"wp","href":"https:\/\/api.w.org\/{rel}","templated":true}]}}