{"id":80765,"date":"2018-03-10T00:04:32","date_gmt":"2018-03-10T00:04:32","guid":{"rendered":"https:\/\/www.deberes.net\/tesis\/sin-categoria\/analisis-coste-beneficio-y-valoracion-socioambiental-del-proyecto-de-embalse-de-biscarrues\/"},"modified":"2018-03-10T00:04:32","modified_gmt":"2018-03-10T00:04:32","slug":"analisis-coste-beneficio-y-valoracion-socioambiental-del-proyecto-de-embalse-de-biscarrues","status":"publish","type":"post","link":"https:\/\/www.deberes.net\/tesis\/ciencias-economicas\/analisis-coste-beneficio-y-valoracion-socioambiental-del-proyecto-de-embalse-de-biscarrues\/","title":{"rendered":"Analisis coste beneficio y valoracion socioambiental del proyecto de embalse de biscarrues."},"content":{"rendered":"<h2>Tesis doctoral de <strong> Javier Fernandez Comu\u00f1as <\/strong><\/h2>\n<p>La tesis elabora un balance economico, social y ambiental de una gran infraestructura hidr\u00e1ulica (embalse de biscarru\u00e9s en la provincia de huesca) y de sus objetivos: consolidaci\u00f3n y creaci\u00f3n de nuevos regad\u00edos y producci\u00f3n hidroelectrica.  el capitulo i da una perspectiva historica de la pol\u00edtica de aguas y hace un repaso de los conceptos m\u00e1s importantes. El cap\u00edtulo ii expone la realidad socioecon\u00f3mica (variables sociodemogr\u00e1ficas, impacto de la agricultura, reforma de la pol\u00edtica agr\u00edcola de la uni\u00f3n europea) y medioambiental de la intercuenca g\u00e1llego-cinca, territorio al que eventualmente se destinar\u00edan los caudales regulados por el mencionado embalse.  el cap\u00edtulo iii aborda la discusi\u00f3n metodol\u00f3gica de las herramientas de an\u00e1lisis que se van a utilizar y especialmente del an\u00e1lisis coste-beneficio. En el cap\u00edtulo iv se plantea una cr\u00edtica contextualizada a cada uno de los objetivos del proyecto de embalse que ayude a comprender el problema desde una perspectiva m\u00e1s amplia.  el cap\u00edtulo v desglosa todos los costes y beneficios de cada objetivo: inversiones en transformaci\u00f3n de nuevos regadios, embalse, central hidroel\u00e9ctrica, producci\u00f3n agr\u00edcola, etc, estableciendo distintos escenarios con sus an\u00e1lisis coste-beneficio y su correspondientes valores actuales netos y tasas internas de rentabilidad.  el cap\u00edtulo vi hace valoraci\u00f3n de los usos recreativos asociados al r\u00edo g\u00e1llego que se ver\u00edan sacrificados al quedar este inundado por el proyecto de embalse. En el mismo, se estima el excedente del consumidor sacrificado a trav\u00e9s de la metodolog\u00eda conocida como \u00abcoste de viaje\u00bb.  en el cap\u00edtulo vii se establece una opci\u00f3n alternativa basada en la modernizaci\u00f3n del regadio y se eval\u00faa desde el an\u00e1lisis coste-beneficio econ\u00f3mico. Esta opci\u00f3n se compara con el proyecto de embalse de biscarru\u00e9s de acuerdo a criterios econ\u00f3micos, medioambientales y sociales. Por \u00faltimo se hace<\/p>\n<p>&nbsp;<\/p>\n<h3>Datos acad\u00e9micos de la tesis doctoral \u00ab<strong>Analisis coste beneficio y valoracion socioambiental del proyecto de embalse de biscarrues.<\/strong>\u00ab<\/h3>\n<ul>\n<li><strong>T\u00edtulo de la tesis:<\/strong>\u00a0 Analisis coste beneficio y valoracion socioambiental del proyecto de embalse de biscarrues. <\/li>\n<li><strong>Autor:<\/strong>\u00a0 Javier Fernandez Comu\u00f1as <\/li>\n<li><strong>Universidad:<\/strong>\u00a0 Zaragoza<\/li>\n<li><strong>Fecha de lectura de la tesis:<\/strong>\u00a0 29\/09\/1999<\/li>\n<\/ul>\n<p>&nbsp;<\/p>\n<h3>Direcci\u00f3n y tribunal<\/h3>\n<ul>\n<li><strong>Director de la tesis<\/strong>\n<ul>\n<li>Pedro Arrojo Agudo<\/li>\n<\/ul>\n<\/li>\n<li><strong>Tribunal<\/strong>\n<ul>\n<li>Presidente del tribunal: federico Aguilera klink <\/li>\n<li>Jos\u00e9 Carles genoves (vocal)<\/li>\n<li>Manuel ram\u00f3n Llamas madruga (vocal)<\/li>\n<li>lourdes Viladomiu canela (vocal)<\/li>\n<\/ul>\n<\/li>\n<\/ul>\n<p>&nbsp;<\/p>\n","protected":false},"excerpt":{"rendered":"<p>Tesis doctoral de Javier Fernandez Comu\u00f1as La tesis elabora un balance economico, social y ambiental de una gran infraestructura hidr\u00e1ulica [&hellip;]<\/p>\n","protected":false},"author":1,"featured_media":0,"comment_status":"open","ping_status":"open","sticky":false,"template":"","format":"standard","meta":{"site-sidebar-layout":"default","site-content-layout":"","ast-site-content-layout":"","site-content-style":"default","site-sidebar-style":"default","ast-global-header-display":"","ast-banner-title-visibility":"","ast-main-header-display":"","ast-hfb-above-header-display":"","ast-hfb-below-header-display":"","ast-hfb-mobile-header-display":"","site-post-title":"","ast-breadcrumbs-content":"","ast-featured-img":"","footer-sml-layout":"","theme-transparent-header-meta":"","adv-header-id-meta":"","stick-header-meta":"","header-above-stick-meta":"","header-main-stick-meta":"","header-below-stick-meta":"","astra-migrate-meta-layouts":"default","ast-page-background-enabled":"default","ast-page-background-meta":{"desktop":{"background-color":"var(--ast-global-color-4)","background-image":"","background-repeat":"repeat","background-position":"center center","background-size":"auto","background-attachment":"scroll","background-type":"","background-media":"","overlay-type":"","overlay-color":"","overlay-gradient":""},"tablet":{"background-color":"","background-image":"","background-repeat":"repeat","background-position":"center center","background-size":"auto","background-attachment":"scroll","background-type":"","background-media":"","overlay-type":"","overlay-color":"","overlay-gradient":""},"mobile":{"background-color":"","background-image":"","background-repeat":"repeat","background-position":"center center","background-size":"auto","background-attachment":"scroll","background-type":"","background-media":"","overlay-type":"","overlay-color":"","overlay-gradient":""}},"ast-content-background-meta":{"desktop":{"background-color":"var(--ast-global-color-5)","background-image":"","background-repeat":"repeat","background-position":"center center","background-size":"auto","background-attachment":"scroll","background-type":"","background-media":"","overlay-type":"","overlay-color":"","overlay-gradient":""},"tablet":{"background-color":"var(--ast-global-color-5)","background-image":"","background-repeat":"repeat","background-position":"center center","background-size":"auto","background-attachment":"scroll","background-type":"","background-media":"","overlay-type":"","overlay-color":"","overlay-gradient":""},"mobile":{"background-color":"var(--ast-global-color-5)","background-image":"","background-repeat":"repeat","background-position":"center center","background-size":"auto","background-attachment":"scroll","background-type":"","background-media":"","overlay-type":"","overlay-color":"","overlay-gradient":""}},"footnotes":""},"categories":[82,963,935,269,4651,20418,13610],"tags":[9996,172732,38133,19684,5857,9999],"class_list":["post-80765","post","type-post","status-publish","format-standard","hentry","category-ciencias-economicas","category-economia-sectorial","category-sector-de-agricultura-silvicultura-ganaderia-y-pesca","category-sociologia","category-sociologia-de-los-asentamientos-humanos","category-sociologia-ecologica","category-zaragoza","tag-federico-aguilera-klink","tag-javier-fernandez-comunas","tag-jose-carles-genoves","tag-lourdes-viladomiu-canela","tag-manuel-ramon-llamas-madruga","tag-pedro-arrojo-agudo"],"_links":{"self":[{"href":"https:\/\/www.deberes.net\/tesis\/wp-json\/wp\/v2\/posts\/80765","targetHints":{"allow":["GET"]}}],"collection":[{"href":"https:\/\/www.deberes.net\/tesis\/wp-json\/wp\/v2\/posts"}],"about":[{"href":"https:\/\/www.deberes.net\/tesis\/wp-json\/wp\/v2\/types\/post"}],"author":[{"embeddable":true,"href":"https:\/\/www.deberes.net\/tesis\/wp-json\/wp\/v2\/users\/1"}],"replies":[{"embeddable":true,"href":"https:\/\/www.deberes.net\/tesis\/wp-json\/wp\/v2\/comments?post=80765"}],"version-history":[{"count":0,"href":"https:\/\/www.deberes.net\/tesis\/wp-json\/wp\/v2\/posts\/80765\/revisions"}],"wp:attachment":[{"href":"https:\/\/www.deberes.net\/tesis\/wp-json\/wp\/v2\/media?parent=80765"}],"wp:term":[{"taxonomy":"category","embeddable":true,"href":"https:\/\/www.deberes.net\/tesis\/wp-json\/wp\/v2\/categories?post=80765"},{"taxonomy":"post_tag","embeddable":true,"href":"https:\/\/www.deberes.net\/tesis\/wp-json\/wp\/v2\/tags?post=80765"}],"curies":[{"name":"wp","href":"https:\/\/api.w.org\/{rel}","templated":true}]}}