{"id":80784,"date":"2018-03-10T00:04:32","date_gmt":"2018-03-10T00:04:32","guid":{"rendered":"https:\/\/www.deberes.net\/tesis\/sin-categoria\/pola%c2%adtica-fiscal-y-capital-publico-un-modelo-de-equilibrio-general-de-la-economa%c2%ada-espanola\/"},"modified":"2018-03-10T00:04:32","modified_gmt":"2018-03-10T00:04:32","slug":"pola%c2%adtica-fiscal-y-capital-publico-un-modelo-de-equilibrio-general-de-la-economa%c2%ada-espanola","status":"publish","type":"post","link":"https:\/\/www.deberes.net\/tesis\/ciencias-economicas\/pola%c2%adtica-fiscal-y-capital-publico-un-modelo-de-equilibrio-general-de-la-economa%c2%ada-espanola\/","title":{"rendered":"Pol\u00edtica fiscal y capital p\u00fablico: un modelo de equilibrio general de la econom\u00edaespa\u00f1ola."},"content":{"rendered":"<h2>Tesis doctoral de <strong> Melchor Fernandez Fernandez <\/strong><\/h2>\n<p>Este trabajo estudia los impactos enla econom\u00eda en genral, y en el crecimiento en particular de diversos mecanismos de ajuste fiscal con el objetivo de reducir el d\u00e9ficit p\u00fablico. Para ello, se utiliza un modelo de equilibrio general multisectorial de la econom\u00eda espa\u00f1ola, especialmente dise\u00f1ado para estudiar los efectos de programas de ajuste fical alternativos. Se presentan los resultados para diversos escenarios de la actuaci\u00f3n del sector p\u00fablico enmarcados en dos situaciones polares; una, en la que los efectos productivos de la actuaci\u00f3n p\u00fablica son nulos y, otra, en la que la acumualci\u00f3n de capital p\u00fablico incrementa la producic\u00f3n privada.Con este trabajo queremos ilustrar el papel que pueden jugar los modelos de equilibrio general como herrameitnas de simulaci\u00f3n para evaluar escenarios econ\u00f3micos laternativos.  las ventajas de este modelo pueden sintetizarse en que:  1- recoge la interdependencia del sistema econ\u00f3mico mostrando que los efectos de interdependencia son cruciales enla evaluci\u00f3n de medidas que tienen un impacto global sobre la econom\u00eda.  2-  permite incluir distintas hip\u00f3stesis sobre los efectos productivos  de las diferentes partidas de gasto p\u00fablico ofreciendo de esta forma un marco coherente para comparar las consecuencias de su inclusi\u00f3n o no en el an\u00e1lisis.  3- al construirse sobre una base de datos microecon\u00f3mica reproduce con detalle el flujo circular de la renta e incorpora distintos tipos de informaci\u00f3n estad\u00edsitca y distintos procedimientos de estimaci\u00f3n.  4- produce estimaciones num\u00e9ricas de los cambios inducidos en la asignaci\u00f3n de recuros por modificaciones ex\u00f3genas en el entorno.  el trabajo realizado permite obtener las siguientes conclusiones:  la acumulaci\u00f3nd e capital p\u00fablico desempe\u00f1a unimprotante papel en el crecimiento de la econom\u00eda espa\u00f1ola, pero probablemente es bastante inferior al puesto de manifiesto por diferentes trabajos agregados realizados a media<\/p>\n<p>&nbsp;<\/p>\n<h3>Datos acad\u00e9micos de la tesis doctoral \u00ab<strong>Pol\u00edtica fiscal y capital p\u00fablico: un modelo de equilibrio general de la econom\u00edaespa\u00f1ola.<\/strong>\u00ab<\/h3>\n<ul>\n<li><strong>T\u00edtulo de la tesis:<\/strong>\u00a0 Pol\u00edtica fiscal y capital p\u00fablico: un modelo de equilibrio general de la econom\u00edaespa\u00f1ola. <\/li>\n<li><strong>Autor:<\/strong>\u00a0 Melchor Fernandez Fernandez <\/li>\n<li><strong>Universidad:<\/strong>\u00a0 Aut\u00f3noma de barcelona<\/li>\n<li><strong>Fecha de lectura de la tesis:<\/strong>\u00a0 30\/09\/1999<\/li>\n<\/ul>\n<p>&nbsp;<\/p>\n<h3>Direcci\u00f3n y tribunal<\/h3>\n<ul>\n<li><strong>Director de la tesis<\/strong>\n<ul>\n<li> Polo Andr\u00e9s Jos\u00e9 Clemente<\/li>\n<\/ul>\n<\/li>\n<li><strong>Tribunal<\/strong>\n<ul>\n<li>Presidente del tribunal: julio Segura <\/li>\n<li>agustin Ca\u00f1ada Martinez (vocal)<\/li>\n<li>Jos\u00e9 Luis Raymond bara (vocal)<\/li>\n<li> Gonzalez paramo Jos\u00e9 Manuel (vocal)<\/li>\n<\/ul>\n<\/li>\n<\/ul>\n<p>&nbsp;<\/p>\n","protected":false},"excerpt":{"rendered":"<p>Tesis doctoral de Melchor Fernandez Fernandez Este trabajo estudia los impactos enla econom\u00eda en genral, y en el crecimiento en [&hellip;]<\/p>\n","protected":false},"author":1,"featured_media":0,"comment_status":"open","ping_status":"open","sticky":false,"template":"","format":"standard","meta":{"site-sidebar-layout":"default","site-content-layout":"","ast-site-content-layout":"","site-content-style":"default","site-sidebar-style":"default","ast-global-header-display":"","ast-banner-title-visibility":"","ast-main-header-display":"","ast-hfb-above-header-display":"","ast-hfb-below-header-display":"","ast-hfb-mobile-header-display":"","site-post-title":"","ast-breadcrumbs-content":"","ast-featured-img":"","footer-sml-layout":"","theme-transparent-header-meta":"","adv-header-id-meta":"","stick-header-meta":"","header-above-stick-meta":"","header-main-stick-meta":"","header-below-stick-meta":"","astra-migrate-meta-layouts":"default","ast-page-background-enabled":"default","ast-page-background-meta":{"desktop":{"background-color":"var(--ast-global-color-4)","background-image":"","background-repeat":"repeat","background-position":"center center","background-size":"auto","background-attachment":"scroll","background-type":"","background-media":"","overlay-type":"","overlay-color":"","overlay-gradient":""},"tablet":{"background-color":"","background-image":"","background-repeat":"repeat","background-position":"center center","background-size":"auto","background-attachment":"scroll","background-type":"","background-media":"","overlay-type":"","overlay-color":"","overlay-gradient":""},"mobile":{"background-color":"","background-image":"","background-repeat":"repeat","background-position":"center center","background-size":"auto","background-attachment":"scroll","background-type":"","background-media":"","overlay-type":"","overlay-color":"","overlay-gradient":""}},"ast-content-background-meta":{"desktop":{"background-color":"var(--ast-global-color-5)","background-image":"","background-repeat":"repeat","background-position":"center center","background-size":"auto","background-attachment":"scroll","background-type":"","background-media":"","overlay-type":"","overlay-color":"","overlay-gradient":""},"tablet":{"background-color":"var(--ast-global-color-5)","background-image":"","background-repeat":"repeat","background-position":"center center","background-size":"auto","background-attachment":"scroll","background-type":"","background-media":"","overlay-type":"","overlay-color":"","overlay-gradient":""},"mobile":{"background-color":"var(--ast-global-color-5)","background-image":"","background-repeat":"repeat","background-position":"center center","background-size":"auto","background-attachment":"scroll","background-type":"","background-media":"","overlay-type":"","overlay-color":"","overlay-gradient":""}},"footnotes":""},"categories":[82,19323,829,918,737],"tags":[98313,11617,11538,98481,76001,82837],"class_list":["post-80784","post","type-post","status-publish","format-standard","hentry","category-ciencias-economicas","category-equilibrio-economico","category-modelos-y-teorias-del-desarrollo-economico","category-teoria-de-la-planificacion-economica","category-teoria-economica","tag-agustin-canada-Martinez","tag-gonzalez-paramo-jose-manuel","tag-jose-luis-raymond-bara","tag-julio-segura","tag-melchor-fernandez-fernandez","tag-polo-andres-jose-clemente"],"_links":{"self":[{"href":"https:\/\/www.deberes.net\/tesis\/wp-json\/wp\/v2\/posts\/80784","targetHints":{"allow":["GET"]}}],"collection":[{"href":"https:\/\/www.deberes.net\/tesis\/wp-json\/wp\/v2\/posts"}],"about":[{"href":"https:\/\/www.deberes.net\/tesis\/wp-json\/wp\/v2\/types\/post"}],"author":[{"embeddable":true,"href":"https:\/\/www.deberes.net\/tesis\/wp-json\/wp\/v2\/users\/1"}],"replies":[{"embeddable":true,"href":"https:\/\/www.deberes.net\/tesis\/wp-json\/wp\/v2\/comments?post=80784"}],"version-history":[{"count":0,"href":"https:\/\/www.deberes.net\/tesis\/wp-json\/wp\/v2\/posts\/80784\/revisions"}],"wp:attachment":[{"href":"https:\/\/www.deberes.net\/tesis\/wp-json\/wp\/v2\/media?parent=80784"}],"wp:term":[{"taxonomy":"category","embeddable":true,"href":"https:\/\/www.deberes.net\/tesis\/wp-json\/wp\/v2\/categories?post=80784"},{"taxonomy":"post_tag","embeddable":true,"href":"https:\/\/www.deberes.net\/tesis\/wp-json\/wp\/v2\/tags?post=80784"}],"curies":[{"name":"wp","href":"https:\/\/api.w.org\/{rel}","templated":true}]}}