{"id":80788,"date":"2018-03-10T00:04:36","date_gmt":"2018-03-10T00:04:36","guid":{"rendered":"https:\/\/www.deberes.net\/tesis\/sin-categoria\/la-administracion-de-justicia-en-espana-durante-el-franquismo-1939-1975\/"},"modified":"2018-03-10T00:04:36","modified_gmt":"2018-03-10T00:04:36","slug":"la-administracion-de-justicia-en-espana-durante-el-franquismo-1939-1975","status":"publish","type":"post","link":"https:\/\/www.deberes.net\/tesis\/historia\/la-administracion-de-justicia-en-espana-durante-el-franquismo-1939-1975\/","title":{"rendered":"La administraci\u00f3n de justicia en espa\u00f1a durante el franquismo 1939-1975"},"content":{"rendered":"<h2>Tesis doctoral de <strong> Ana Isabel Fern\u00e1ndez Asperilla <\/strong><\/h2>\n<p>La tesis ofrece una visi\u00f3n global de la justicia franquista, desde el punto de vista cronol\u00f3gico y tem\u00e1tico. En la primera parte se analiza la continuidad o ruptura del modelo de justicia heredado del liberalismo, se pasa revista a las relaciones entre la justicia y otros aparatos del estado. La segunda parte analiza el personal judicial y sus relaciones con el resto de miembros de la burocracia estatal. En la tercera parte se pasa revista al funcionamiento de la justicia y se estudian los problemas generales que afectaron a todos los \u00f3rganos jurisdiccionales no directivos: las relaciones entre la justicia y la sociedad, la tipolog\u00eda delictiva en relaci\u00f3n con los cambios experimentados por el pa\u00eds. Finalmente se estudia la problem\u00e1tica originada por la existencia de jurisdicciones especiales.<\/p>\n<p>&nbsp;<\/p>\n<h3>Datos acad\u00e9micos de la tesis doctoral \u00ab<strong>La administraci\u00f3n de justicia en espa\u00f1a durante el franquismo 1939-1975<\/strong>\u00ab<\/h3>\n<ul>\n<li><strong>T\u00edtulo de la tesis:<\/strong>\u00a0 La administraci\u00f3n de justicia en espa\u00f1a durante el franquismo 1939-1975 <\/li>\n<li><strong>Autor:<\/strong>\u00a0 Ana Isabel Fern\u00e1ndez Asperilla <\/li>\n<li><strong>Universidad:<\/strong>\u00a0 Aut\u00f3noma de Madrid<\/li>\n<li><strong>Fecha de lectura de la tesis:<\/strong>\u00a0 30\/09\/1999<\/li>\n<\/ul>\n<p>&nbsp;<\/p>\n<h3>Direcci\u00f3n y tribunal<\/h3>\n<ul>\n<li><strong>Director de la tesis<\/strong>\n<ul>\n<li>Alvaro Soto Carmona<\/li>\n<\/ul>\n<\/li>\n<li><strong>Tribunal<\/strong>\n<ul>\n<li>Presidente del tribunal: Miguel Artola gallego <\/li>\n<li> Gonz\u00e1lez casanova Jos\u00e9 Antonio (vocal)<\/li>\n<li>Javier Tusell g\u00f3mez (vocal)<\/li>\n<li>josefa Cuesta bustillo (vocal)<\/li>\n<\/ul>\n<\/li>\n<\/ul>\n<p>&nbsp;<\/p>\n","protected":false},"excerpt":{"rendered":"<p>Tesis doctoral de Ana Isabel Fern\u00e1ndez Asperilla La tesis ofrece una visi\u00f3n global de la justicia franquista, desde el punto [&hellip;]<\/p>\n","protected":false},"author":1,"featured_media":0,"comment_status":"open","ping_status":"open","sticky":false,"template":"","format":"standard","meta":{"site-sidebar-layout":"default","site-content-layout":"","ast-site-content-layout":"","site-content-style":"default","site-sidebar-style":"default","ast-global-header-display":"","ast-banner-title-visibility":"","ast-main-header-display":"","ast-hfb-above-header-display":"","ast-hfb-below-header-display":"","ast-hfb-mobile-header-display":"","site-post-title":"","ast-breadcrumbs-content":"","ast-featured-img":"","footer-sml-layout":"","theme-transparent-header-meta":"","adv-header-id-meta":"","stick-header-meta":"","header-above-stick-meta":"","header-main-stick-meta":"","header-below-stick-meta":"","astra-migrate-meta-layouts":"default","ast-page-background-enabled":"default","ast-page-background-meta":{"desktop":{"background-color":"var(--ast-global-color-4)","background-image":"","background-repeat":"repeat","background-position":"center center","background-size":"auto","background-attachment":"scroll","background-type":"","background-media":"","overlay-type":"","overlay-color":"","overlay-gradient":""},"tablet":{"background-color":"","background-image":"","background-repeat":"repeat","background-position":"center center","background-size":"auto","background-attachment":"scroll","background-type":"","background-media":"","overlay-type":"","overlay-color":"","overlay-gradient":""},"mobile":{"background-color":"","background-image":"","background-repeat":"repeat","background-position":"center center","background-size":"auto","background-attachment":"scroll","background-type":"","background-media":"","overlay-type":"","overlay-color":"","overlay-gradient":""}},"ast-content-background-meta":{"desktop":{"background-color":"var(--ast-global-color-5)","background-image":"","background-repeat":"repeat","background-position":"center center","background-size":"auto","background-attachment":"scroll","background-type":"","background-media":"","overlay-type":"","overlay-color":"","overlay-gradient":""},"tablet":{"background-color":"var(--ast-global-color-5)","background-image":"","background-repeat":"repeat","background-position":"center center","background-size":"auto","background-attachment":"scroll","background-type":"","background-media":"","overlay-type":"","overlay-color":"","overlay-gradient":""},"mobile":{"background-color":"var(--ast-global-color-5)","background-image":"","background-repeat":"repeat","background-position":"center center","background-size":"auto","background-attachment":"scroll","background-type":"","background-media":"","overlay-type":"","overlay-color":"","overlay-gradient":""}},"footnotes":""},"categories":[104,1816,758,220,222],"tags":[5659,172764,91636,15559,172765,14694],"class_list":["post-80788","post","type-post","status-publish","format-standard","hentry","category-historia","category-historia-contemporanea","category-historia-del-derecho-y-de-las-instituciones-juridicas","category-historia-por-epocas","category-historias-especializadas","tag-alvaro-soto-carmona","tag-ana-isabel-fernandez-asperilla","tag-gonzalez-casanova-jose-antonio","tag-javier-tusell-gomez","tag-josefa-cuesta-bustillo","tag-miguel-artola-gallego"],"_links":{"self":[{"href":"https:\/\/www.deberes.net\/tesis\/wp-json\/wp\/v2\/posts\/80788","targetHints":{"allow":["GET"]}}],"collection":[{"href":"https:\/\/www.deberes.net\/tesis\/wp-json\/wp\/v2\/posts"}],"about":[{"href":"https:\/\/www.deberes.net\/tesis\/wp-json\/wp\/v2\/types\/post"}],"author":[{"embeddable":true,"href":"https:\/\/www.deberes.net\/tesis\/wp-json\/wp\/v2\/users\/1"}],"replies":[{"embeddable":true,"href":"https:\/\/www.deberes.net\/tesis\/wp-json\/wp\/v2\/comments?post=80788"}],"version-history":[{"count":0,"href":"https:\/\/www.deberes.net\/tesis\/wp-json\/wp\/v2\/posts\/80788\/revisions"}],"wp:attachment":[{"href":"https:\/\/www.deberes.net\/tesis\/wp-json\/wp\/v2\/media?parent=80788"}],"wp:term":[{"taxonomy":"category","embeddable":true,"href":"https:\/\/www.deberes.net\/tesis\/wp-json\/wp\/v2\/categories?post=80788"},{"taxonomy":"post_tag","embeddable":true,"href":"https:\/\/www.deberes.net\/tesis\/wp-json\/wp\/v2\/tags?post=80788"}],"curies":[{"name":"wp","href":"https:\/\/api.w.org\/{rel}","templated":true}]}}