{"id":80791,"date":"2018-03-10T00:04:36","date_gmt":"2018-03-10T00:04:36","guid":{"rendered":"https:\/\/www.deberes.net\/tesis\/sin-categoria\/marcadores-discursivos-temporales-en-el-habla-del-adolescente\/"},"modified":"2018-03-10T00:04:36","modified_gmt":"2018-03-10T00:04:36","slug":"marcadores-discursivos-temporales-en-el-habla-del-adolescente","status":"publish","type":"post","link":"https:\/\/www.deberes.net\/tesis\/linguistica\/marcadores-discursivos-temporales-en-el-habla-del-adolescente\/","title":{"rendered":"Marcadores discursivos temporales en el habla del adolescente"},"content":{"rendered":"<h2>Tesis doctoral de <strong> Amparo Azcona Saez De Albeniz <\/strong><\/h2>\n<p>A partir de las bases te\u00f3ricas de la teor\u00eda de la enunciaci\u00f3n y del an\u00e1lisis del discurso, se estudia la relaci\u00f3n verbo-adverbio de\u00edctico temporal en su funcionamiento fr\u00e1stico y transfr\u00e1stico. Desde una perspectiva funcional, se analizan y describen los usos de tales unidades en el discurso hablado del adolescente.  esta tesis defiende que los adverbios de\u00edcticos temporales son unidades con doble funci\u00f3n: sint\u00e1ctica y pragm\u00e1tica.  en la primera, contribuyen a la construcci\u00f3n de la temporalidad oracional y discursiva.  en la segunda, son marcas reguladores de los intercambios comunicativos. favorecen, por tanto, la coherencia y la cohesi\u00f3n de los mensajes y act\u00faan, al mismo tiempo, de gu\u00edas o se\u00f1ales para el oyente en el proceso de comunicaci\u00f3n, asegurando el \u00e9xito de la interacci\u00f3n comunicativa.<\/p>\n<p>&nbsp;<\/p>\n<h3>Datos acad\u00e9micos de la tesis doctoral \u00ab<strong>Marcadores discursivos temporales en el habla del adolescente<\/strong>\u00ab<\/h3>\n<ul>\n<li><strong>T\u00edtulo de la tesis:<\/strong>\u00a0 Marcadores discursivos temporales en el habla del adolescente <\/li>\n<li><strong>Autor:<\/strong>\u00a0 Amparo Azcona Saez De Albeniz <\/li>\n<li><strong>Universidad:<\/strong>\u00a0 Nacional de educaci\u00f3n a distancia<\/li>\n<li><strong>Fecha de lectura de la tesis:<\/strong>\u00a0 30\/09\/1999<\/li>\n<\/ul>\n<p>&nbsp;<\/p>\n<h3>Direcci\u00f3n y tribunal<\/h3>\n<ul>\n<li><strong>Director de la tesis<\/strong>\n<ul>\n<li>Mar\u00eda  Luz Gutierrez Araus<\/li>\n<\/ul>\n<\/li>\n<li><strong>Tribunal<\/strong>\n<ul>\n<li>Presidente del tribunal: vidal Lamiquiz iba\u00f1ez <\/li>\n<li>emma Martinell gifr\u00e9 (vocal)<\/li>\n<li> Martin zorraquino M\u00aa antonia (vocal)<\/li>\n<li>Luis Cort\u00e9s rodr\u00edguez (vocal)<\/li>\n<\/ul>\n<\/li>\n<\/ul>\n<p>&nbsp;<\/p>\n","protected":false},"excerpt":{"rendered":"<p>Tesis doctoral de Amparo Azcona Saez De Albeniz A partir de las bases te\u00f3ricas de la teor\u00eda de la enunciaci\u00f3n [&hellip;]<\/p>\n","protected":false},"author":1,"featured_media":0,"comment_status":"open","ping_status":"open","sticky":false,"template":"","format":"standard","meta":{"site-sidebar-layout":"default","site-content-layout":"","ast-site-content-layout":"","site-content-style":"default","site-sidebar-style":"default","ast-global-header-display":"","ast-banner-title-visibility":"","ast-main-header-display":"","ast-hfb-above-header-display":"","ast-hfb-below-header-display":"","ast-hfb-mobile-header-display":"","site-post-title":"","ast-breadcrumbs-content":"","ast-featured-img":"","footer-sml-layout":"","theme-transparent-header-meta":"","adv-header-id-meta":"","stick-header-meta":"","header-above-stick-meta":"","header-main-stick-meta":"","header-below-stick-meta":"","astra-migrate-meta-layouts":"default","ast-page-background-enabled":"default","ast-page-background-meta":{"desktop":{"background-color":"var(--ast-global-color-4)","background-image":"","background-repeat":"repeat","background-position":"center center","background-size":"auto","background-attachment":"scroll","background-type":"","background-media":"","overlay-type":"","overlay-color":"","overlay-gradient":""},"tablet":{"background-color":"","background-image":"","background-repeat":"repeat","background-position":"center center","background-size":"auto","background-attachment":"scroll","background-type":"","background-media":"","overlay-type":"","overlay-color":"","overlay-gradient":""},"mobile":{"background-color":"","background-image":"","background-repeat":"repeat","background-position":"center center","background-size":"auto","background-attachment":"scroll","background-type":"","background-media":"","overlay-type":"","overlay-color":"","overlay-gradient":""}},"ast-content-background-meta":{"desktop":{"background-color":"var(--ast-global-color-5)","background-image":"","background-repeat":"repeat","background-position":"center center","background-size":"auto","background-attachment":"scroll","background-type":"","background-media":"","overlay-type":"","overlay-color":"","overlay-gradient":""},"tablet":{"background-color":"var(--ast-global-color-5)","background-image":"","background-repeat":"repeat","background-position":"center center","background-size":"auto","background-attachment":"scroll","background-type":"","background-media":"","overlay-type":"","overlay-color":"","overlay-gradient":""},"mobile":{"background-color":"var(--ast-global-color-5)","background-image":"","background-repeat":"repeat","background-position":"center center","background-size":"auto","background-attachment":"scroll","background-type":"","background-media":"","overlay-type":"","overlay-color":"","overlay-gradient":""}},"footnotes":""},"categories":[636,61,59,60,62,17070],"tags":[172769,40384,69500,15432,59131,17103],"class_list":["post-80791","post","type-post","status-publish","format-standard","hentry","category-lengua-y-literatura","category-lexicologia","category-linguistica","category-linguistica-aplicada","category-linguistica-sincronica","category-nacional-de-educacion-a-distancia","tag-amparo-azcona-saez-de-albeniz","tag-emma-martinell-gifre","tag-luis-cortes-rodriguez","tag-maria-luz-gutierrez-araus","tag-martin-zorraquino-ma-antonia","tag-vidal-lamiquiz-ibanez"],"_links":{"self":[{"href":"https:\/\/www.deberes.net\/tesis\/wp-json\/wp\/v2\/posts\/80791","targetHints":{"allow":["GET"]}}],"collection":[{"href":"https:\/\/www.deberes.net\/tesis\/wp-json\/wp\/v2\/posts"}],"about":[{"href":"https:\/\/www.deberes.net\/tesis\/wp-json\/wp\/v2\/types\/post"}],"author":[{"embeddable":true,"href":"https:\/\/www.deberes.net\/tesis\/wp-json\/wp\/v2\/users\/1"}],"replies":[{"embeddable":true,"href":"https:\/\/www.deberes.net\/tesis\/wp-json\/wp\/v2\/comments?post=80791"}],"version-history":[{"count":0,"href":"https:\/\/www.deberes.net\/tesis\/wp-json\/wp\/v2\/posts\/80791\/revisions"}],"wp:attachment":[{"href":"https:\/\/www.deberes.net\/tesis\/wp-json\/wp\/v2\/media?parent=80791"}],"wp:term":[{"taxonomy":"category","embeddable":true,"href":"https:\/\/www.deberes.net\/tesis\/wp-json\/wp\/v2\/categories?post=80791"},{"taxonomy":"post_tag","embeddable":true,"href":"https:\/\/www.deberes.net\/tesis\/wp-json\/wp\/v2\/tags?post=80791"}],"curies":[{"name":"wp","href":"https:\/\/api.w.org\/{rel}","templated":true}]}}