{"id":80807,"date":"1999-01-10T00:00:00","date_gmt":"1999-01-10T00:00:00","guid":{"rendered":"https:\/\/www.deberes.net\/tesis\/sin-categoria\/laarqueologia-prehistoria-a-laensenyament-obligatori-de-laestat-espanyol-historia-i-perspectives\/"},"modified":"1999-01-10T00:00:00","modified_gmt":"1999-01-10T00:00:00","slug":"laarqueologia-prehistoria-a-laensenyament-obligatori-de-laestat-espanyol-historia-i-perspectives","status":"publish","type":"post","link":"https:\/\/www.deberes.net\/tesis\/historia\/laarqueologia-prehistoria-a-laensenyament-obligatori-de-laestat-espanyol-historia-i-perspectives\/","title":{"rendered":"L\u00c2\u00bfarqueolog\u00eda prehistoria a l\u00c2\u00bfensenyament obligatori de l\u00c2\u00bfestat espanyol: historia i perspectives"},"content":{"rendered":"<h2>Tesis doctoral de <strong> Antonio Bardavid Novi <\/strong><\/h2>\n<p>La inclusi\u00f3n de contenidos de arqueolog\u00eda y prehistoria en la ense\u00f1anza obligatoria tiene que vincularse a la tendencia a desarrollar un curriculum escolar que facilite en el alumnado una capacidad de comprension mas analitica y critica de la realidad, subrayando sobretodo los procesos necesarios para la compresion de c\u00f3mo se elabora, se produce y se transforma el conocimiento cientifico. De esta forma, el proceso de ense\u00f1anza\/aprendizaje no se reduce a la transmision de informacion,sino que incluye la forma se investiga el pasado.  la prehistoria ha sido, tal vez, la etapa de la historia m\u00e1s maltratada en su divulgacion escolar. Esta tendencia, mantenida desde finales del siglo xix en los libros de texto de historia espa\u00f1olas, empieza a romperse en cierta forma el algunos textos de los a\u00f1os 1970-1990, y da un giro m\u00e1s significativo con los libros de conocimiento del medio y ciencias sociales de la logse.  el metodo arqueologico aplicado al estudio de los tiempos mas lejanos ofrece el marco ideal para el desarrollo de una serie de estrategias,procedimientos, habilidades y destrezas cognitivas que ayudan a la formacion de un pensamiento explicativo, interpretativo y critico en el alumnado.  estos elementos de reflexion se desarrollaron previamente a la realizacion de una experiencia didactica en un centro del extrarradio de barcelona(ies sant quirze), que con el titulo introduccion a la arqueolog\u00eda pretendia acerca la arqueolog\u00eda como fuente de conocimiento del pasado al alumnado a partir del estudio de restos patrimoniales arqueologicos locales.  en la evolucion de resultados, los datos demuestran que puede considerarse exitosa la experiencia desde el punto de vista de los aprendizajes adquiridos y retenidos. El alumnado que participa en propuestas de educacion patrimonial en el marco del entorno cercano, desarrollan una serie de actitudes y valores que les permite modificar o extender conceptos previos, haciendoles conscientes<\/p>\n<p>&nbsp;<\/p>\n<h3>Datos acad\u00e9micos de la tesis doctoral \u00ab<strong>L\u00c2\u00bfarqueolog\u00eda prehistoria a l\u00c2\u00bfensenyament obligatori de l\u00c2\u00bfestat espanyol: historia i perspectives<\/strong>\u00ab<\/h3>\n<ul>\n<li><strong>T\u00edtulo de la tesis:<\/strong>\u00a0 L\u00c2\u00bfarqueolog\u00eda prehistoria a l\u00c2\u00bfensenyament obligatori de l\u00c2\u00bfestat espanyol: historia i perspectives <\/li>\n<li><strong>Autor:<\/strong>\u00a0 Antonio Bardavid Novi <\/li>\n<li><strong>Universidad:<\/strong>\u00a0 Aut\u00f3noma de barcelona<\/li>\n<li><strong>Fecha de lectura de la tesis:<\/strong>\u00a0 01\/10\/1999<\/li>\n<\/ul>\n<p>&nbsp;<\/p>\n<h3>Direcci\u00f3n y tribunal<\/h3>\n<ul>\n<li><strong>Director de la tesis<\/strong>\n<ul>\n<li>Paloma Gonzalez Marcen<\/li>\n<\/ul>\n<\/li>\n<li><strong>Tribunal<\/strong>\n<ul>\n<li>Presidente del tribunal: gonzalo Ruiz zapatero <\/li>\n<li>sandra Monton subias (vocal)<\/li>\n<li>joan Santacana mestre (vocal)<\/li>\n<li>angela Garcia blanco (vocal)<\/li>\n<\/ul>\n<\/li>\n<\/ul>\n<p>&nbsp;<\/p>\n","protected":false},"excerpt":{"rendered":"<p>Tesis doctoral de Antonio Bardavid Novi La inclusi\u00f3n de contenidos de arqueolog\u00eda y prehistoria en la ense\u00f1anza obligatoria tiene que [&hellip;]<\/p>\n","protected":false},"author":1,"featured_media":0,"comment_status":"open","ping_status":"open","sticky":false,"template":"","format":"standard","meta":{"site-sidebar-layout":"default","site-content-layout":"","ast-site-content-layout":"","site-content-style":"default","site-sidebar-style":"default","ast-global-header-display":"","ast-banner-title-visibility":"","ast-main-header-display":"","ast-hfb-above-header-display":"","ast-hfb-below-header-display":"","ast-hfb-mobile-header-display":"","site-post-title":"","ast-breadcrumbs-content":"","ast-featured-img":"","footer-sml-layout":"","theme-transparent-header-meta":"","adv-header-id-meta":"","stick-header-meta":"","header-above-stick-meta":"","header-main-stick-meta":"","header-below-stick-meta":"","astra-migrate-meta-layouts":"default","ast-page-background-enabled":"default","ast-page-background-meta":{"desktop":{"background-color":"var(--ast-global-color-4)","background-image":"","background-repeat":"repeat","background-position":"center center","background-size":"auto","background-attachment":"scroll","background-type":"","background-media":"","overlay-type":"","overlay-color":"","overlay-gradient":""},"tablet":{"background-color":"","background-image":"","background-repeat":"repeat","background-position":"center center","background-size":"auto","background-attachment":"scroll","background-type":"","background-media":"","overlay-type":"","overlay-color":"","overlay-gradient":""},"mobile":{"background-color":"","background-image":"","background-repeat":"repeat","background-position":"center center","background-size":"auto","background-attachment":"scroll","background-type":"","background-media":"","overlay-type":"","overlay-color":"","overlay-gradient":""}},"ast-content-background-meta":{"desktop":{"background-color":"var(--ast-global-color-5)","background-image":"","background-repeat":"repeat","background-position":"center center","background-size":"auto","background-attachment":"scroll","background-type":"","background-media":"","overlay-type":"","overlay-color":"","overlay-gradient":""},"tablet":{"background-color":"var(--ast-global-color-5)","background-image":"","background-repeat":"repeat","background-position":"center center","background-size":"auto","background-attachment":"scroll","background-type":"","background-media":"","overlay-type":"","overlay-color":"","overlay-gradient":""},"mobile":{"background-color":"var(--ast-global-color-5)","background-image":"","background-repeat":"repeat","background-position":"center center","background-size":"auto","background-attachment":"scroll","background-type":"","background-media":"","overlay-type":"","overlay-color":"","overlay-gradient":""}},"footnotes":""},"categories":[1623,1624,104,220,2635],"tags":[23291,172793,7778,27940,45708,172794],"class_list":["post-80807","post","type-post","status-publish","format-standard","hentry","category-arqueologia","category-ciencias-auxiliares-de-la-historia","category-historia","category-historia-por-epocas","category-prehistoria","tag-angela-garcia-blanco","tag-antonio-bardavid-novi","tag-gonzalo-ruiz-zapatero","tag-joan-santacana-mestre","tag-paloma-gonzalez-marcen","tag-sandra-monton-subias"],"_links":{"self":[{"href":"https:\/\/www.deberes.net\/tesis\/wp-json\/wp\/v2\/posts\/80807","targetHints":{"allow":["GET"]}}],"collection":[{"href":"https:\/\/www.deberes.net\/tesis\/wp-json\/wp\/v2\/posts"}],"about":[{"href":"https:\/\/www.deberes.net\/tesis\/wp-json\/wp\/v2\/types\/post"}],"author":[{"embeddable":true,"href":"https:\/\/www.deberes.net\/tesis\/wp-json\/wp\/v2\/users\/1"}],"replies":[{"embeddable":true,"href":"https:\/\/www.deberes.net\/tesis\/wp-json\/wp\/v2\/comments?post=80807"}],"version-history":[{"count":0,"href":"https:\/\/www.deberes.net\/tesis\/wp-json\/wp\/v2\/posts\/80807\/revisions"}],"wp:attachment":[{"href":"https:\/\/www.deberes.net\/tesis\/wp-json\/wp\/v2\/media?parent=80807"}],"wp:term":[{"taxonomy":"category","embeddable":true,"href":"https:\/\/www.deberes.net\/tesis\/wp-json\/wp\/v2\/categories?post=80807"},{"taxonomy":"post_tag","embeddable":true,"href":"https:\/\/www.deberes.net\/tesis\/wp-json\/wp\/v2\/tags?post=80807"}],"curies":[{"name":"wp","href":"https:\/\/api.w.org\/{rel}","templated":true}]}}