{"id":80818,"date":"1999-01-10T00:00:00","date_gmt":"1999-01-10T00:00:00","guid":{"rendered":"https:\/\/www.deberes.net\/tesis\/sin-categoria\/gestion-de-costes-basadas-en-las-actividades-una-aplicacion-en-las-empresas-constructivas\/"},"modified":"1999-01-10T00:00:00","modified_gmt":"1999-01-10T00:00:00","slug":"gestion-de-costes-basadas-en-las-actividades-una-aplicacion-en-las-empresas-constructivas","status":"publish","type":"post","link":"https:\/\/www.deberes.net\/tesis\/ciencias-economicas\/gestion-de-costes-basadas-en-las-actividades-una-aplicacion-en-las-empresas-constructivas\/","title":{"rendered":"Gestion de costes basadas en las actividades: una aplicaci\u00f3n en las empresas constructivas"},"content":{"rendered":"<h2>Tesis doctoral de <strong> Jos\u00e9 Antonio Cavero Rubio <\/strong><\/h2>\n<p>El objetivo de la tesis es proponer un modelo presupuestario basado en las actividades que suministren informaci\u00f3n recelante para que la gerencia de las empresas constructoras &#8212; toma sus decisiones de gesti\u00f3n dirigidas a estimar las variables relevantes de estas empresas.  la aplicaci\u00f3n de la filosofia abc par elaborar los presupuestos de estos organizaciones suministrara informaci\u00f3n relevante para efectuar estimaciones consistentes y coherentes del &#8212; de la vivienda,la subcontinuaci\u00f3n de tares, la planificaci\u00f3n  de recursos, el coste de la &#8212; y la fijaci\u00f3n del momento de entrega.  el establecimiento de diversas reacciones causales entre las actualidades referidas y las viviencas, edificios, el conjunto vivienda-edificio y a la empresa, su &#8212; establecer un mayor n\u00famero de criterios de asignaci\u00f3n de los costes.<\/p>\n<p>&nbsp;<\/p>\n<h3>Datos acad\u00e9micos de la tesis doctoral \u00ab<strong>Gestion de costes basadas en las actividades: una aplicaci\u00f3n en las empresas constructivas<\/strong>\u00ab<\/h3>\n<ul>\n<li><strong>T\u00edtulo de la tesis:<\/strong>\u00a0 Gestion de costes basadas en las actividades: una aplicaci\u00f3n en las empresas constructivas <\/li>\n<li><strong>Autor:<\/strong>\u00a0 Jos\u00e9 Antonio Cavero Rubio <\/li>\n<li><strong>Universidad:<\/strong>\u00a0 Miguel hern\u00e1ndez de elche<\/li>\n<li><strong>Fecha de lectura de la tesis:<\/strong>\u00a0 01\/10\/1999<\/li>\n<\/ul>\n<p>&nbsp;<\/p>\n<h3>Direcci\u00f3n y tribunal<\/h3>\n<ul>\n<li><strong>Director de la tesis<\/strong>\n<ul>\n<li> Gonz\u00e1lez Carbonell Jos\u00e9 Francisco<\/li>\n<\/ul>\n<\/li>\n<li><strong>Tribunal<\/strong>\n<ul>\n<li>Presidente del tribunal: vicente Serra salvador <\/li>\n<li> Quesada s\u00e1nchez Francisco Javier (vocal)<\/li>\n<li>Jos\u00e9 Luis Sanchez-fernandez valderrama (vocal)<\/li>\n<li>pedro Luengo   mulet (vocal)<\/li>\n<\/ul>\n<\/li>\n<\/ul>\n<p>&nbsp;<\/p>\n","protected":false},"excerpt":{"rendered":"<p>Tesis doctoral de Jos\u00e9 Antonio Cavero Rubio El objetivo de la tesis es proponer un modelo presupuestario basado en las [&hellip;]<\/p>\n","protected":false},"author":1,"featured_media":0,"comment_status":"open","ping_status":"open","sticky":false,"template":"","format":"standard","meta":{"site-sidebar-layout":"default","site-content-layout":"","ast-site-content-layout":"","site-content-style":"default","site-sidebar-style":"default","ast-global-header-display":"","ast-banner-title-visibility":"","ast-main-header-display":"","ast-hfb-above-header-display":"","ast-hfb-below-header-display":"","ast-hfb-mobile-header-display":"","site-post-title":"","ast-breadcrumbs-content":"","ast-featured-img":"","footer-sml-layout":"","theme-transparent-header-meta":"","adv-header-id-meta":"","stick-header-meta":"","header-above-stick-meta":"","header-main-stick-meta":"","header-below-stick-meta":"","astra-migrate-meta-layouts":"default","ast-page-background-enabled":"default","ast-page-background-meta":{"desktop":{"background-color":"var(--ast-global-color-4)","background-image":"","background-repeat":"repeat","background-position":"center center","background-size":"auto","background-attachment":"scroll","background-type":"","background-media":"","overlay-type":"","overlay-color":"","overlay-gradient":""},"tablet":{"background-color":"","background-image":"","background-repeat":"repeat","background-position":"center center","background-size":"auto","background-attachment":"scroll","background-type":"","background-media":"","overlay-type":"","overlay-color":"","overlay-gradient":""},"mobile":{"background-color":"","background-image":"","background-repeat":"repeat","background-position":"center center","background-size":"auto","background-attachment":"scroll","background-type":"","background-media":"","overlay-type":"","overlay-color":"","overlay-gradient":""}},"ast-content-background-meta":{"desktop":{"background-color":"var(--ast-global-color-5)","background-image":"","background-repeat":"repeat","background-position":"center center","background-size":"auto","background-attachment":"scroll","background-type":"","background-media":"","overlay-type":"","overlay-color":"","overlay-gradient":""},"tablet":{"background-color":"var(--ast-global-color-5)","background-image":"","background-repeat":"repeat","background-position":"center center","background-size":"auto","background-attachment":"scroll","background-type":"","background-media":"","overlay-type":"","overlay-color":"","overlay-gradient":""},"mobile":{"background-color":"var(--ast-global-color-5)","background-image":"","background-repeat":"repeat","background-position":"center center","background-size":"auto","background-attachment":"scroll","background-type":"","background-media":"","overlay-type":"","overlay-color":"","overlay-gradient":""}},"footnotes":""},"categories":[82,1697,1699,963,37169,17315],"tags":[49745,172815,3466,5837,18501,10813],"class_list":["post-80818","post","type-post","status-publish","format-standard","hentry","category-ciencias-economicas","category-contabilidad-economica","category-contabilidad-financiera","category-economia-sectorial","category-miguel-hernandez-de-elche","category-sector-de-la-construccion","tag-gonzalez-carbonell-jose-francisco","tag-jose-antonio-cavero-rubio","tag-jose-luis-sanchez-fernandez-valderrama","tag-pedro-luengo-mulet","tag-quesada-sanchez-francisco-javier","tag-vicente-serra-salvador"],"_links":{"self":[{"href":"https:\/\/www.deberes.net\/tesis\/wp-json\/wp\/v2\/posts\/80818","targetHints":{"allow":["GET"]}}],"collection":[{"href":"https:\/\/www.deberes.net\/tesis\/wp-json\/wp\/v2\/posts"}],"about":[{"href":"https:\/\/www.deberes.net\/tesis\/wp-json\/wp\/v2\/types\/post"}],"author":[{"embeddable":true,"href":"https:\/\/www.deberes.net\/tesis\/wp-json\/wp\/v2\/users\/1"}],"replies":[{"embeddable":true,"href":"https:\/\/www.deberes.net\/tesis\/wp-json\/wp\/v2\/comments?post=80818"}],"version-history":[{"count":0,"href":"https:\/\/www.deberes.net\/tesis\/wp-json\/wp\/v2\/posts\/80818\/revisions"}],"wp:attachment":[{"href":"https:\/\/www.deberes.net\/tesis\/wp-json\/wp\/v2\/media?parent=80818"}],"wp:term":[{"taxonomy":"category","embeddable":true,"href":"https:\/\/www.deberes.net\/tesis\/wp-json\/wp\/v2\/categories?post=80818"},{"taxonomy":"post_tag","embeddable":true,"href":"https:\/\/www.deberes.net\/tesis\/wp-json\/wp\/v2\/tags?post=80818"}],"curies":[{"name":"wp","href":"https:\/\/api.w.org\/{rel}","templated":true}]}}