{"id":80925,"date":"2018-03-10T00:04:44","date_gmt":"2018-03-10T00:04:44","guid":{"rendered":"https:\/\/www.deberes.net\/tesis\/sin-categoria\/integracion-escolar-y-escuela-para-todos-estudio-de-caso\/"},"modified":"2018-03-10T00:04:44","modified_gmt":"2018-03-10T00:04:44","slug":"integracion-escolar-y-escuela-para-todos-estudio-de-caso","status":"publish","type":"post","link":"https:\/\/www.deberes.net\/tesis\/pedagogia\/integracion-escolar-y-escuela-para-todos-estudio-de-caso\/","title":{"rendered":"Integracion escolar y escuela para todos. estudio de caso"},"content":{"rendered":"<h2>Tesis doctoral de <strong> Jos\u00e9 Juan Carri\u00f3n Mart\u00ednez <\/strong><\/h2>\n<p>En sintesis, este trabajo de tesis doctoral se sustenta en el interes para conocer la realidad del proceso integrador mas alla de lo que se se\u00f1ala desde el discurso teorico, buscando la realidad profunda en aquellas etapas educativas y colectivos profesionales -sobre todo entre el profesorado de educacion infantil y primaria-que en principios parecen haber asimilado mas tal proceso.  el objeto de investigacion es el contexto institucional en que la integracion deja de ser un proyecto y alcanza perfiles empiricos y en particular el profesorado, como agente fundamental de cualquier cambio educativo. Se pretendemos evidenciar e interpretar hasta que punto ese entramado legal y tecnico se muestra consistente en su confrontacion con el pensamiento y accion concreta de los profesionales del sistema. Cuestion, ademas, que cobra especial interes cuando se ha abierto el debate de la diversidad como uno de los referentes basicos de la accion educativa. Ante ello, una de las mejores formas de contribuir en esa empresa es hacer un hueco a la reflexion y a la investigacion sobre las problematicas actuales, a fin de buscar la comprension profunda de una realidad educativa integradora y desde ella proponer lineas de accion tendentes a mejorar y superar las dificultades que se ponga de manifiesto en ese proyecto permanente de una escuela cada vez mas educativa, mas humana y realmente al servicio del desarrollo integral de los ni\u00f1os y ni\u00f1as sin distinciones ni segregaciones de ningun tipo.  en ese marco de inquietudes e interrogantes en lo relativo a su contenido y en el paradigma naturalista en cuanto al enfoque de investigacion, se enmarca esta tesis doctoral que se presenta estructurada en siete capitulos. comenzamos por el estudio del propio proceso integrador, de su estado actual-capitulo i-, con un enfoque similar se aborda la educacion inclusiva en el capitulo ii, cerrando este bloque sobre el estado de la cuestion con una aproximacion al cont<\/p>\n<p>&nbsp;<\/p>\n<h3>Datos acad\u00e9micos de la tesis doctoral \u00ab<strong>Integracion escolar y escuela para todos. estudio de caso<\/strong>\u00ab<\/h3>\n<ul>\n<li><strong>T\u00edtulo de la tesis:<\/strong>\u00a0 Integracion escolar y escuela para todos. estudio de caso <\/li>\n<li><strong>Autor:<\/strong>\u00a0 Jos\u00e9 Juan Carri\u00f3n Mart\u00ednez <\/li>\n<li><strong>Universidad:<\/strong>\u00a0 Almer\u00eda<\/li>\n<li><strong>Fecha de lectura de la tesis:<\/strong>\u00a0 15\/10\/1999<\/li>\n<\/ul>\n<p>&nbsp;<\/p>\n<h3>Direcci\u00f3n y tribunal<\/h3>\n<ul>\n<li><strong>Director de la tesis<\/strong>\n<ul>\n<li>Juan Fernandez Sierra<\/li>\n<\/ul>\n<\/li>\n<li><strong>Tribunal<\/strong>\n<ul>\n<li>Presidente del tribunal: Francisco Jim\u00e9nez mart\u00ednez <\/li>\n<li>enrique victor Garc\u00eda-espa\u00f1a monson\u00eds (vocal)<\/li>\n<li>Antonio Dominguez pelaez (vocal)<\/li>\n<li>carmen Alba pastor (vocal)<\/li>\n<\/ul>\n<\/li>\n<\/ul>\n<p>&nbsp;<\/p>\n","protected":false},"excerpt":{"rendered":"<p>Tesis doctoral de Jos\u00e9 Juan Carri\u00f3n Mart\u00ednez En sintesis, este trabajo de tesis doctoral se sustenta en el interes para [&hellip;]<\/p>\n","protected":false},"author":1,"featured_media":0,"comment_status":"open","ping_status":"open","sticky":false,"template":"","format":"standard","meta":{"site-sidebar-layout":"default","site-content-layout":"","ast-site-content-layout":"","site-content-style":"default","site-sidebar-style":"default","ast-global-header-display":"","ast-banner-title-visibility":"","ast-main-header-display":"","ast-hfb-above-header-display":"","ast-hfb-below-header-display":"","ast-hfb-mobile-header-display":"","site-post-title":"","ast-breadcrumbs-content":"","ast-featured-img":"","footer-sml-layout":"","theme-transparent-header-meta":"","adv-header-id-meta":"","stick-header-meta":"","header-above-stick-meta":"","header-main-stick-meta":"","header-below-stick-meta":"","astra-migrate-meta-layouts":"default","ast-page-background-enabled":"default","ast-page-background-meta":{"desktop":{"background-color":"var(--ast-global-color-4)","background-image":"","background-repeat":"repeat","background-position":"center center","background-size":"auto","background-attachment":"scroll","background-type":"","background-media":"","overlay-type":"","overlay-color":"","overlay-gradient":""},"tablet":{"background-color":"","background-image":"","background-repeat":"repeat","background-position":"center center","background-size":"auto","background-attachment":"scroll","background-type":"","background-media":"","overlay-type":"","overlay-color":"","overlay-gradient":""},"mobile":{"background-color":"","background-image":"","background-repeat":"repeat","background-position":"center center","background-size":"auto","background-attachment":"scroll","background-type":"","background-media":"","overlay-type":"","overlay-color":"","overlay-gradient":""}},"ast-content-background-meta":{"desktop":{"background-color":"var(--ast-global-color-5)","background-image":"","background-repeat":"repeat","background-position":"center center","background-size":"auto","background-attachment":"scroll","background-type":"","background-media":"","overlay-type":"","overlay-color":"","overlay-gradient":""},"tablet":{"background-color":"var(--ast-global-color-5)","background-image":"","background-repeat":"repeat","background-position":"center center","background-size":"auto","background-attachment":"scroll","background-type":"","background-media":"","overlay-type":"","overlay-color":"","overlay-gradient":""},"mobile":{"background-color":"var(--ast-global-color-5)","background-image":"","background-repeat":"repeat","background-position":"center center","background-size":"auto","background-attachment":"scroll","background-type":"","background-media":"","overlay-type":"","overlay-color":"","overlay-gradient":""}},"footnotes":""},"categories":[18909,6222,1184,1141],"tags":[172978,37353,60800,14183,172977,57394],"class_list":["post-80925","post","type-post","status-publish","format-standard","hentry","category-almeria","category-educacion-especial","category-organizacion-y-planificacion-de-la-educacion","category-pedagogia","tag-antonio-dominguez-pelaez","tag-carmen-alba-pastor","tag-enrique-victor-garcia-espana-monsonis","tag-francisco-jimenez-Martinez","tag-jose-juan-carrion-Martinez","tag-juan-fernandez-sierra"],"_links":{"self":[{"href":"https:\/\/www.deberes.net\/tesis\/wp-json\/wp\/v2\/posts\/80925","targetHints":{"allow":["GET"]}}],"collection":[{"href":"https:\/\/www.deberes.net\/tesis\/wp-json\/wp\/v2\/posts"}],"about":[{"href":"https:\/\/www.deberes.net\/tesis\/wp-json\/wp\/v2\/types\/post"}],"author":[{"embeddable":true,"href":"https:\/\/www.deberes.net\/tesis\/wp-json\/wp\/v2\/users\/1"}],"replies":[{"embeddable":true,"href":"https:\/\/www.deberes.net\/tesis\/wp-json\/wp\/v2\/comments?post=80925"}],"version-history":[{"count":0,"href":"https:\/\/www.deberes.net\/tesis\/wp-json\/wp\/v2\/posts\/80925\/revisions"}],"wp:attachment":[{"href":"https:\/\/www.deberes.net\/tesis\/wp-json\/wp\/v2\/media?parent=80925"}],"wp:term":[{"taxonomy":"category","embeddable":true,"href":"https:\/\/www.deberes.net\/tesis\/wp-json\/wp\/v2\/categories?post=80925"},{"taxonomy":"post_tag","embeddable":true,"href":"https:\/\/www.deberes.net\/tesis\/wp-json\/wp\/v2\/tags?post=80925"}],"curies":[{"name":"wp","href":"https:\/\/api.w.org\/{rel}","templated":true}]}}