{"id":80943,"date":"2018-03-10T00:04:44","date_gmt":"2018-03-10T00:04:44","guid":{"rendered":"https:\/\/www.deberes.net\/tesis\/sin-categoria\/histogenesis-y-regeneracion-del-cortex-medial-de-podarcis-hispanica\/"},"modified":"2018-03-10T00:04:44","modified_gmt":"2018-03-10T00:04:44","slug":"histogenesis-y-regeneracion-del-cortex-medial-de-podarcis-hispanica","status":"publish","type":"post","link":"https:\/\/www.deberes.net\/tesis\/ciencias-de-la-vida\/histogenesis-y-regeneracion-del-cortex-medial-de-podarcis-hispanica\/","title":{"rendered":"\u00abhistog\u00e9nesis y regeneraci\u00f3n del cortex medial de podarcis hispanica\u00bb"},"content":{"rendered":"<h2>Tesis doctoral de <strong> M. Carmen Ramirez Castillejo <\/strong><\/h2>\n<p>En este trabajo se estudia la histog\u00e9neris y regeneraci\u00f3n del c\u00f3rtex medial (\u00abfacial dentada\u00bb) de podarcis hispanica tras la lesi\u00f3n espec\u00edfica con el neurot\u00f3xico 3ap.  el estudio hist\u00f3logico de la histog\u00e9nesis y regeneraci\u00f3n del c\u00f3rtex medial revela que ambos fen\u00f3menos comparten procesos similares de producci\u00f3n(neurog\u00e9nesis) migraci\u00f3n, incorparaci\u00f3n y maduraci\u00f3n de nuevas neuronas, tanto en el cort\u00e9x medial embrionario como en el c\u00f3rtex medial regenerante.  en este estudio se ha puesto a punto t\u00e9cnicas de s\u00edntesis y detecci\u00f3n de marcadores g\u00e9nicos espec\u00edficos de tejido nervioso de lagartija que ayudan a entender ambos procesos.  el microscopio electr\u00f3nico revela que la maduraci\u00f3n ultraestructural de las capas plexiformes externas del c\u00f3rtex medial es m\u00e1s temprana que la de capas internas cercanas al neuroepitelio. Este patr\u00f3n de maduraci\u00f3n tambi\u00e9n ha sido confirmado con marcadores de migraci\u00f3n celular como la proteina ncam en su estado polisialiazado(psa-ncam). Las aferencias corticales contralaterales se forman en los primeros estadios del desarrollo cortical de podarcis hispanica previamente incluso a la maduraci\u00f3n de los distintos estratos plexiformes, en el estado e36. En cuanto a la expresi\u00f3n de psa-ncam en el c\u00f3rtex medial adulto, este estudio aporta datos a favor de la hip\u00f3tesis de que dicha expresi\u00f3n est\u00e9 ligada a procesos de plasticidad neuronal y ramificaci\u00f3n dentr\u00edfica, m\u00e1s que a procesos migratorios de neuronas de receinte generaci\u00f3n.  en el cortex medial de pordarcis hispanica, tanto durante el desarrollo como durante los procesos de regeneraci\u00f3n, la expresi\u00f3n de psa-ncam sufre un aumento temporal que sucede al aumento de neurog\u00e9nesis embrionaria o reactiva, y que se prolonga en el tiempo m\u00e1s all\u00e1 de la formaci\u00f3n del estrato de somas del c\u00f3rtex medial, posiblemente debido a un papel de dicha prote\u00edna en el proceso de restablecimiento de nuevas conexiones.  los procesos de<\/p>\n<p>&nbsp;<\/p>\n<h3>Datos acad\u00e9micos de la tesis doctoral \u00ab<strong>\u00abhistog\u00e9nesis y regeneraci\u00f3n del cortex medial de podarcis hispanica\u00bb<\/strong>\u00ab<\/h3>\n<ul>\n<li><strong>T\u00edtulo de la tesis:<\/strong>\u00a0 \u00abhistog\u00e9nesis y regeneraci\u00f3n del cortex medial de podarcis hispanica\u00bb <\/li>\n<li><strong>Autor:<\/strong>\u00a0 M. Carmen Ramirez Castillejo <\/li>\n<li><strong>Universidad:<\/strong>\u00a0 Universitat de val\u00e9ncia (estudi general)<\/li>\n<li><strong>Fecha de lectura de la tesis:<\/strong>\u00a0 18\/10\/1999<\/li>\n<\/ul>\n<p>&nbsp;<\/p>\n<h3>Direcci\u00f3n y tribunal<\/h3>\n<ul>\n<li><strong>Director de la tesis<\/strong>\n<ul>\n<li>Carlos Lopez Garcia<\/li>\n<\/ul>\n<\/li>\n<li><strong>Tribunal<\/strong>\n<ul>\n<li>Presidente del tribunal: pere Berbel navarro <\/li>\n<li> Juiz gomez Jos\u00e9 Manuel (vocal)<\/li>\n<li>Jos\u00e9 angel Armengol butron de mujica (vocal)<\/li>\n<li>roberto Navarrote fierro (vocal)<\/li>\n<\/ul>\n<\/li>\n<\/ul>\n<p>&nbsp;<\/p>\n","protected":false},"excerpt":{"rendered":"<p>Tesis doctoral de M. Carmen Ramirez Castillejo En este trabajo se estudia la histog\u00e9neris y regeneraci\u00f3n del c\u00f3rtex medial (\u00abfacial [&hellip;]<\/p>\n","protected":false},"author":1,"featured_media":0,"comment_status":"open","ping_status":"open","sticky":false,"template":"","format":"standard","meta":{"site-sidebar-layout":"default","site-content-layout":"","ast-site-content-layout":"","site-content-style":"default","site-sidebar-style":"default","ast-global-header-display":"","ast-banner-title-visibility":"","ast-main-header-display":"","ast-hfb-above-header-display":"","ast-hfb-below-header-display":"","ast-hfb-mobile-header-display":"","site-post-title":"","ast-breadcrumbs-content":"","ast-featured-img":"","footer-sml-layout":"","theme-transparent-header-meta":"","adv-header-id-meta":"","stick-header-meta":"","header-above-stick-meta":"","header-main-stick-meta":"","header-below-stick-meta":"","astra-migrate-meta-layouts":"default","ast-page-background-enabled":"default","ast-page-background-meta":{"desktop":{"background-color":"var(--ast-global-color-4)","background-image":"","background-repeat":"repeat","background-position":"center center","background-size":"auto","background-attachment":"scroll","background-type":"","background-media":"","overlay-type":"","overlay-color":"","overlay-gradient":""},"tablet":{"background-color":"","background-image":"","background-repeat":"repeat","background-position":"center center","background-size":"auto","background-attachment":"scroll","background-type":"","background-media":"","overlay-type":"","overlay-color":"","overlay-gradient":""},"mobile":{"background-color":"","background-image":"","background-repeat":"repeat","background-position":"center center","background-size":"auto","background-attachment":"scroll","background-type":"","background-media":"","overlay-type":"","overlay-color":"","overlay-gradient":""}},"ast-content-background-meta":{"desktop":{"background-color":"var(--ast-global-color-5)","background-image":"","background-repeat":"repeat","background-position":"center center","background-size":"auto","background-attachment":"scroll","background-type":"","background-media":"","overlay-type":"","overlay-color":"","overlay-gradient":""},"tablet":{"background-color":"var(--ast-global-color-5)","background-image":"","background-repeat":"repeat","background-position":"center center","background-size":"auto","background-attachment":"scroll","background-type":"","background-media":"","overlay-type":"","overlay-color":"","overlay-gradient":""},"mobile":{"background-color":"var(--ast-global-color-5)","background-image":"","background-repeat":"repeat","background-position":"center center","background-size":"auto","background-attachment":"scroll","background-type":"","background-media":"","overlay-type":"","overlay-color":"","overlay-gradient":""}},"footnotes":""},"categories":[849,35,2008],"tags":[19461,10804,19459,173002,29975,173003],"class_list":["post-80943","post","type-post","status-publish","format-standard","hentry","category-biologia-celular","category-ciencias-de-la-vida","category-morfologia-celular","tag-carlos-lopez-garcia","tag-jose-angel-armengol-butron-de-mujica","tag-juiz-gomez-jose-manuel","tag-m-carmen-ramirez-castillejo","tag-pere-berbel-navarro","tag-roberto-navarrote-fierro"],"_links":{"self":[{"href":"https:\/\/www.deberes.net\/tesis\/wp-json\/wp\/v2\/posts\/80943","targetHints":{"allow":["GET"]}}],"collection":[{"href":"https:\/\/www.deberes.net\/tesis\/wp-json\/wp\/v2\/posts"}],"about":[{"href":"https:\/\/www.deberes.net\/tesis\/wp-json\/wp\/v2\/types\/post"}],"author":[{"embeddable":true,"href":"https:\/\/www.deberes.net\/tesis\/wp-json\/wp\/v2\/users\/1"}],"replies":[{"embeddable":true,"href":"https:\/\/www.deberes.net\/tesis\/wp-json\/wp\/v2\/comments?post=80943"}],"version-history":[{"count":0,"href":"https:\/\/www.deberes.net\/tesis\/wp-json\/wp\/v2\/posts\/80943\/revisions"}],"wp:attachment":[{"href":"https:\/\/www.deberes.net\/tesis\/wp-json\/wp\/v2\/media?parent=80943"}],"wp:term":[{"taxonomy":"category","embeddable":true,"href":"https:\/\/www.deberes.net\/tesis\/wp-json\/wp\/v2\/categories?post=80943"},{"taxonomy":"post_tag","embeddable":true,"href":"https:\/\/www.deberes.net\/tesis\/wp-json\/wp\/v2\/tags?post=80943"}],"curies":[{"name":"wp","href":"https:\/\/api.w.org\/{rel}","templated":true}]}}