{"id":80967,"date":"2018-03-10T00:04:48","date_gmt":"2018-03-10T00:04:48","guid":{"rendered":"https:\/\/www.deberes.net\/tesis\/sin-categoria\/metodologia-e-historia-en-la-theorie-physique-de-pierre-duhem\/"},"modified":"2018-03-10T00:04:48","modified_gmt":"2018-03-10T00:04:48","slug":"metodologia-e-historia-en-la-theorie-physique-de-pierre-duhem","status":"publish","type":"post","link":"https:\/\/www.deberes.net\/tesis\/filosofia\/metodologia-e-historia-en-la-theorie-physique-de-pierre-duhem\/","title":{"rendered":"Metodolog\u00eda e historia en la th\u00e9orie physique de pierre duhem."},"content":{"rendered":"<h2>Tesis doctoral de <strong> Inmaculada Campos Gosalbez <\/strong><\/h2>\n<p>La tesis que se expone en este trabajo consiste b\u00e1sicamente en demostrar la imposibilidad de conectar la teor\u00eda f\u00edsica, que duhem propone en la th\u00e9orie physique, con el mundo f\u00edsico. Tanto en el proceso de constituci\u00f3n de la teor\u00eda como en su imposible contrastaci\u00f3n emp\u00edrica poserior, se niega la conexi\u00f3n del \u00abesquema simb\u00f3lico libremetne creado por el f\u00edsico\u00bb con la experiencia.  en la fase de consitutci\u00f3n de la teor\u00eda debido al proceso de traducci\u00f3n se rompe la conexi\u00f3n con lo f\u00edsico.Este proceso se ha denominado \u00abtransustanciaci\u00f3n\u00bb, pues enlugar de una traducci\u00f3n duhem nos propone una mutaci\u00f3n de los elementos percibidos a su aribraria transposici\u00f3n a s\u00edmbolos matem\u00e1ticos mediante un procedimiento regido por la m\u00e1s absoluta imprecisi\u00f3n, de tal manera que pr\u00e1cticamente toda traducci\u00f3n es posible. As\u00ed se elimna la posibilidad de considerar verdaderos o falsos a los enunciados de la f\u00edsica. En estos consiste lo que se llama en este trabajo el primer \u00abcorte epistemol\u00f3gico\u00bb y en su an\u00e1lisis es donde radica el eje certebral del mismo.  con la llamada \u00abtesis holista\u00bb la posteriormente famosa tesis duhem-quine se imposiblitan tmabi\u00e9n la contrastaci\u00f3n de la teor\u00eda (verificaci\u00f3n o refutaci\u00f3n) porque constituye un todo, un organismo incuarteable. Con ello la teor\u00eda se cierra en un bucle al abrigo de cualqueir cr\u00edtica que provenga de la experimentaci\u00f3n. Es lo que se ha denominado el \u00absegundo corte epistemol\u00f3gico\u00bb.  la conjunci\u00f3n de ambos cortes cofnigura as\u00ed una teor\u00eda virtual que flota sobre la experiencia.  se describe tambi\u00e9n c\u00f3mo duhem recurre necesariametne a una historia cosntuida ad hoc para demostrar que la teor\u00eda f\u00edsica, constituida a la manera de la astronom\u00eda griega, se configura en su desarrollo como la \u00abclasificaci\u00f3n natural\u00bb de los fen\u00f3menos naturales, los que realmente tienen lugar en el universo y que conocemos mediante la inducci\u00f3n y la generalizaci\u00f3n.  la conexi\u00f3n de la teo<\/p>\n<p>&nbsp;<\/p>\n<h3>Datos acad\u00e9micos de la tesis doctoral \u00ab<strong>Metodolog\u00eda e historia en la th\u00e9orie physique de pierre duhem.<\/strong>\u00ab<\/h3>\n<ul>\n<li><strong>T\u00edtulo de la tesis:<\/strong>\u00a0 Metodolog\u00eda e historia en la th\u00e9orie physique de pierre duhem. <\/li>\n<li><strong>Autor:<\/strong>\u00a0 Inmaculada Campos Gosalbez <\/li>\n<li><strong>Universidad:<\/strong>\u00a0 Universitat de val\u00e9ncia (estudi general)<\/li>\n<li><strong>Fecha de lectura de la tesis:<\/strong>\u00a0 20\/10\/1999<\/li>\n<\/ul>\n<p>&nbsp;<\/p>\n<h3>Direcci\u00f3n y tribunal<\/h3>\n<ul>\n<li><strong>Director de la tesis<\/strong>\n<ul>\n<li>Josep LLuis Blasco Estelles<\/li>\n<\/ul>\n<\/li>\n<li><strong>Tribunal<\/strong>\n<ul>\n<li>Presidente del tribunal: Carlos Minguez perez <\/li>\n<li>sebastian Alvares toledo (vocal)<\/li>\n<li>Rafael Beneyto torres (vocal)<\/li>\n<li>ignacio Izuzquiza otero (vocal)<\/li>\n<\/ul>\n<\/li>\n<\/ul>\n<p>&nbsp;<\/p>\n","protected":false},"excerpt":{"rendered":"<p>Tesis doctoral de Inmaculada Campos Gosalbez La tesis que se expone en este trabajo consiste b\u00e1sicamente en demostrar la imposibilidad [&hellip;]<\/p>\n","protected":false},"author":1,"featured_media":0,"comment_status":"open","ping_status":"open","sticky":false,"template":"","format":"standard","meta":{"site-sidebar-layout":"default","site-content-layout":"","ast-site-content-layout":"","site-content-style":"default","site-sidebar-style":"default","ast-global-header-display":"","ast-banner-title-visibility":"","ast-main-header-display":"","ast-hfb-above-header-display":"","ast-hfb-below-header-display":"","ast-hfb-mobile-header-display":"","site-post-title":"","ast-breadcrumbs-content":"","ast-featured-img":"","footer-sml-layout":"","theme-transparent-header-meta":"","adv-header-id-meta":"","stick-header-meta":"","header-above-stick-meta":"","header-main-stick-meta":"","header-below-stick-meta":"","astra-migrate-meta-layouts":"default","ast-page-background-enabled":"default","ast-page-background-meta":{"desktop":{"background-color":"var(--ast-global-color-4)","background-image":"","background-repeat":"repeat","background-position":"center center","background-size":"auto","background-attachment":"scroll","background-type":"","background-media":"","overlay-type":"","overlay-color":"","overlay-gradient":""},"tablet":{"background-color":"","background-image":"","background-repeat":"repeat","background-position":"center center","background-size":"auto","background-attachment":"scroll","background-type":"","background-media":"","overlay-type":"","overlay-color":"","overlay-gradient":""},"mobile":{"background-color":"","background-image":"","background-repeat":"repeat","background-position":"center center","background-size":"auto","background-attachment":"scroll","background-type":"","background-media":"","overlay-type":"","overlay-color":"","overlay-gradient":""}},"ast-content-background-meta":{"desktop":{"background-color":"var(--ast-global-color-5)","background-image":"","background-repeat":"repeat","background-position":"center center","background-size":"auto","background-attachment":"scroll","background-type":"","background-media":"","overlay-type":"","overlay-color":"","overlay-gradient":""},"tablet":{"background-color":"var(--ast-global-color-5)","background-image":"","background-repeat":"repeat","background-position":"center center","background-size":"auto","background-attachment":"scroll","background-type":"","background-media":"","overlay-type":"","overlay-color":"","overlay-gradient":""},"mobile":{"background-color":"var(--ast-global-color-5)","background-image":"","background-repeat":"repeat","background-position":"center center","background-size":"auto","background-attachment":"scroll","background-type":"","background-media":"","overlay-type":"","overlay-color":"","overlay-gradient":""}},"footnotes":""},"categories":[5537,165,1076,956],"tags":[173037,14592,173036,19118,13571,173038],"class_list":["post-80967","post","type-post","status-publish","format-standard","hentry","category-epistemologia","category-filosofia","category-filosofia-de-la-ciencia","category-filosofia-del-conocimiento","tag-carlos-minguez-perez","tag-ignacio-izuzquiza-otero","tag-inmaculada-campos-gosalbez","tag-josep-lluis-blasco-estelles","tag-rafael-beneyto-torres","tag-sebastian-alvares-toledo"],"_links":{"self":[{"href":"https:\/\/www.deberes.net\/tesis\/wp-json\/wp\/v2\/posts\/80967","targetHints":{"allow":["GET"]}}],"collection":[{"href":"https:\/\/www.deberes.net\/tesis\/wp-json\/wp\/v2\/posts"}],"about":[{"href":"https:\/\/www.deberes.net\/tesis\/wp-json\/wp\/v2\/types\/post"}],"author":[{"embeddable":true,"href":"https:\/\/www.deberes.net\/tesis\/wp-json\/wp\/v2\/users\/1"}],"replies":[{"embeddable":true,"href":"https:\/\/www.deberes.net\/tesis\/wp-json\/wp\/v2\/comments?post=80967"}],"version-history":[{"count":0,"href":"https:\/\/www.deberes.net\/tesis\/wp-json\/wp\/v2\/posts\/80967\/revisions"}],"wp:attachment":[{"href":"https:\/\/www.deberes.net\/tesis\/wp-json\/wp\/v2\/media?parent=80967"}],"wp:term":[{"taxonomy":"category","embeddable":true,"href":"https:\/\/www.deberes.net\/tesis\/wp-json\/wp\/v2\/categories?post=80967"},{"taxonomy":"post_tag","embeddable":true,"href":"https:\/\/www.deberes.net\/tesis\/wp-json\/wp\/v2\/tags?post=80967"}],"curies":[{"name":"wp","href":"https:\/\/api.w.org\/{rel}","templated":true}]}}