{"id":80986,"date":"2018-03-10T00:04:48","date_gmt":"2018-03-10T00:04:48","guid":{"rendered":"https:\/\/www.deberes.net\/tesis\/sin-categoria\/interpretacion-y-compresion-en-nietzsche-y-heidegger\/"},"modified":"2018-03-10T00:04:48","modified_gmt":"2018-03-10T00:04:48","slug":"interpretacion-y-compresion-en-nietzsche-y-heidegger","status":"publish","type":"post","link":"https:\/\/www.deberes.net\/tesis\/filosofia\/interpretacion-y-compresion-en-nietzsche-y-heidegger\/","title":{"rendered":"Interpretaci\u00f3n y compresion en nietzsche y heidegger"},"content":{"rendered":"<h2>Tesis doctoral de <strong> Manuel Torres Vizcaya <\/strong><\/h2>\n<p>El objetivo del trabajo es la reconstrucci\u00f3n de la ausencia de nietzsche en ser y tiempo. Se quiere demostar que da obra de 1927 repite y prolonga la cr\u00edtica al l\u00f3gos iniciada por nietzsche y que ello se manifiesta en la conexi\u00f3n y vinculaci\u00f3n entre el concepto nietzscheano auslegung y el heideggeriano versthen. A trav\u00e9s de la vinculaci\u00f3n de estos conceptos se aprecia el intento com\u00fan de reconstruir un nuevo marco filos\u00f3fico que puede definirse como transformaci\u00f3n hermen\u00e9utica d ela filosof\u00eda. Se afirma la presencia de nietzshe en ser y tiempo y se reivindica el papel de aqu\u00e9l dentro del panorama hermen\u00e9utico.<\/p>\n<p>&nbsp;<\/p>\n<h3>Datos acad\u00e9micos de la tesis doctoral \u00ab<strong>Interpretaci\u00f3n y compresion en nietzsche y heidegger<\/strong>\u00ab<\/h3>\n<ul>\n<li><strong>T\u00edtulo de la tesis:<\/strong>\u00a0 Interpretaci\u00f3n y compresion en nietzsche y heidegger <\/li>\n<li><strong>Autor:<\/strong>\u00a0 Manuel Torres Vizcaya <\/li>\n<li><strong>Universidad:<\/strong>\u00a0 Salamanca<\/li>\n<li><strong>Fecha de lectura de la tesis:<\/strong>\u00a0 22\/10\/1999<\/li>\n<\/ul>\n<p>&nbsp;<\/p>\n<h3>Direcci\u00f3n y tribunal<\/h3>\n<ul>\n<li><strong>Director de la tesis<\/strong>\n<ul>\n<li>Arturo Leyte Coello<\/li>\n<\/ul>\n<\/li>\n<li><strong>Tribunal<\/strong>\n<ul>\n<li>Presidente del tribunal: Mar\u00eda no eugenio Alvarez gomez <\/li>\n<li>ramon Rodriguez garcia (vocal)<\/li>\n<li>Jos\u00e9 Mar\u00eda Garc\u00eda g\u00f3mez-heras (vocal)<\/li>\n<li>Manuel Barrios casares (vocal)<\/li>\n<\/ul>\n<\/li>\n<\/ul>\n<p>&nbsp;<\/p>\n","protected":false},"excerpt":{"rendered":"<p>Tesis doctoral de Manuel Torres Vizcaya El objetivo del trabajo es la reconstrucci\u00f3n de la ausencia de nietzsche en ser [&hellip;]<\/p>\n","protected":false},"author":1,"featured_media":0,"comment_status":"open","ping_status":"open","sticky":false,"template":"","format":"standard","meta":{"site-sidebar-layout":"default","site-content-layout":"","ast-site-content-layout":"","site-content-style":"default","site-sidebar-style":"default","ast-global-header-display":"","ast-banner-title-visibility":"","ast-main-header-display":"","ast-hfb-above-header-display":"","ast-hfb-below-header-display":"","ast-hfb-mobile-header-display":"","site-post-title":"","ast-breadcrumbs-content":"","ast-featured-img":"","footer-sml-layout":"","theme-transparent-header-meta":"","adv-header-id-meta":"","stick-header-meta":"","header-above-stick-meta":"","header-main-stick-meta":"","header-below-stick-meta":"","astra-migrate-meta-layouts":"default","ast-page-background-enabled":"default","ast-page-background-meta":{"desktop":{"background-color":"var(--ast-global-color-4)","background-image":"","background-repeat":"repeat","background-position":"center center","background-size":"auto","background-attachment":"scroll","background-type":"","background-media":"","overlay-type":"","overlay-color":"","overlay-gradient":""},"tablet":{"background-color":"","background-image":"","background-repeat":"repeat","background-position":"center center","background-size":"auto","background-attachment":"scroll","background-type":"","background-media":"","overlay-type":"","overlay-color":"","overlay-gradient":""},"mobile":{"background-color":"","background-image":"","background-repeat":"repeat","background-position":"center center","background-size":"auto","background-attachment":"scroll","background-type":"","background-media":"","overlay-type":"","overlay-color":"","overlay-gradient":""}},"ast-content-background-meta":{"desktop":{"background-color":"var(--ast-global-color-5)","background-image":"","background-repeat":"repeat","background-position":"center center","background-size":"auto","background-attachment":"scroll","background-type":"","background-media":"","overlay-type":"","overlay-color":"","overlay-gradient":""},"tablet":{"background-color":"var(--ast-global-color-5)","background-image":"","background-repeat":"repeat","background-position":"center center","background-size":"auto","background-attachment":"scroll","background-type":"","background-media":"","overlay-type":"","overlay-color":"","overlay-gradient":""},"mobile":{"background-color":"var(--ast-global-color-5)","background-image":"","background-repeat":"repeat","background-position":"center center","background-size":"auto","background-attachment":"scroll","background-type":"","background-media":"","overlay-type":"","overlay-color":"","overlay-gradient":""}},"footnotes":""},"categories":[5537,165,956,5342,6428,9386],"tags":[35097,18379,43554,173066,9811,6319],"class_list":["post-80986","post","type-post","status-publish","format-standard","hentry","category-epistemologia","category-filosofia","category-filosofia-del-conocimiento","category-filosofia-general","category-metafisica-y-ontologia","category-salamanca","tag-arturo-leyte-coello","tag-jose-maria-garcia-gomez-heras","tag-manuel-barrios-casares","tag-manuel-torres-vizcaya","tag-maria-no-eugenio-alvarez-gomez","tag-ramon-rodriguez-garcia"],"_links":{"self":[{"href":"https:\/\/www.deberes.net\/tesis\/wp-json\/wp\/v2\/posts\/80986","targetHints":{"allow":["GET"]}}],"collection":[{"href":"https:\/\/www.deberes.net\/tesis\/wp-json\/wp\/v2\/posts"}],"about":[{"href":"https:\/\/www.deberes.net\/tesis\/wp-json\/wp\/v2\/types\/post"}],"author":[{"embeddable":true,"href":"https:\/\/www.deberes.net\/tesis\/wp-json\/wp\/v2\/users\/1"}],"replies":[{"embeddable":true,"href":"https:\/\/www.deberes.net\/tesis\/wp-json\/wp\/v2\/comments?post=80986"}],"version-history":[{"count":0,"href":"https:\/\/www.deberes.net\/tesis\/wp-json\/wp\/v2\/posts\/80986\/revisions"}],"wp:attachment":[{"href":"https:\/\/www.deberes.net\/tesis\/wp-json\/wp\/v2\/media?parent=80986"}],"wp:term":[{"taxonomy":"category","embeddable":true,"href":"https:\/\/www.deberes.net\/tesis\/wp-json\/wp\/v2\/categories?post=80986"},{"taxonomy":"post_tag","embeddable":true,"href":"https:\/\/www.deberes.net\/tesis\/wp-json\/wp\/v2\/tags?post=80986"}],"curies":[{"name":"wp","href":"https:\/\/api.w.org\/{rel}","templated":true}]}}