{"id":81005,"date":"2018-03-10T00:04:48","date_gmt":"2018-03-10T00:04:48","guid":{"rendered":"https:\/\/www.deberes.net\/tesis\/sin-categoria\/perfil-funcional-del-competidor-de-lucha-leonesa-comparacion-con-otro-deporte-de-lucha-el-judo\/"},"modified":"2018-03-10T00:04:48","modified_gmt":"2018-03-10T00:04:48","slug":"perfil-funcional-del-competidor-de-lucha-leonesa-comparacion-con-otro-deporte-de-lucha-el-judo","status":"publish","type":"post","link":"https:\/\/www.deberes.net\/tesis\/ciencias-de-la-vida\/perfil-funcional-del-competidor-de-lucha-leonesa-comparacion-con-otro-deporte-de-lucha-el-judo\/","title":{"rendered":"Perfil funcional del competidor de lucha leonesa; comparacion con otro deporte de lucha, el judo."},"content":{"rendered":"<h2>Tesis doctoral de <strong> Mirella Mansilla Fernandez <\/strong><\/h2>\n<p>Con el objeto de establecer el perfiel funcional deluchadro seniro de lucha leonesa y con el de dlucidar si \u00e9ste es diferente en las distintas catergor\u00edas de peso, se procedi\u00f3 por un lado a determinar las caracter\u00edsticas cineantropom\u00e9tricas del luchador, evaluar sus cualidades f\u00edsicas m\u00e1s relevantes y vlorar los par\u00e1metros metab\u00f3licos y cardiovasculares subyacentes al esfuerzo del luchador, al mismo tiempo que se procede a realizar un an\u00e1lisis t\u00e9cnico de las diferentes acciones, ma\u00f1as y gestos t\u00e9cnicos predominantes en el combate.  adem\u00e1s, la realizaci\u00f3n de los mismos an\u00e1lisis en otro deprote de lucha, como el judo permitir\u00e1 comparar nuestros resultados con\u00e9ste, y poder determinar si existen requerimientos espec\u00edficos para practicar diferentes deportes de lucha y en qu\u00e9 medida \u00e9stos pueden ser comaptibles.  por \u00faltimo, y con el objeto de contribuir al control del entrenamiento del lucharo y judoka, se ha comparado el esfuerzo metab\u00f3lico del combate conel que implica la realizaci\u00f3n de un test de campo lactacid\u00e9mico denominado \u00abuchi-komis\u00bb en series, para as\u00ed poder identificar la condici\u00f3n metab\u00f3lica necesaria para afrontar los esfuerzos y disponer de un test de valoraci\u00f3n del entrenamiento.  en el presente trbajo participaron 61 sujetos de los cuales 33 eran luchadores de lucha leonesa (12 paertencientes a la catergor\u00eda de ligeros, 10 a la de medios y 11 a la de pesados), y 28 eran judokas (10 ligeros, 9 medios y 9 pesados).  el protocolo de pruebas o test que integran este estudio se realizaron durante el periodo de comeptici\u00f3n de cada modalidad de lucha estudiada. cada sujeto llev\u00f3 a cabo en 7 d\u00edas las pruebas del protocolo, distribuy\u00e9ndose \u00e9stas en 4 semanas. Las pruebas realziadas fueron: un estudio cineantropom\u00e9trico; el test \u00abreadl-abd\u00bb, dinamometr\u00eda manual y lumbar; el test de bosco y de abalokov; el test de flexibilidad \u00absit anda reach\u00bb, el test de la course-navaette; el test de cooper; co<\/p>\n<p>&nbsp;<\/p>\n<h3>Datos acad\u00e9micos de la tesis doctoral \u00ab<strong>Perfil funcional del competidor de lucha leonesa; comparacion con otro deporte de lucha, el judo.<\/strong>\u00ab<\/h3>\n<ul>\n<li><strong>T\u00edtulo de la tesis:<\/strong>\u00a0 Perfil funcional del competidor de lucha leonesa; comparacion con otro deporte de lucha, el judo. <\/li>\n<li><strong>Autor:<\/strong>\u00a0 Mirella Mansilla Fernandez <\/li>\n<li><strong>Universidad:<\/strong>\u00a0 Le\u00f3n<\/li>\n<li><strong>Fecha de lectura de la tesis:<\/strong>\u00a0 23\/10\/1999<\/li>\n<\/ul>\n<p>&nbsp;<\/p>\n<h3>Direcci\u00f3n y tribunal<\/h3>\n<ul>\n<li><strong>Director de la tesis<\/strong>\n<ul>\n<li>Jos\u00e9 Gerardo Villa Vicente<\/li>\n<\/ul>\n<\/li>\n<li><strong>Tribunal<\/strong>\n<ul>\n<li>Presidente del tribunal: javier Gonz\u00e1lez gallego <\/li>\n<li>nicol\u00e1s Terrados cepeda (vocal)<\/li>\n<li>vicent Carratala deval (vocal)<\/li>\n<li>Jos\u00e9 Antonio Cecchini estrada (vocal)<\/li>\n<\/ul>\n<\/li>\n<\/ul>\n<p>&nbsp;<\/p>\n","protected":false},"excerpt":{"rendered":"<p>Tesis doctoral de Mirella Mansilla Fernandez Con el objeto de establecer el perfiel funcional deluchadro seniro de lucha leonesa y [&hellip;]<\/p>\n","protected":false},"author":1,"featured_media":0,"comment_status":"open","ping_status":"open","sticky":false,"template":"","format":"standard","meta":{"site-sidebar-layout":"default","site-content-layout":"","ast-site-content-layout":"","site-content-style":"default","site-sidebar-style":"default","ast-global-header-display":"","ast-banner-title-visibility":"","ast-main-header-display":"","ast-hfb-above-header-display":"","ast-hfb-below-header-display":"","ast-hfb-mobile-header-display":"","site-post-title":"","ast-breadcrumbs-content":"","ast-featured-img":"","footer-sml-layout":"","theme-transparent-header-meta":"","adv-header-id-meta":"","stick-header-meta":"","header-above-stick-meta":"","header-main-stick-meta":"","header-below-stick-meta":"","astra-migrate-meta-layouts":"default","ast-page-background-enabled":"default","ast-page-background-meta":{"desktop":{"background-color":"var(--ast-global-color-4)","background-image":"","background-repeat":"repeat","background-position":"center center","background-size":"auto","background-attachment":"scroll","background-type":"","background-media":"","overlay-type":"","overlay-color":"","overlay-gradient":""},"tablet":{"background-color":"","background-image":"","background-repeat":"repeat","background-position":"center center","background-size":"auto","background-attachment":"scroll","background-type":"","background-media":"","overlay-type":"","overlay-color":"","overlay-gradient":""},"mobile":{"background-color":"","background-image":"","background-repeat":"repeat","background-position":"center center","background-size":"auto","background-attachment":"scroll","background-type":"","background-media":"","overlay-type":"","overlay-color":"","overlay-gradient":""}},"ast-content-background-meta":{"desktop":{"background-color":"var(--ast-global-color-5)","background-image":"","background-repeat":"repeat","background-position":"center center","background-size":"auto","background-attachment":"scroll","background-type":"","background-media":"","overlay-type":"","overlay-color":"","overlay-gradient":""},"tablet":{"background-color":"var(--ast-global-color-5)","background-image":"","background-repeat":"repeat","background-position":"center center","background-size":"auto","background-attachment":"scroll","background-type":"","background-media":"","overlay-type":"","overlay-color":"","overlay-gradient":""},"mobile":{"background-color":"var(--ast-global-color-5)","background-image":"","background-repeat":"repeat","background-position":"center center","background-size":"auto","background-attachment":"scroll","background-type":"","background-media":"","overlay-type":"","overlay-color":"","overlay-gradient":""}},"footnotes":""},"categories":[35,3664,817,4430],"tags":[9692,51251,60853,173094,13256,41954],"class_list":["post-81005","post","type-post","status-publish","format-standard","hentry","category-ciencias-de-la-vida","category-fisiologia-del-ejercicio","category-fisiologia-humana","category-leon","tag-javier-gonzalez-gallego","tag-jose-antonio-cecchini-estrada","tag-jose-gerardo-villa-vicente","tag-mirella-mansilla-fernandez","tag-nicolas-terrados-cepeda","tag-vicent-carratala-deval"],"_links":{"self":[{"href":"https:\/\/www.deberes.net\/tesis\/wp-json\/wp\/v2\/posts\/81005","targetHints":{"allow":["GET"]}}],"collection":[{"href":"https:\/\/www.deberes.net\/tesis\/wp-json\/wp\/v2\/posts"}],"about":[{"href":"https:\/\/www.deberes.net\/tesis\/wp-json\/wp\/v2\/types\/post"}],"author":[{"embeddable":true,"href":"https:\/\/www.deberes.net\/tesis\/wp-json\/wp\/v2\/users\/1"}],"replies":[{"embeddable":true,"href":"https:\/\/www.deberes.net\/tesis\/wp-json\/wp\/v2\/comments?post=81005"}],"version-history":[{"count":0,"href":"https:\/\/www.deberes.net\/tesis\/wp-json\/wp\/v2\/posts\/81005\/revisions"}],"wp:attachment":[{"href":"https:\/\/www.deberes.net\/tesis\/wp-json\/wp\/v2\/media?parent=81005"}],"wp:term":[{"taxonomy":"category","embeddable":true,"href":"https:\/\/www.deberes.net\/tesis\/wp-json\/wp\/v2\/categories?post=81005"},{"taxonomy":"post_tag","embeddable":true,"href":"https:\/\/www.deberes.net\/tesis\/wp-json\/wp\/v2\/tags?post=81005"}],"curies":[{"name":"wp","href":"https:\/\/api.w.org\/{rel}","templated":true}]}}