{"id":81026,"date":"2018-03-10T00:04:48","date_gmt":"2018-03-10T00:04:48","guid":{"rendered":"https:\/\/www.deberes.net\/tesis\/sin-categoria\/analisis-jura%c2%addico-del-dominio-publico-minero-crisis-del-modelo-y-propuesta-de-revision\/"},"modified":"2018-03-10T00:04:48","modified_gmt":"2018-03-10T00:04:48","slug":"analisis-jura%c2%addico-del-dominio-publico-minero-crisis-del-modelo-y-propuesta-de-revision","status":"publish","type":"post","link":"https:\/\/www.deberes.net\/tesis\/ciencias-juridicas-y-derecho\/analisis-jura%c2%addico-del-dominio-publico-minero-crisis-del-modelo-y-propuesta-de-revision\/","title":{"rendered":"An\u00e1lisis jur\u00eddico del dominio p\u00fablico minero. crisis del modelo y propuesta de revisi\u00f3n"},"content":{"rendered":"<h2>Tesis doctoral de <strong> Elisa Moreu Carbonell <\/strong><\/h2>\n<p>El prop\u00f3sito de la memoria ha sido descubrir las lagunas del modelo tradicional de ordenaci\u00f3n de las actividades extractivas y, a partir de all\u00ed, proponer un modelo alternativo.  el dominio p\u00fablico de las minas debe ser superado y sustituido por una reserva de la actividad al sector p\u00fablico, acudiendo a la previsi\u00f3n del art\u00edculo 128.2 de la constituci\u00f3n espa\u00f1ola.  s\u00f3lo as\u00ed se conseguir\u00e1 adaptar el r\u00e9gimen jur\u00eddico de las actividades extractivas en el estado auton\u00f3mico al sistema concesional, p\u00fablico y de concurrencia competitiva, eliminando derechos preexistentes, principalmente de la propiedad del suelo.<\/p>\n<p>&nbsp;<\/p>\n<h3>Datos acad\u00e9micos de la tesis doctoral \u00ab<strong>An\u00e1lisis jur\u00eddico del dominio p\u00fablico minero. crisis del modelo y propuesta de revisi\u00f3n<\/strong>\u00ab<\/h3>\n<ul>\n<li><strong>T\u00edtulo de la tesis:<\/strong>\u00a0 An\u00e1lisis jur\u00eddico del dominio p\u00fablico minero. crisis del modelo y propuesta de revisi\u00f3n <\/li>\n<li><strong>Autor:<\/strong>\u00a0 Elisa Moreu Carbonell <\/li>\n<li><strong>Universidad:<\/strong>\u00a0 Zaragoza<\/li>\n<li><strong>Fecha de lectura de la tesis:<\/strong>\u00a0 26\/10\/1999<\/li>\n<\/ul>\n<p>&nbsp;<\/p>\n<h3>Direcci\u00f3n y tribunal<\/h3>\n<ul>\n<li><strong>Director de la tesis<\/strong>\n<ul>\n<li>Jose Bermejo Vera<\/li>\n<\/ul>\n<\/li>\n<li><strong>Tribunal<\/strong>\n<ul>\n<li>Presidente del tribunal:  Garc\u00eda de enterr\u00eda eduardo <\/li>\n<li>Fernando Sainz moreno (vocal)<\/li>\n<li>Rafael Entrena cuesta (vocal)<\/li>\n<li>tomas Quintana lopez (vocal)<\/li>\n<\/ul>\n<\/li>\n<\/ul>\n<p>&nbsp;<\/p>\n","protected":false},"excerpt":{"rendered":"<p>Tesis doctoral de Elisa Moreu Carbonell El prop\u00f3sito de la memoria ha sido descubrir las lagunas del modelo tradicional de [&hellip;]<\/p>\n","protected":false},"author":1,"featured_media":0,"comment_status":"open","ping_status":"open","sticky":false,"template":"","format":"standard","meta":{"site-sidebar-layout":"default","site-content-layout":"","ast-site-content-layout":"","site-content-style":"default","site-sidebar-style":"default","ast-global-header-display":"","ast-banner-title-visibility":"","ast-main-header-display":"","ast-hfb-above-header-display":"","ast-hfb-below-header-display":"","ast-hfb-mobile-header-display":"","site-post-title":"","ast-breadcrumbs-content":"","ast-featured-img":"","footer-sml-layout":"","theme-transparent-header-meta":"","adv-header-id-meta":"","stick-header-meta":"","header-above-stick-meta":"","header-main-stick-meta":"","header-below-stick-meta":"","astra-migrate-meta-layouts":"default","ast-page-background-enabled":"default","ast-page-background-meta":{"desktop":{"background-color":"var(--ast-global-color-4)","background-image":"","background-repeat":"repeat","background-position":"center center","background-size":"auto","background-attachment":"scroll","background-type":"","background-media":"","overlay-type":"","overlay-color":"","overlay-gradient":""},"tablet":{"background-color":"","background-image":"","background-repeat":"repeat","background-position":"center center","background-size":"auto","background-attachment":"scroll","background-type":"","background-media":"","overlay-type":"","overlay-color":"","overlay-gradient":""},"mobile":{"background-color":"","background-image":"","background-repeat":"repeat","background-position":"center center","background-size":"auto","background-attachment":"scroll","background-type":"","background-media":"","overlay-type":"","overlay-color":"","overlay-gradient":""}},"ast-content-background-meta":{"desktop":{"background-color":"var(--ast-global-color-5)","background-image":"","background-repeat":"repeat","background-position":"center center","background-size":"auto","background-attachment":"scroll","background-type":"","background-media":"","overlay-type":"","overlay-color":"","overlay-gradient":""},"tablet":{"background-color":"var(--ast-global-color-5)","background-image":"","background-repeat":"repeat","background-position":"center center","background-size":"auto","background-attachment":"scroll","background-type":"","background-media":"","overlay-type":"","overlay-color":"","overlay-gradient":""},"mobile":{"background-color":"var(--ast-global-color-5)","background-image":"","background-repeat":"repeat","background-position":"center center","background-size":"auto","background-attachment":"scroll","background-type":"","background-media":"","overlay-type":"","overlay-color":"","overlay-gradient":""}},"footnotes":""},"categories":[612,1442,979,13610],"tags":[173129,7137,17443,23359,1446,61158],"class_list":["post-81026","post","type-post","status-publish","format-standard","hentry","category-ciencias-juridicas-y-derecho","category-derecho-administrativo","category-derecho-y-legislacion-nacionales","category-zaragoza","tag-elisa-moreu-carbonell","tag-fernando-sainz-moreno","tag-garcia-de-enterria-eduardo","tag-jose-bermejo-vera","tag-rafael-entrena-cuesta","tag-tomas-quintana-lopez"],"_links":{"self":[{"href":"https:\/\/www.deberes.net\/tesis\/wp-json\/wp\/v2\/posts\/81026","targetHints":{"allow":["GET"]}}],"collection":[{"href":"https:\/\/www.deberes.net\/tesis\/wp-json\/wp\/v2\/posts"}],"about":[{"href":"https:\/\/www.deberes.net\/tesis\/wp-json\/wp\/v2\/types\/post"}],"author":[{"embeddable":true,"href":"https:\/\/www.deberes.net\/tesis\/wp-json\/wp\/v2\/users\/1"}],"replies":[{"embeddable":true,"href":"https:\/\/www.deberes.net\/tesis\/wp-json\/wp\/v2\/comments?post=81026"}],"version-history":[{"count":0,"href":"https:\/\/www.deberes.net\/tesis\/wp-json\/wp\/v2\/posts\/81026\/revisions"}],"wp:attachment":[{"href":"https:\/\/www.deberes.net\/tesis\/wp-json\/wp\/v2\/media?parent=81026"}],"wp:term":[{"taxonomy":"category","embeddable":true,"href":"https:\/\/www.deberes.net\/tesis\/wp-json\/wp\/v2\/categories?post=81026"},{"taxonomy":"post_tag","embeddable":true,"href":"https:\/\/www.deberes.net\/tesis\/wp-json\/wp\/v2\/tags?post=81026"}],"curies":[{"name":"wp","href":"https:\/\/api.w.org\/{rel}","templated":true}]}}